{"id":20142,"date":"2013-12-30T17:56:35","date_gmt":"2013-12-30T14:56:35","guid":{"rendered":"https:\/\/www.enerjigazetesi.ist\/?p=20142"},"modified":"2013-12-30T17:56:35","modified_gmt":"2013-12-30T14:56:35","slug":"termik-santrallere-cevre-kirliligi-icin-5-yil-para-cezasi-uygulanamayacak","status":"publish","type":"post","link":"https:\/\/www.enerjigazetesi.ist\/en\/termik-santrallere-cevre-kirliligi-icin-5-yil-para-cezasi-uygulanamayacak\/","title":{"rendered":"(Turkish) Termik Santrallere \u00c7evre Kirlili\u011fi \u0130\u00e7in 5 Y\u0131l Para Cezas\u0131 Uygulanamayacak!"},"content":{"rendered":"<p class=\"qtranxs-available-languages-message qtranxs-available-languages-message-en\">Sorry, this entry is only available in <a href=\"https:\/\/www.enerjigazetesi.ist\/tr\/wp-json\/wp\/v2\/posts\/20142\" class=\"qtranxs-available-language-link qtranxs-available-language-link-tr\" title=\"Turkish\">Turkish<\/a>. For the sake of viewer convenience, the content is shown below in the alternative language. You may click the link to switch the active language.<\/p><p><strong>Elektrik Piyasas\u0131 Kanunu\u2019na g\u00f6re Termik santrallere \u00e7evre kirlili\u011fi nedeniyle 5 y\u0131l idari para cezas\u0131 uygulanamayacak. Elektrik Piyasas\u0131 Kanunu\u2019na g\u00f6re Af\u015fin-Elbistan A ve B Termik Santrali\u2019ne 2018 y\u0131l\u0131na kadar \u00e7evre kirlili\u011fi dolay\u0131s\u0131yla idar\u00ee para cezas\u0131 uygulanamayacak ve bu gerek\u00e7eyle de elektrik \u00fcretimi durdurulamayacak. 29 y\u0131ld\u0131r baca gaz\u0131 ar\u0131tma tesisi olmadan \u00e7al\u0131\u015fan santralden \u00e7evreye kansere yol a\u00e7an tonlarca k\u00fcl ya\u011f\u0131yor.<\/strong><\/p>\n<p>Kahramanmara\u015f\u2019taki Af\u015fin-Elbistan Santrali, 2013 Mart ay\u0131nda y\u00fcr\u00fcrl\u00fc\u011fe giren Elektrik Piyasas\u0131 Kanunu \u00e7er\u00e7evesinde \u00e7evre kirlili\u011fi dolay\u0131s\u0131yla ceza kesilebilecek kurumlar listesinden \u00e7\u0131kar\u0131ld\u0131. Her iki santrale de \u00e7evreyle ilgili mevzuatlara uygunlu\u011fun sa\u011flanmas\u0131 i\u00e7in 2018 y\u0131l\u0131na kadar s\u00fcre tan\u0131nd\u0131. T\u00fcrkiye\u2019nin en b\u00fcy\u00fck linyit k\u00f6m\u00fcr\u00fc rezervine sahip Af\u015fin-Elbistan b\u00f6lgesindeki A ve B termik santralleri, \u00e7evreye verdi\u011fi zara<a href=\"https:\/\/www.enerjigazetesi.ist\/wp-content\/uploads\/2013\/12\/termik-santrallere-cevre-kirliligi-icin-5-yil-para-cezasi-uygulanamayacak.jpg\"><img loading=\"lazy\" class=\"alignleft size-medium wp-image-20143\" title=\"termik-santrallere-cevre-kirliligi-icin-5-yil-para-cezasi-uygulanamayacak\" src=\"https:\/\/www.enerjigazetesi.ist\/wp-content\/uploads\/2013\/12\/termik-santrallere-cevre-kirliligi-icin-5-yil-para-cezasi-uygulanamayacak-300x205.jpg\" alt=\"\" width=\"300\" height=\"205\" srcset=\"https:\/\/www.enerjigazetesi.ist\/wp-content\/uploads\/2013\/12\/termik-santrallere-cevre-kirliligi-icin-5-yil-para-cezasi-uygulanamayacak-300x205.jpg 300w, https:\/\/www.enerjigazetesi.ist\/wp-content\/uploads\/2013\/12\/termik-santrallere-cevre-kirliligi-icin-5-yil-para-cezasi-uygulanamayacak-73x50.jpg 73w, https:\/\/www.enerjigazetesi.ist\/wp-content\/uploads\/2013\/12\/termik-santrallere-cevre-kirliligi-icin-5-yil-para-cezasi-uygulanamayacak.jpg 482w\" sizes=\"(max-width: 300px) 100vw, 300px\" \/><\/a>r dolay\u0131s\u0131yla defalarca \u00c7evre ve \u015eehircilik \u0130l M\u00fcd\u00fcrl\u00fc\u011f\u00fc taraf\u0131ndan idari para cezas\u0131na \u00e7arpt\u0131r\u0131ld\u0131.<\/p>\n<p>Ge\u00e7ti\u011fimiz 10 y\u0131lda \u00e7evreye 38,7 milyon ton k\u00fcl, 117,4 milyon ton karbondioksit, 5,8 milyon ton k\u00fck\u00fcrt gaz\u0131, 0,28 milyon ton azot gaz\u0131 yayd\u0131; bunun yan\u0131 s\u0131ra 23 milyon ton toryum ve 56,7 ton uranyumu \u00e7evreye b\u0131rakan A Termik Santrali\u2019ne Ocak 2013 tarihinde kesilen son cezan\u0131n miktar\u0131 160 bin TL.<\/p>\n<p>2013 Mart ay\u0131nda y\u00fcr\u00fcrl\u00fc\u011fe giren Elektrik Piyasas\u0131 Kanunu\u2019ndaki \u2018idari para cezas\u0131 yaz\u0131lamaz\u2019 h\u00fckm\u00fc de en \u00e7ok Af\u015fin-Elbistan A Termik Santrali\u2019ni ilgilendiriyor. \u00d6yle ki, daha \u00f6nceki y\u0131llarda da elektro filtrelerindeki ar\u0131zalar sebebiyle \u00e7evreye k\u00fcl sal\u0131nan A Termik, ge\u00e7ti\u011fimiz haftalarda da ayn\u0131 konuyla g\u00fcndeme geldi. Enerji sekt\u00f6r\u00fcne sa\u011flad\u0131\u011f\u0131 katk\u0131 kadar \u00e7evreye verdi\u011fi zararla da konu\u015fulan, mekanik \u00f6mr\u00fcn\u00fc tamamlayan santralin ceza verilemeyecek kurumlar listesine dahil edilmesi kanundaki en dikkat \u00e7ekici nokta olarak de\u011ferlendiriliyor.<\/p>\n<p>Zamana gazetesinin haberine g\u00f6re, Sa\u011fl\u0131k Bakanl\u0131\u011f\u0131 Kanserle Sava\u015f Daire B\u015fk. Prof. Dr. Murat Tuncer , b\u00f6lgedeki tehlikeye dikkat \u00e7ekiyor. Tuncer\u2019e g\u00f6re santralin havaya sald\u0131\u011f\u0131 toz k\u00fck\u00fcrtdioksit y\u00fcz\u00fcnden \u00f6n\u00fcm\u00fczdeki y\u0131llarda kanser vakalar\u0131nda art\u0131\u015f g\u00f6r\u00fclecek. Gazi \u00dcniversitesi \u00d6\u011fretim G\u00f6revlisi Do\u00e7. Dr. Mehmet \u015eahin de b\u00f6lgedeki kirlili\u011fin boyutunu \u00c7ernobil\u2019deki faciadan 100 kat daha tehlikeli g\u00f6r\u00fcyor.<\/p>\n<p>Kaynak: <a href=\"http:\/\/enerjienstitusu.com\/2013\/12\/30\/termik-santrallere-cevre-kirliligi-icin-5-yil-para-cezasi-uygulanamayacak\/\" target=\"_blank\">Enerji Enstit\u00fcs\u00fc<\/a><\/p>","protected":false},"excerpt":{"rendered":"<p>Sorry, this entry is only available in Turkish. For the sake of viewer convenience, the content is shown below in the alternative language. You may click the link to switch the active language.Elektrik Piyasas\u0131 Kanunu\u2019na g\u00f6re Termik santrallere \u00e7evre kirlili\u011fi nedeniyle 5 y\u0131l idari para cezas\u0131 uygulanamayacak. Elektrik Piyasas\u0131 Kanunu\u2019na g\u00f6re Af\u015fin-Elbistan A ve B [&hellip;]<\/p>\n","protected":false},"author":1,"featured_media":20143,"comment_status":"open","ping_status":"open","sticky":false,"template":"","format":"standard","meta":[],"categories":[53],"tags":[11722,2050,1588,19,63,67,1009,165,11723,6756,11724,11721,2262],"views":1020,"_links":{"self":[{"href":"https:\/\/www.enerjigazetesi.ist\/en\/wp-json\/wp\/v2\/posts\/20142"}],"collection":[{"href":"https:\/\/www.enerjigazetesi.ist\/en\/wp-json\/wp\/v2\/posts"}],"about":[{"href":"https:\/\/www.enerjigazetesi.ist\/en\/wp-json\/wp\/v2\/types\/post"}],"author":[{"embeddable":true,"href":"https:\/\/www.enerjigazetesi.ist\/en\/wp-json\/wp\/v2\/users\/1"}],"replies":[{"embeddable":true,"href":"https:\/\/www.enerjigazetesi.ist\/en\/wp-json\/wp\/v2\/comments?post=20142"}],"version-history":[{"count":1,"href":"https:\/\/www.enerjigazetesi.ist\/en\/wp-json\/wp\/v2\/posts\/20142\/revisions"}],"predecessor-version":[{"id":20144,"href":"https:\/\/www.enerjigazetesi.ist\/en\/wp-json\/wp\/v2\/posts\/20142\/revisions\/20144"}],"wp:featuredmedia":[{"embeddable":true,"href":"https:\/\/www.enerjigazetesi.ist\/en\/wp-json\/wp\/v2\/media\/20143"}],"wp:attachment":[{"href":"https:\/\/www.enerjigazetesi.ist\/en\/wp-json\/wp\/v2\/media?parent=20142"}],"wp:term":[{"taxonomy":"category","embeddable":true,"href":"https:\/\/www.enerjigazetesi.ist\/en\/wp-json\/wp\/v2\/categories?post=20142"},{"taxonomy":"post_tag","embeddable":true,"href":"https:\/\/www.enerjigazetesi.ist\/en\/wp-json\/wp\/v2\/tags?post=20142"}],"curies":[{"name":"wp","href":"https:\/\/api.w.org\/{rel}","templated":true}]}}