{"id":201394,"date":"2025-10-28T20:20:41","date_gmt":"2025-10-28T17:20:41","guid":{"rendered":"https:\/\/www.enerjigazetesi.ist\/?p=201394"},"modified":"2025-10-28T20:20:41","modified_gmt":"2025-10-28T17:20:41","slug":"sehrin-yeni-kurali-20-dakika","status":"publish","type":"post","link":"https:\/\/www.enerjigazetesi.ist\/en\/sehrin-yeni-kurali-20-dakika\/","title":{"rendered":"(Turkish) \u015eehrin Yeni Kural\u0131: 20 Dakika"},"content":{"rendered":"<p class=\"qtranxs-available-languages-message qtranxs-available-languages-message-en\">Sorry, this entry is only available in <a href=\"https:\/\/www.enerjigazetesi.ist\/tr\/wp-json\/wp\/v2\/posts\/201394\" class=\"qtranxs-available-language-link qtranxs-available-language-link-tr\" title=\"Turkish\">Turkish<\/a>. For the sake of viewer convenience, the content is shown below in the alternative language. You may click the link to switch the active language.<\/p><p><\/p>\n<h2><strong>Aura Design Studio Kurucusu Mimar Filiz Cingi Yurdakul, s\u00fcrd\u00fcr\u00fclebilir ve eri\u015filebilir \u015fehir vizyonunun merkezine yerle\u015ftirdi\u011fi \u201c20 Dakika \u015eehir\u201d yakla\u015f\u0131m\u0131yla, gelece\u011fin kentlerinin insan \u00f6l\u00e7e\u011finde yeniden tan\u0131mlanmas\u0131 gerekti\u011fini vurguluyor.<\/strong><\/h2>\n<p><img loading=\"lazy\" class=\"aligncenter wp-image-201395\" src=\"https:\/\/www.enerjigazetesi.ist\/wp-content\/uploads\/2025\/10\/1761650898_56550-300x300.jpg\" alt=\"\" width=\"550\" height=\"550\" srcset=\"https:\/\/www.enerjigazetesi.ist\/wp-content\/uploads\/2025\/10\/1761650898_56550-300x300.jpg 300w, https:\/\/www.enerjigazetesi.ist\/wp-content\/uploads\/2025\/10\/1761650898_56550-150x150.jpg 150w, https:\/\/www.enerjigazetesi.ist\/wp-content\/uploads\/2025\/10\/1761650898_56550-400x400.jpg 400w, https:\/\/www.enerjigazetesi.ist\/wp-content\/uploads\/2025\/10\/1761650898_56550-50x50.jpg 50w, https:\/\/www.enerjigazetesi.ist\/wp-content\/uploads\/2025\/10\/1761650898_56550-100x100.jpg 100w, https:\/\/www.enerjigazetesi.ist\/wp-content\/uploads\/2025\/10\/1761650898_56550.jpg 480w\" sizes=\"(max-width: 550px) 100vw, 550px\" \/><\/p>\n<p>Yurdakul\u2019un tan\u0131mlad\u0131\u011f\u0131 bu modele g\u00f6re \u015fehir; g\u0131da, e\u011fitim, sa\u011fl\u0131k, k\u00fclt\u00fcr ve spor gibi temel ihtiya\u00e7lara y\u00fcr\u00fcyerek veya bisikletle 15\u201320 dakikada ula\u015f\u0131labilen bir d\u00fczende planlan\u0131yor.<br \/>\nBu yakla\u015f\u0131m, bireyin ya\u015fad\u0131\u011f\u0131 \u00e7evreyle kurdu\u011fu ba\u011f\u0131 g\u00fc\u00e7lendirirken daha sa\u011fl\u0131kl\u0131, sosyal ve s\u00fcrd\u00fcr\u00fclebilir bir ya\u015fam bi\u00e7imini te\u015fvik ediyor.<\/p>\n<p><em>\u201c20 Dakika \u015eehir kavram\u0131, kentin yaln\u0131zca bir bar\u0131nma alan\u0131 de\u011fil, ya\u015fam\u0131n ta kendisi oldu\u011funu hat\u0131rlat\u0131yor.<\/em><br \/>\n<em>\u00a0Mimarl\u0131k art\u0131k sadece yap\u0131 \u00fcretmek de\u011fil; do\u011fayla, insanla ve zamanla uyumlu bir ya\u015fam ekosistemi kurmak anlam\u0131na geliyor.\u201d<\/em> diyor Yurdakul.<\/p>\n<h3><strong>K\u00f6kleri Anadolu\u2019da, Y\u00f6n\u00fc Gelecekte<\/strong><\/h3>\n<p>Yurdakul, bu yakla\u015f\u0131m\u0131n asl\u0131nda Anadolu \u015fehirlerinin geleneksel mahalle k\u00fclt\u00fcr\u00fcnden beslendi\u011fini belirtiyor:<em> \u201cBizim \u015fehircilik gelene\u011fimizde mahalle, ya\u015fam\u0131n kalbinin att\u0131\u011f\u0131 \u00e7ekirdektir. Ge\u00e7mi\u015fte cami, okul, hamam gibi yap\u0131lar\u0131n etraf\u0131nda \u015fekillenen bu d\u00fczen, bug\u00fcn \u00e7a\u011fda\u015f planlama ilkeleriyle yeniden yorumlan\u0131yor,\u201d<\/em> diyor.<\/p>\n<p>Yeni \u015fehir modelinde art\u0131k merkezde sadece ticaret de\u011fil; parklar, sa\u011fl\u0131k merkezleri, e\u011fitim alanlar\u0131 ve topluluk mek\u00e2nlar\u0131 da yer al\u0131yor. Ama\u00e7, herkes i\u00e7in eri\u015filebilir, g\u00fcvenli ve kapsay\u0131c\u0131 \u015fehir ya\u015famlar\u0131 kurmak.<\/p>\n<p>Modelin T\u00fcrkiye\u2019de uygulanabilirli\u011fine de de\u011finen Yurdakul, b\u00fcy\u00fck \u015fehirlerin zorluklar\u0131na ra\u011fmen \u00f6nemli f\u0131rsatlar bulundu\u011funu vurguluyor: <em>\u201cKentsel d\u00f6n\u00fc\u015f\u00fcm b\u00f6lgeleri, rayl\u0131 sistem koridorlar\u0131 ve at\u0131l parseller, bu modelin \u00e7a\u011fda\u015f kar\u015f\u0131l\u0131\u011f\u0131n\u0131 kurmak i\u00e7in b\u00fcy\u00fck potansiyel ta\u015f\u0131yor.<\/em><\/p>\n<p><em>Mesele yaln\u0131zca yap\u0131lar\u0131 de\u011fil, kamusal alanlar\u0131 da canl\u0131, eri\u015filebilir ve ya\u015fanabilir k\u0131labilmek.\u201d<\/em><\/p>\n<p>Yurdakul, Paris, Melbourne, Barcelona ve Kopenhag gibi \u015fehirlerin bu modeli ba\u015far\u0131yla uygulad\u0131\u011f\u0131n\u0131; T\u00fcrkiye\u2019de ise Eski\u015fehir Hamamyolu Urbandeck ve Rami K\u00fct\u00fcphanesi \u00e7evre d\u00fczenlemesi gibi projelerin, insan \u00f6l\u00e7e\u011finde planlaman\u0131n d\u00f6n\u00fc\u015ft\u00fcr\u00fcc\u00fc g\u00fcc\u00fcn\u00fc g\u00f6sterdi\u011fini s\u00f6yl\u00fcyor.<\/p>\n<h3><strong>Mimarl\u0131k, Hayat\u0131n Ak\u0131\u015f\u0131na Sahne Kurmakt\u0131r<\/strong><\/h3>\n<p>Aura Design Studio\u2019nun projelerinde de bu felsefe g\u00fc\u00e7l\u00fc bi\u00e7imde hissediliyor.<br \/>\nYurdakul, \u201c<em>Biz konut, ofis, ticaret ve rekreasyon fonksiyonlar\u0131n\u0131 bir araya getirerek kullan\u0131c\u0131ya zaman kazand\u0131ran, hayat\u0131n farkl\u0131 senaryolar\u0131n\u0131 birbirine ba\u011flayan alanlar tasarl\u0131yoruz,\u201d<\/em> diyor.<\/p>\n<p><em>\u201cMimarl\u0131k yaln\u0131zca bina yapmak de\u011fildir. As\u0131l mesele, s\u00fcrd\u00fcr\u00fclebilir ve payla\u015f\u0131labilir bir ya\u015fam\u0131n sahnesini kurmakt\u0131r. 20 Dakika \u015eehir yakla\u015f\u0131m\u0131, gelece\u011fin kentlerine y\u00f6n veren bir ya\u015fam k\u00fclt\u00fcr\u00fcd\u00fcr ve bu k\u00fclt\u00fcr\u00fcn mek\u00e2nsal kar\u015f\u0131l\u0131\u011f\u0131n\u0131 yaratmak, bizim en b\u00fcy\u00fck sorumlulu\u011fumuzdur.\u201d<\/em> dedi.<\/p>\n<p>Yay\u0131na Alan: Alperen ERTA\u015e-<a href=\"http:\/\/alperen.ertas@enerjigazetesi.ist\">alperen.ertas@enerjigazetesi.ist<\/a><\/p>","protected":false},"excerpt":{"rendered":"<p>Sorry, this entry is only available in Turkish. For the sake of viewer convenience, the content is shown below in the alternative language. You may click the link to switch the active language. Aura Design Studio Kurucusu Mimar Filiz Cingi Yurdakul, s\u00fcrd\u00fcr\u00fclebilir ve eri\u015filebilir \u015fehir vizyonunun merkezine yerle\u015ftirdi\u011fi \u201c20 Dakika \u015eehir\u201d yakla\u015f\u0131m\u0131yla, gelece\u011fin kentlerinin insan [&hellip;]<\/p>\n","protected":false},"author":19,"featured_media":201395,"comment_status":"open","ping_status":"open","sticky":false,"template":"","format":"standard","meta":[],"categories":[53],"tags":[117445,67,117447,35176,117446],"views":15,"_links":{"self":[{"href":"https:\/\/www.enerjigazetesi.ist\/en\/wp-json\/wp\/v2\/posts\/201394"}],"collection":[{"href":"https:\/\/www.enerjigazetesi.ist\/en\/wp-json\/wp\/v2\/posts"}],"about":[{"href":"https:\/\/www.enerjigazetesi.ist\/en\/wp-json\/wp\/v2\/types\/post"}],"author":[{"embeddable":true,"href":"https:\/\/www.enerjigazetesi.ist\/en\/wp-json\/wp\/v2\/users\/19"}],"replies":[{"embeddable":true,"href":"https:\/\/www.enerjigazetesi.ist\/en\/wp-json\/wp\/v2\/comments?post=201394"}],"version-history":[{"count":0,"href":"https:\/\/www.enerjigazetesi.ist\/en\/wp-json\/wp\/v2\/posts\/201394\/revisions"}],"wp:featuredmedia":[{"embeddable":true,"href":"https:\/\/www.enerjigazetesi.ist\/en\/wp-json\/wp\/v2\/media\/201395"}],"wp:attachment":[{"href":"https:\/\/www.enerjigazetesi.ist\/en\/wp-json\/wp\/v2\/media?parent=201394"}],"wp:term":[{"taxonomy":"category","embeddable":true,"href":"https:\/\/www.enerjigazetesi.ist\/en\/wp-json\/wp\/v2\/categories?post=201394"},{"taxonomy":"post_tag","embeddable":true,"href":"https:\/\/www.enerjigazetesi.ist\/en\/wp-json\/wp\/v2\/tags?post=201394"}],"curies":[{"name":"wp","href":"https:\/\/api.w.org\/{rel}","templated":true}]}}