{"id":201375,"date":"2025-10-28T19:29:58","date_gmt":"2025-10-28T16:29:58","guid":{"rendered":"https:\/\/www.enerjigazetesi.ist\/?p=201375"},"modified":"2025-10-28T19:29:58","modified_gmt":"2025-10-28T16:29:58","slug":"naturelgazin-ilk-dokuz-ayda-net-kari-533-milyon-tlnin-ustunde","status":"publish","type":"post","link":"https:\/\/www.enerjigazetesi.ist\/en\/naturelgazin-ilk-dokuz-ayda-net-kari-533-milyon-tlnin-ustunde\/","title":{"rendered":"(Turkish) &#8217;Naturelgaz&#8217;\u0131n \u0130lk Dokuz Ayda Net Kar\u0131 533 Milyon TL\u2019nin \u00dcst\u00fcnde&#8230;"},"content":{"rendered":"<p class=\"qtranxs-available-languages-message qtranxs-available-languages-message-en\">Sorry, this entry is only available in <a href=\"https:\/\/www.enerjigazetesi.ist\/tr\/wp-json\/wp\/v2\/posts\/201375\" class=\"qtranxs-available-language-link qtranxs-available-language-link-tr\" title=\"Turkish\">Turkish<\/a>. For the sake of viewer convenience, the content is shown below in the alternative language. You may click the link to switch the active language.<\/p><p><\/p>\n<h2><strong>Ta\u015f\u0131mal\u0131 do\u011fal gaz pazar\u0131nda faaliyet g\u00f6steren Naturelgaz, 2025 y\u0131l\u0131n\u0131n ilk dokuz ay\u0131na y\u00f6nelik finansal sonu\u00e7lar\u0131n\u0131 a\u00e7\u0131klad\u0131. \u015eirket, 2025 y\u0131l\u0131n\u0131n ilk dokuz ay\u0131nda bir \u00f6nceki y\u0131l\u0131n ayn\u0131 d\u00f6nemine g\u00f6re sat\u0131\u015f hacmini y\u00fczde 16 art\u0131rarak, 248 milyon Sm<sup>3<\/sup>\u2019e \u00e7\u0131kard\u0131. Bu d\u00f6nemde FAV\u00d6K\u2019\u00fcn\u00fc y\u00fczde 26\u2019l\u0131k art\u0131\u015fla 1 milyar 144 milyon TL\u2019ye \u00e7\u0131karan \u015eirket net kar\u0131n\u0131 ise y\u00fczde 205 art\u0131\u015fla 533 milyon TL\u2019nin \u00fcst\u00fcne \u00e7\u0131kard\u0131.\u00a0<\/strong><\/h2>\n<p><img loading=\"lazy\" class=\"aligncenter wp-image-201376 size-full\" src=\"https:\/\/www.enerjigazetesi.ist\/wp-content\/uploads\/2025\/10\/1761630635_Naturelgaz.jpg\" alt=\"\" width=\"550\" height=\"407\" srcset=\"https:\/\/www.enerjigazetesi.ist\/wp-content\/uploads\/2025\/10\/1761630635_Naturelgaz.jpg 550w, https:\/\/www.enerjigazetesi.ist\/wp-content\/uploads\/2025\/10\/1761630635_Naturelgaz-300x222.jpg 300w, https:\/\/www.enerjigazetesi.ist\/wp-content\/uploads\/2025\/10\/1761630635_Naturelgaz-500x370.jpg 500w, https:\/\/www.enerjigazetesi.ist\/wp-content\/uploads\/2025\/10\/1761630635_Naturelgaz-68x50.jpg 68w\" sizes=\"(max-width: 550px) 100vw, 550px\" \/><\/p>\n<p>Naturelgaz, 2025 y\u0131l\u0131n\u0131n ilk dokuz ayl\u0131k d\u00f6nemine ili\u015fkin a\u00e7\u0131klad\u0131\u011f\u0131 finansal sonu\u00e7larda g\u00fc\u00e7l\u00fc bir performans sergiledi. \u015eirket, bu d\u00f6nemde sat\u0131\u015f hacmini ge\u00e7en y\u0131l\u0131n ayn\u0131 d\u00f6nemine g\u00f6re y\u00fczde 16 art\u0131rarak 248 milyon Sm\u00b3\u2019e y\u00fckseltti. Ayr\u0131ca \u015eirket bu d\u00f6nemde Mu\u015f ili Bulan\u0131k il\u00e7esi Esenlik k\u00f6y\u00fcnde bulunan toplam kurulu g\u00fcc\u00fc 18,4 MWp\/15 MWe olan G\u00fcne\u015f Enerji Santralini devreye alarak faaliyetleri i\u00e7in ihtiya\u00e7 duydu\u011fu enerjinin \u00f6nemli bir b\u00f6l\u00fcm\u00fcn\u00fc yenilenebilir kaynaklardan elde etmeye ba\u015flad\u0131. \u015eirket, uygulad\u0131\u011f\u0131 maliyet optimizasyonu, operasyonel s\u00fcre\u00e7lerdeki verimlilik bazl\u0131 \u00e7al\u0131\u015fmalar ve sat\u0131\u015f hacmi b\u00fcy\u00fcmesi sayesinde, FAV\u00d6K\u2019\u00fcn\u00fc y\u00fczde 26 art\u0131\u015fla 1 milyar 144 milyon TL\u2019ye, net kar\u0131n\u0131 ise y\u00fczde 205 art\u0131\u015fla 533 milyon TL\u2019ye \u00e7\u0131kard\u0131. \u015eirketin vergi \u00f6ncesi kar\u0131 y\u0131l\u0131n ilk dokuz ay\u0131nda bir \u00f6nceki y\u0131l\u0131n ayn\u0131 d\u00f6nemine g\u00f6re y\u00fczde 232\u2019lik art\u0131\u015fla 953 milyon TL\u2019ye ula\u015ft\u0131.<\/p>\n<div id=\"attachment_201377\" style=\"width: 560px\" class=\"wp-caption aligncenter\"><img aria-describedby=\"caption-attachment-201377\" loading=\"lazy\" class=\"wp-image-201377\" src=\"https:\/\/www.enerjigazetesi.ist\/wp-content\/uploads\/2025\/10\/Naturelgaz_CEO_su_Hasan_Tahsin_Turan-300x281.jpg\" alt=\"\" width=\"550\" height=\"516\" srcset=\"https:\/\/www.enerjigazetesi.ist\/wp-content\/uploads\/2025\/10\/Naturelgaz_CEO_su_Hasan_Tahsin_Turan-300x281.jpg 300w, https:\/\/www.enerjigazetesi.ist\/wp-content\/uploads\/2025\/10\/Naturelgaz_CEO_su_Hasan_Tahsin_Turan-427x400.jpg 427w, https:\/\/www.enerjigazetesi.ist\/wp-content\/uploads\/2025\/10\/Naturelgaz_CEO_su_Hasan_Tahsin_Turan-53x50.jpg 53w, https:\/\/www.enerjigazetesi.ist\/wp-content\/uploads\/2025\/10\/Naturelgaz_CEO_su_Hasan_Tahsin_Turan-500x469.jpg 500w, https:\/\/www.enerjigazetesi.ist\/wp-content\/uploads\/2025\/10\/Naturelgaz_CEO_su_Hasan_Tahsin_Turan.jpg 512w\" sizes=\"(max-width: 550px) 100vw, 550px\" \/><p id=\"caption-attachment-201377\" class=\"wp-caption-text\">Naturelgaz Genel M\u00fcd\u00fcr\u00fc Hasan Tahsin Turan<\/p><\/div>\n<h3><strong>Yat\u0131r\u0131mlara devam ediyoruz<\/strong><\/h3>\n<p>\u015eirket\u2019in 2025 y\u0131l\u0131n\u0131n ilk dokuz ay\u0131na ili\u015fkin finansal ve operasyonel performans\u0131n\u0131 de\u011ferlendiren <strong>Naturelgaz Genel M\u00fcd\u00fcr\u00fc Hasan Tahsin Turan<\/strong> \u201c<em>Bu d\u00f6nem \u015eirketimiz i\u00e7in \u00f6nemli bir yat\u0131r\u0131m\u0131n meyvesini toplama d\u00f6neminin ba\u015flang\u0131c\u0131yd\u0131. Mu\u015f\u2019taki GES projemizi Temmuz ay\u0131 itibariyle devreye ald\u0131k. Bu yat\u0131r\u0131m sayesinde faaliyetlerimiz i\u00e7in ihtiya\u00e7 duydu\u011fumuz enerji miktar\u0131n\u0131n \u00f6nemli bir k\u0131sm\u0131n\u0131 yenilenebilir enerji kaynaklar\u0131ndan kar\u015f\u0131lamay\u0131 hedefliyoruz. \u00a0\u00d6te yandan y\u0131l\u0131n ilk dokuz ayl\u0131k d\u00f6neminde ta\u015f\u0131mal\u0131 do\u011falgaz pazar\u0131ndaki g\u00fc\u00e7l\u00fc konumumuzu devam ettirdik. Ayr\u0131ca d\u00f6nem i\u00e7erisinde ta\u015f\u0131ma \u00fcnitelerine ve ta\u015f\u0131tlar\u0131m\u0131za ilaveler yaparak lojistik a\u011f\u0131m\u0131z\u0131 g\u00fc\u00e7lendirdik. \u015eehir gaz\u0131 i\u015f kolumuzun a\u011f\u0131rl\u0131\u011f\u0131n\u0131n y\u00fcksek oldu\u011fu k\u0131\u015f aylar\u0131na y\u00fcksek hacim ve karl\u0131l\u0131k hedefleriyle giriyoruz\u201d<\/em> dedi.<\/p>\n<p>Yay\u0131na Alan: Alperen ERTA\u015e-<a href=\"http:\/\/alperen.ertas@enerjigazetesi.ist\">alperen.ertas@enerjigazetesi.ist<\/a><\/p>","protected":false},"excerpt":{"rendered":"<p>Sorry, this entry is only available in Turkish. For the sake of viewer convenience, the content is shown below in the alternative language. You may click the link to switch the active language. Ta\u015f\u0131mal\u0131 do\u011fal gaz pazar\u0131nda faaliyet g\u00f6steren Naturelgaz, 2025 y\u0131l\u0131n\u0131n ilk dokuz ay\u0131na y\u00f6nelik finansal sonu\u00e7lar\u0131n\u0131 a\u00e7\u0131klad\u0131. \u015eirket, 2025 y\u0131l\u0131n\u0131n ilk dokuz ay\u0131nda [&hellip;]<\/p>\n","protected":false},"author":19,"featured_media":201376,"comment_status":"open","ping_status":"open","sticky":false,"template":"","format":"standard","meta":[],"categories":[46,53],"tags":[7697,103222,12810,37118,117436],"views":19,"_links":{"self":[{"href":"https:\/\/www.enerjigazetesi.ist\/en\/wp-json\/wp\/v2\/posts\/201375"}],"collection":[{"href":"https:\/\/www.enerjigazetesi.ist\/en\/wp-json\/wp\/v2\/posts"}],"about":[{"href":"https:\/\/www.enerjigazetesi.ist\/en\/wp-json\/wp\/v2\/types\/post"}],"author":[{"embeddable":true,"href":"https:\/\/www.enerjigazetesi.ist\/en\/wp-json\/wp\/v2\/users\/19"}],"replies":[{"embeddable":true,"href":"https:\/\/www.enerjigazetesi.ist\/en\/wp-json\/wp\/v2\/comments?post=201375"}],"version-history":[{"count":0,"href":"https:\/\/www.enerjigazetesi.ist\/en\/wp-json\/wp\/v2\/posts\/201375\/revisions"}],"wp:featuredmedia":[{"embeddable":true,"href":"https:\/\/www.enerjigazetesi.ist\/en\/wp-json\/wp\/v2\/media\/201376"}],"wp:attachment":[{"href":"https:\/\/www.enerjigazetesi.ist\/en\/wp-json\/wp\/v2\/media?parent=201375"}],"wp:term":[{"taxonomy":"category","embeddable":true,"href":"https:\/\/www.enerjigazetesi.ist\/en\/wp-json\/wp\/v2\/categories?post=201375"},{"taxonomy":"post_tag","embeddable":true,"href":"https:\/\/www.enerjigazetesi.ist\/en\/wp-json\/wp\/v2\/tags?post=201375"}],"curies":[{"name":"wp","href":"https:\/\/api.w.org\/{rel}","templated":true}]}}