{"id":201356,"date":"2025-10-28T01:41:49","date_gmt":"2025-10-27T22:41:49","guid":{"rendered":"https:\/\/www.enerjigazetesi.ist\/?p=201356"},"modified":"2025-10-28T01:41:49","modified_gmt":"2025-10-27T22:41:49","slug":"ecogreen-enerji-holdingin-halka-arzina-yaklasik-9-kat-talep-geldi","status":"publish","type":"post","link":"https:\/\/www.enerjigazetesi.ist\/en\/ecogreen-enerji-holdingin-halka-arzina-yaklasik-9-kat-talep-geldi\/","title":{"rendered":"(Turkish) &#8217;Ecogreen Enerji Holding&#8217;in Halka Arz\u0131na Yakla\u015f\u0131k 9 Kat Talep Geldi"},"content":{"rendered":"<p class=\"qtranxs-available-languages-message qtranxs-available-languages-message-en\">Sorry, this entry is only available in <a href=\"https:\/\/www.enerjigazetesi.ist\/tr\/wp-json\/wp\/v2\/posts\/201356\" class=\"qtranxs-available-language-link qtranxs-available-language-link-tr\" title=\"Turkish\">Turkish<\/a>. For the sake of viewer convenience, the content is shown below in the alternative language. You may click the link to switch the active language.<\/p><p><\/p>\n<h2><strong>Yenilenebilir enerji sekt\u00f6r\u00fcnde faaliyet g\u00f6steren Ecogreen Enerji Holding halka arz\u0131nda talep toplama i\u015flemi sona erdi. Yat\u0131r\u0131mc\u0131lar\u0131n yo\u011fun ilgi g\u00f6sterdi\u011fi halka arz i\u015fleminde yat\u0131r\u0131mc\u0131lardan halka arz edilen paylar\u0131n 8,94 kat\u0131 talep geldi.<\/strong><\/h2>\n<p><strong> <img loading=\"lazy\" class=\"aligncenter wp-image-201357 size-full\" src=\"https:\/\/www.enerjigazetesi.ist\/wp-content\/uploads\/2025\/10\/ecofer_tesis-1.jpg\" alt=\"\" width=\"550\" height=\"309\" srcset=\"https:\/\/www.enerjigazetesi.ist\/wp-content\/uploads\/2025\/10\/ecofer_tesis-1.jpg 550w, https:\/\/www.enerjigazetesi.ist\/wp-content\/uploads\/2025\/10\/ecofer_tesis-1-300x169.jpg 300w, https:\/\/www.enerjigazetesi.ist\/wp-content\/uploads\/2025\/10\/ecofer_tesis-1-500x281.jpg 500w, https:\/\/www.enerjigazetesi.ist\/wp-content\/uploads\/2025\/10\/ecofer_tesis-1-80x45.jpg 80w\" sizes=\"(max-width: 550px) 100vw, 550px\" \/><\/strong><\/p>\n<p>Yenilenebilir enerji sekt\u00f6r\u00fcndeki yat\u0131r\u0131mlar\u0131yla T\u00fcrkiye\u2019nin enerji d\u00f6n\u00fc\u015f\u00fcm\u00fcne \u00f6nc\u00fcl\u00fck eden Ecogreen Enerji Holding A.\u015e.\u2019nin halka arz\u0131nda talep toplama s\u00fcreci ba\u015far\u0131yla sonu\u00e7land\u0131. Gedik Yat\u0131r\u0131m liderli\u011finde 22-23-24 Ekim 2025 tarihlerinde pay ba\u015f\u0131na <strong>10,40<\/strong> TL sabit fiyatla ger\u00e7ekle\u015fen halka arz\u0131n b\u00fcy\u00fckl\u00fc\u011f\u00fc 1 milyar 144 milyon TL\u2019yi bulurken, \u015firketin halka a\u00e7\u0131kl\u0131k oran\u0131 y\u00fczde 20,37 oldu.<\/p>\n<p>Yat\u0131r\u0131mc\u0131lar\u0131n yo\u011fun ilgi g\u00f6sterdi\u011fi Ecogreen Enerji Holding halka arz\u0131nda, halka arz edilen 110.000.000 TL nominal de\u011ferli paylar\u0131n <strong>8,94<\/strong> kat\u0131na denk gelen <strong>983.147.718 TL<\/strong> nominal de\u011ferli pay talebi geldi. Y\u00fcksek kat\u0131l\u0131m oran\u0131 hem sermaye piyasalar\u0131na olan ilgiyi hem de s\u00fcrd\u00fcr\u00fclebilir enerji yat\u0131r\u0131mlar\u0131na y\u00f6nelik g\u00fcveni peki\u015ftirdi. Yurt i\u00e7i bireysel yat\u0131r\u0131mc\u0131lara tahsis edilen paylar\u0131n yakla\u015f\u0131k <strong>4,84<\/strong> kat\u0131, y\u00fcksek ba\u015fvurulu yat\u0131r\u0131mc\u0131lara tahsis edilen paylar\u0131n yakla\u015f\u0131k <strong>41,31<\/strong> kat\u0131, yurt i\u00e7i kurumsal yat\u0131r\u0131mc\u0131lara tahsis edilen paylar\u0131n <strong>8,71<\/strong> kat\u0131 ve yurt d\u0131\u015f\u0131 kurumsal yat\u0131r\u0131mc\u0131lara tahsis edilen paylar\u0131n yakla\u015f\u0131k <strong>2,76<\/strong> kat\u0131 oran\u0131nda talep geldi.<\/p>\n<p>Halka arzda; <strong>478 bin 335 <\/strong>adedi yurt i\u00e7i bireysel, <strong>284 <\/strong>adedi y\u00fcksek ba\u015fvurulu yat\u0131r\u0131mc\u0131lar, <strong>79 <\/strong>adedi yurt i\u00e7i kurumsal ve <strong>7 <\/strong>adedi yurt d\u0131\u015f\u0131 kurumsal yat\u0131r\u0131mc\u0131lar olmak \u00fczere toplam <strong>478 bin 705<\/strong> adet yat\u0131r\u0131mc\u0131ya da\u011f\u0131t\u0131m yap\u0131ld\u0131.<\/p>\n<p>Da\u011f\u0131t\u0131ma esas tahsisat oranlar\u0131 ise yurt i\u00e7i bireysel yat\u0131r\u0131mc\u0131lar i\u00e7in y\u00fczde 40, yurt i\u00e7i kurumsal yat\u0131r\u0131mc\u0131lar i\u00e7in y\u00fczde 25, yurt d\u0131\u015f\u0131 kurumsal yat\u0131r\u0131mc\u0131lar i\u00e7in y\u00fczde 25, y\u00fcksek ba\u015fvurulu yat\u0131r\u0131mc\u0131lar i\u00e7in ise y\u00fczde 10 olarak ger\u00e7ekle\u015fti.<\/p>\n<div id=\"attachment_201358\" style=\"width: 560px\" class=\"wp-caption aligncenter\"><img aria-describedby=\"caption-attachment-201358\" loading=\"lazy\" class=\"wp-image-201358 size-full\" src=\"https:\/\/www.enerjigazetesi.ist\/wp-content\/uploads\/2025\/10\/osman_ugurlu2.jpg\" alt=\"\" width=\"550\" height=\"435\" srcset=\"https:\/\/www.enerjigazetesi.ist\/wp-content\/uploads\/2025\/10\/osman_ugurlu2.jpg 550w, https:\/\/www.enerjigazetesi.ist\/wp-content\/uploads\/2025\/10\/osman_ugurlu2-300x237.jpg 300w, https:\/\/www.enerjigazetesi.ist\/wp-content\/uploads\/2025\/10\/osman_ugurlu2-500x395.jpg 500w, https:\/\/www.enerjigazetesi.ist\/wp-content\/uploads\/2025\/10\/osman_ugurlu2-63x50.jpg 63w\" sizes=\"(max-width: 550px) 100vw, 550px\" \/><p id=\"caption-attachment-201358\" class=\"wp-caption-text\">Ecogreen Enerji Holding Y\u00f6netim Kurulu Ba\u015fkan\u0131 Osman U\u011furlu<\/p><\/div>\n<h3><strong>Halka arzla birlikte s\u00fcrd\u00fcr\u00fclebilir enerji yat\u0131r\u0131mlar\u0131na g\u00fc\u00e7lenerek devam edece\u011fiz<\/strong><\/h3>\n<p><strong>Ecogreen Enerji Holding Y\u00f6netim Kurulu Ba\u015fkan\u0131 Osman U\u011furlu,<\/strong> halka arz sonu\u00e7lar\u0131na ili\u015fkin yapt\u0131\u011f\u0131 a\u00e7\u0131klamada, Ecogreen Enerji Holding markas\u0131n\u0131n g\u00fcc\u00fcne ve gelece\u011fine inanan t\u00fcm yat\u0131r\u0131mc\u0131lara te\u015fekk\u00fcrlerini ileterek \u015fu mesajlar\u0131 payla\u015ft\u0131: \u201c<em>Yat\u0131r\u0131mc\u0131lar\u0131m\u0131zdan ald\u0131\u011f\u0131m\u0131z yo\u011fun talep ve geri bildirimler bizleri heyecanland\u0131r\u0131rken, gelece\u011fe ili\u015fkin umutlar\u0131m\u0131z\u0131 da art\u0131rd\u0131. Ecogreen Enerji Holding ailesine kat\u0131lan yeni ortaklar\u0131m\u0131z\u0131n deste\u011fi ile birlikte enerji d\u00f6n\u00fc\u015f\u00fcm\u00fc yolculu\u011fumuzda daha kararl\u0131 ad\u0131mlarla y\u00fcr\u00fcyece\u011fimize g\u00f6n\u00fclden inan\u0131yorum. Halka arzla birlikte sermaye yap\u0131m\u0131z\u0131 daha da g\u00fc\u00e7lendirerek hem mevcut yat\u0131r\u0131mlar\u0131m\u0131z\u0131 finanse etmeyi hem de yeni yat\u0131r\u0131m f\u0131rsatlar\u0131n\u0131 de\u011ferlendirmeyi planl\u0131yoruz. Sa\u011flad\u0131\u011f\u0131m\u0131z finansman\u0131n marka bilinirli\u011fimize ve prestijimize sa\u011flad\u0131\u011f\u0131 katma de\u011ferle kurumsal yap\u0131m\u0131z\u0131 kuvvetlendirirken, \u00f6nc\u00fc vizyonumuz ve sermayemizden ald\u0131\u011f\u0131m\u0131z g\u00fcvenle yeni s\u00fcrd\u00fcr\u00fclebilir enerji yat\u0131r\u0131mlar\u0131na odaklanarak T\u00fcrkiye\u2019nin enerji ba\u011f\u0131ms\u0131zl\u0131\u011f\u0131na katk\u0131da bulunmaya devam edece\u011fiz.\u201d<\/em> dedi.<\/p>\n<p>Yay\u0131na Alan: Alperen ERTA\u015e-<a href=\"http:\/\/alperen.ertas@enerjigazetesi.ist\">alperen.ertas@enerjigazetesi.ist<\/a><\/p>","protected":false},"excerpt":{"rendered":"<p>Sorry, this entry is only available in Turkish. For the sake of viewer convenience, the content is shown below in the alternative language. You may click the link to switch the active language. Yenilenebilir enerji sekt\u00f6r\u00fcnde faaliyet g\u00f6steren Ecogreen Enerji Holding halka arz\u0131nda talep toplama i\u015flemi sona erdi. Yat\u0131r\u0131mc\u0131lar\u0131n yo\u011fun ilgi g\u00f6sterdi\u011fi halka arz i\u015fleminde [&hellip;]<\/p>\n","protected":false},"author":19,"featured_media":201357,"comment_status":"open","ping_status":"open","sticky":false,"template":"","format":"standard","meta":[],"categories":[22893,53,49],"tags":[108949,67,2326,19389,105],"views":22,"_links":{"self":[{"href":"https:\/\/www.enerjigazetesi.ist\/en\/wp-json\/wp\/v2\/posts\/201356"}],"collection":[{"href":"https:\/\/www.enerjigazetesi.ist\/en\/wp-json\/wp\/v2\/posts"}],"about":[{"href":"https:\/\/www.enerjigazetesi.ist\/en\/wp-json\/wp\/v2\/types\/post"}],"author":[{"embeddable":true,"href":"https:\/\/www.enerjigazetesi.ist\/en\/wp-json\/wp\/v2\/users\/19"}],"replies":[{"embeddable":true,"href":"https:\/\/www.enerjigazetesi.ist\/en\/wp-json\/wp\/v2\/comments?post=201356"}],"version-history":[{"count":0,"href":"https:\/\/www.enerjigazetesi.ist\/en\/wp-json\/wp\/v2\/posts\/201356\/revisions"}],"wp:featuredmedia":[{"embeddable":true,"href":"https:\/\/www.enerjigazetesi.ist\/en\/wp-json\/wp\/v2\/media\/201357"}],"wp:attachment":[{"href":"https:\/\/www.enerjigazetesi.ist\/en\/wp-json\/wp\/v2\/media?parent=201356"}],"wp:term":[{"taxonomy":"category","embeddable":true,"href":"https:\/\/www.enerjigazetesi.ist\/en\/wp-json\/wp\/v2\/categories?post=201356"},{"taxonomy":"post_tag","embeddable":true,"href":"https:\/\/www.enerjigazetesi.ist\/en\/wp-json\/wp\/v2\/tags?post=201356"}],"curies":[{"name":"wp","href":"https:\/\/api.w.org\/{rel}","templated":true}]}}