{"id":201341,"date":"2025-10-27T19:29:07","date_gmt":"2025-10-27T16:29:07","guid":{"rendered":"https:\/\/www.enerjigazetesi.ist\/?p=201341"},"modified":"2025-10-27T19:29:07","modified_gmt":"2025-10-27T16:29:07","slug":"trepas-cumhuriyet-bayramini-cocuklarla-renklendirdi","status":"publish","type":"post","link":"https:\/\/www.enerjigazetesi.ist\/en\/trepas-cumhuriyet-bayramini-cocuklarla-renklendirdi\/","title":{"rendered":"(Turkish) &#8217;TREPA\u015e&#8217; Cumhuriyet Bayram\u0131\u2019n\u0131 \u00c7ocuklarla Renklendirdi"},"content":{"rendered":"<p class=\"qtranxs-available-languages-message qtranxs-available-languages-message-en\">Sorry, this entry is only available in <a href=\"https:\/\/www.enerjigazetesi.ist\/tr\/wp-json\/wp\/v2\/posts\/201341\" class=\"qtranxs-available-language-link qtranxs-available-language-link-tr\" title=\"Turkish\">Turkish<\/a>. For the sake of viewer convenience, the content is shown below in the alternative language. You may click the link to switch the active language.<\/p><p><\/p>\n<h2><strong>TREPA\u015e, d\u00fczenledi\u011fi \u201cCumhuriyet\u2019i \u00c7ocuklar\u0131m\u0131zla Renklendiriyoruz\u201d adl\u0131 etkinlikle 29 Ekim Cumhuriyet Bayram\u0131 co\u015fkusunu \u00e7al\u0131\u015fanlar\u0131n\u0131n \u00e7ocuklar\u0131yla payla\u015ft\u0131. \u00c7ocuklar\u0131n kendi bak\u0131\u015f a\u00e7\u0131s\u0131 ve hayal g\u00fc\u00e7lerini kullanarak yapt\u0131klar\u0131 29 Ekim Cumhuriyet Bayram\u0131 temal\u0131 resimlerle, TREPA\u015e web sitesinde dijital bir sergi olu\u015fturuldu.<\/strong><\/h2>\n<p><img loading=\"lazy\" class=\"aligncenter wp-image-201342 size-full\" src=\"https:\/\/www.enerjigazetesi.ist\/wp-content\/uploads\/2025\/10\/foto.jpg\" alt=\"\" width=\"550\" height=\"307\" srcset=\"https:\/\/www.enerjigazetesi.ist\/wp-content\/uploads\/2025\/10\/foto.jpg 550w, https:\/\/www.enerjigazetesi.ist\/wp-content\/uploads\/2025\/10\/foto-300x167.jpg 300w, https:\/\/www.enerjigazetesi.ist\/wp-content\/uploads\/2025\/10\/foto-500x279.jpg 500w, https:\/\/www.enerjigazetesi.ist\/wp-content\/uploads\/2025\/10\/foto-80x45.jpg 80w\" sizes=\"(max-width: 550px) 100vw, 550px\" \/><\/p>\n<p>29 Ekim Cumhuriyet Bayram\u0131 co\u015fkusunu \u00e7al\u0131\u015fanlar\u0131n\u0131n \u00e7ocuklar\u0131yla birlikte kutlayan Trakya Elektrik Perakende Sat\u0131\u015f A.\u015e. (TREPA\u015e), \u201cCumhuriyet\u2019i \u00c7ocuklar\u0131m\u0131zla Renklendiriyoruz\u201d adl\u0131 bir etkinlik ger\u00e7ekle\u015ftirdi. Cumhuriyet de\u011ferlerini gelecek nesillere aktarma amac\u0131yla d\u00fczenlenen etkinlikte, \u00e7ocuklar kendi bak\u0131\u015f a\u00e7\u0131lar\u0131n\u0131 ve hayal g\u00fc\u00e7lerini yans\u0131tan 29 Ekim Cumhuriyet Bayram\u0131 temal\u0131 resimler yapt\u0131. Yap\u0131lan etkinlikle \u00e7ocuklar\u0131n g\u00f6z\u00fcnden Cumhuriyet co\u015fkusu payla\u015f\u0131l\u0131rken, \u00e7al\u0131\u015fan aileler aras\u0131nda birlik duygusu g\u00fc\u00e7lendirildi.<\/p>\n<div id=\"attachment_201343\" style=\"width: 545px\" class=\"wp-caption aligncenter\"><img aria-describedby=\"caption-attachment-201343\" loading=\"lazy\" class=\"wp-image-201343 size-full\" src=\"https:\/\/www.enerjigazetesi.ist\/wp-content\/uploads\/2025\/10\/Sn.Burak-Savas-2.jpg\" alt=\"\" width=\"535\" height=\"480\" srcset=\"https:\/\/www.enerjigazetesi.ist\/wp-content\/uploads\/2025\/10\/Sn.Burak-Savas-2.jpg 535w, https:\/\/www.enerjigazetesi.ist\/wp-content\/uploads\/2025\/10\/Sn.Burak-Savas-2-300x269.jpg 300w, https:\/\/www.enerjigazetesi.ist\/wp-content\/uploads\/2025\/10\/Sn.Burak-Savas-2-446x400.jpg 446w, https:\/\/www.enerjigazetesi.ist\/wp-content\/uploads\/2025\/10\/Sn.Burak-Savas-2-56x50.jpg 56w, https:\/\/www.enerjigazetesi.ist\/wp-content\/uploads\/2025\/10\/Sn.Burak-Savas-2-500x449.jpg 500w\" sizes=\"(max-width: 535px) 100vw, 535px\" \/><p id=\"caption-attachment-201343\" class=\"wp-caption-text\">TREPA\u015e Genel M\u00fcd\u00fcr\u00fc Burak Sava\u015f<\/p><\/div>\n<p>Etkinlik kapsam\u0131nda, kat\u0131l\u0131m g\u00f6steren her \u00e7ocu\u011fa yarat\u0131c\u0131l\u0131klar\u0131n\u0131 desteklemek ve te\u015fvik etmek amac\u0131yla boya kalemi seti hediye edildi. \u00c7ocuklar\u0131n Cumhuriyet sevgisini ve hayal g\u00fcc\u00fcn\u00fc yans\u0131tan t\u00fcm eserlerle TREPA\u015e web sitesinde dijital bir sergi hayata ge\u00e7irildi.<\/p>\n<p>TREPA\u015e Genel M\u00fcd\u00fcr\u00fc Burak Sava\u015f, etkinli\u011fe ili\u015fkin \u201c<em>Bu \u00f6zel g\u00fcnde, \u00e7ocuklar\u0131m\u0131z\u0131n g\u00f6z\u00fcnden Cumhuriyet co\u015fkusunu payla\u015fmak bizler i\u00e7in b\u00fcy\u00fck bir mutluluk. Onlar\u0131n hayal g\u00fcc\u00fcyle \u015fekillenen bu renkli eserler, Cumhuriyet\u2019in de\u011ferlerini gelecek nesillere aktarman\u0131n en g\u00fczel yolu\u201d<\/em> ifadelerini kulland\u0131.<\/p>\n<p>Yay\u0131na Alan: Alperen ERTA\u015e-<a href=\"http:\/\/alperen.ertas@enerjigazetesi.ist\">alperen.ertas@enerjigazetesi.ist<\/a><\/p>","protected":false},"excerpt":{"rendered":"<p>Sorry, this entry is only available in Turkish. For the sake of viewer convenience, the content is shown below in the alternative language. You may click the link to switch the active language. TREPA\u015e, d\u00fczenledi\u011fi \u201cCumhuriyet\u2019i \u00c7ocuklar\u0131m\u0131zla Renklendiriyoruz\u201d adl\u0131 etkinlikle 29 Ekim Cumhuriyet Bayram\u0131 co\u015fkusunu \u00e7al\u0131\u015fanlar\u0131n\u0131n \u00e7ocuklar\u0131yla payla\u015ft\u0131. \u00c7ocuklar\u0131n kendi bak\u0131\u015f a\u00e7\u0131s\u0131 ve hayal g\u00fc\u00e7lerini [&hellip;]<\/p>\n","protected":false},"author":19,"featured_media":201342,"comment_status":"open","ping_status":"open","sticky":false,"template":"","format":"standard","meta":[],"categories":[51,53],"tags":[19201,117417,117416,117418,32021],"views":15,"_links":{"self":[{"href":"https:\/\/www.enerjigazetesi.ist\/en\/wp-json\/wp\/v2\/posts\/201341"}],"collection":[{"href":"https:\/\/www.enerjigazetesi.ist\/en\/wp-json\/wp\/v2\/posts"}],"about":[{"href":"https:\/\/www.enerjigazetesi.ist\/en\/wp-json\/wp\/v2\/types\/post"}],"author":[{"embeddable":true,"href":"https:\/\/www.enerjigazetesi.ist\/en\/wp-json\/wp\/v2\/users\/19"}],"replies":[{"embeddable":true,"href":"https:\/\/www.enerjigazetesi.ist\/en\/wp-json\/wp\/v2\/comments?post=201341"}],"version-history":[{"count":0,"href":"https:\/\/www.enerjigazetesi.ist\/en\/wp-json\/wp\/v2\/posts\/201341\/revisions"}],"wp:featuredmedia":[{"embeddable":true,"href":"https:\/\/www.enerjigazetesi.ist\/en\/wp-json\/wp\/v2\/media\/201342"}],"wp:attachment":[{"href":"https:\/\/www.enerjigazetesi.ist\/en\/wp-json\/wp\/v2\/media?parent=201341"}],"wp:term":[{"taxonomy":"category","embeddable":true,"href":"https:\/\/www.enerjigazetesi.ist\/en\/wp-json\/wp\/v2\/categories?post=201341"},{"taxonomy":"post_tag","embeddable":true,"href":"https:\/\/www.enerjigazetesi.ist\/en\/wp-json\/wp\/v2\/tags?post=201341"}],"curies":[{"name":"wp","href":"https:\/\/api.w.org\/{rel}","templated":true}]}}