{"id":201290,"date":"2025-10-25T19:50:54","date_gmt":"2025-10-25T16:50:54","guid":{"rendered":"https:\/\/www.enerjigazetesi.ist\/?p=201290"},"modified":"2025-10-25T19:50:54","modified_gmt":"2025-10-25T16:50:54","slug":"tredas-leyleklerin-baharda-guvenli-donusu-icin-kollari-sivadi","status":"publish","type":"post","link":"https:\/\/www.enerjigazetesi.ist\/en\/tredas-leyleklerin-baharda-guvenli-donusu-icin-kollari-sivadi\/","title":{"rendered":"(Turkish) &#8217;TREDA\u015e&#8217; Leyleklerin Baharda G\u00fcvenli D\u00f6n\u00fc\u015f\u00fc \u0130\u00e7in Kollar\u0131 S\u0131vad\u0131"},"content":{"rendered":"<p class=\"qtranxs-available-languages-message qtranxs-available-languages-message-en\">Sorry, this entry is only available in <a href=\"https:\/\/www.enerjigazetesi.ist\/tr\/wp-json\/wp\/v2\/posts\/201290\" class=\"qtranxs-available-language-link qtranxs-available-language-link-tr\" title=\"Turkish\">Turkish<\/a>. For the sake of viewer convenience, the content is shown below in the alternative language. You may click the link to switch the active language.<\/p><p><\/p>\n<h2><strong>TREDA\u015e, her y\u0131l oldu\u011fu gibi bu y\u0131l da leyleklerin g\u00f6\u00e7 yollar\u0131 \u00fczerindeki g\u00fcvenli\u011fini sa\u011flamak i\u00e7in \u00e7al\u0131\u015fmalar\u0131n\u0131 s\u00fcrd\u00fcr\u00fcyor. G\u00f6\u00e7 d\u00f6neminin tamamlanmas\u0131n\u0131n ard\u0131ndan TREDA\u015e ekipleri, leyleklerin \u00f6n\u00fcm\u00fczdeki baharda yuvalar\u0131na g\u00fcvenle d\u00f6nebilmeleri i\u00e7in bak\u0131m ve onar\u0131m \u00e7al\u0131\u015fmalar\u0131na h\u0131z verdi. <\/strong><\/h2>\n<p><img loading=\"lazy\" class=\"aligncenter wp-image-201291 size-full\" src=\"https:\/\/www.enerjigazetesi.ist\/wp-content\/uploads\/2025\/10\/FOTO1-1.jpg\" alt=\"\" width=\"550\" height=\"366\" srcset=\"https:\/\/www.enerjigazetesi.ist\/wp-content\/uploads\/2025\/10\/FOTO1-1.jpg 550w, https:\/\/www.enerjigazetesi.ist\/wp-content\/uploads\/2025\/10\/FOTO1-1-300x200.jpg 300w, https:\/\/www.enerjigazetesi.ist\/wp-content\/uploads\/2025\/10\/FOTO1-1-500x333.jpg 500w, https:\/\/www.enerjigazetesi.ist\/wp-content\/uploads\/2025\/10\/FOTO1-1-75x50.jpg 75w, https:\/\/www.enerjigazetesi.ist\/wp-content\/uploads\/2025\/10\/FOTO1-1-450x300.jpg 450w\" sizes=\"(max-width: 550px) 100vw, 550px\" \/><\/p>\n<p>Trakya Elektrik Da\u011f\u0131t\u0131m A.\u015e. (TREDA\u015e), yakla\u015f\u0131k 300 bin direk, 20 bin kilometreyi a\u015fan hat a\u011f\u0131 ve 10 binden fazla trafoyla Trakya\u2019n\u0131n her noktas\u0131na enerji ula\u015ft\u0131r\u0131rken; ayn\u0131 zamanda do\u011fayla uyumlu bir enerji altyap\u0131s\u0131 olu\u015fturma y\u00f6n\u00fcndeki \u00e7al\u0131\u015fmalar\u0131n\u0131 s\u00fcrd\u00fcr\u00fcyor. G\u00f6\u00e7 yollar\u0131 \u00fczerinde yer alan Trakya\u2019da, leyleklerin baharda g\u00fcvenle yuvalar\u0131na d\u00f6nebilmesi i\u00e7in yap\u0131lan periyodik bak\u0131mlar her y\u0131l titizlikle y\u00fcr\u00fct\u00fcl\u00fcyor.<\/p>\n<p>Bu kapsamda, termal kameral\u0131 drone teknolojisi kullan\u0131larak Trakya genelindeki leylek yuvalar\u0131 d\u00fczenli olarak taran\u0131yor; tespit edilen hasarl\u0131 yuvalar onar\u0131l\u0131yor, yuvalarda bulunan \u00e7\u00f6pler temizleniyor ve uygun noktalara yeni platformlar kuruluyor. TREDA\u015e ekipleri, hem enerji \u015febekesinin hem de yaban hayat\u0131n\u0131n g\u00fcvenli\u011fini sa\u011flamak i\u00e7in bak\u0131m ve g\u00fc\u00e7lendirme \u00e7al\u0131\u015fmalar\u0131n\u0131 s\u00fcrd\u00fcr\u00fcyor. Termal drone teknolojisiyle y\u00fcr\u00fct\u00fclen bu \u00e7al\u0131\u015fmalar, aktif enerji hatlar\u0131n\u0131n g\u00fcvenli\u011fini art\u0131r\u0131rken, leyleklerin do\u011fal ya\u015fam alanlar\u0131n\u0131n korunmas\u0131na da \u00f6nemli katk\u0131 sa\u011fl\u0131yor.<\/p>\n<p>TREDA\u015e, yaln\u0131zca enerji da\u011f\u0131t\u0131m\u0131yla de\u011fil; do\u011fa dostu uygulamalar\u0131yla da b\u00f6lgenin s\u00fcrd\u00fcr\u00fclebilir gelece\u011fine katk\u0131 sunmaya devam ediyor.<\/p>\n<p>Yay\u0131na Alan: Alperen ERTA\u015e-<a href=\"http:\/\/alperen.ertas@enerjigazetesi.ist\">alperen.ertas@enerjigazetesi.ist<\/a><\/p>","protected":false},"excerpt":{"rendered":"<p>Sorry, this entry is only available in Turkish. For the sake of viewer convenience, the content is shown below in the alternative language. You may click the link to switch the active language. TREDA\u015e, her y\u0131l oldu\u011fu gibi bu y\u0131l da leyleklerin g\u00f6\u00e7 yollar\u0131 \u00fczerindeki g\u00fcvenli\u011fini sa\u011flamak i\u00e7in \u00e7al\u0131\u015fmalar\u0131n\u0131 s\u00fcrd\u00fcr\u00fcyor. G\u00f6\u00e7 d\u00f6neminin tamamlanmas\u0131n\u0131n ard\u0131ndan TREDA\u015e [&hellip;]<\/p>\n","protected":false},"author":19,"featured_media":201291,"comment_status":"open","ping_status":"open","sticky":false,"template":"","format":"standard","meta":[],"categories":[51,53],"tags":[117395,24925,55164,12370,114553],"views":15,"_links":{"self":[{"href":"https:\/\/www.enerjigazetesi.ist\/en\/wp-json\/wp\/v2\/posts\/201290"}],"collection":[{"href":"https:\/\/www.enerjigazetesi.ist\/en\/wp-json\/wp\/v2\/posts"}],"about":[{"href":"https:\/\/www.enerjigazetesi.ist\/en\/wp-json\/wp\/v2\/types\/post"}],"author":[{"embeddable":true,"href":"https:\/\/www.enerjigazetesi.ist\/en\/wp-json\/wp\/v2\/users\/19"}],"replies":[{"embeddable":true,"href":"https:\/\/www.enerjigazetesi.ist\/en\/wp-json\/wp\/v2\/comments?post=201290"}],"version-history":[{"count":0,"href":"https:\/\/www.enerjigazetesi.ist\/en\/wp-json\/wp\/v2\/posts\/201290\/revisions"}],"wp:featuredmedia":[{"embeddable":true,"href":"https:\/\/www.enerjigazetesi.ist\/en\/wp-json\/wp\/v2\/media\/201291"}],"wp:attachment":[{"href":"https:\/\/www.enerjigazetesi.ist\/en\/wp-json\/wp\/v2\/media?parent=201290"}],"wp:term":[{"taxonomy":"category","embeddable":true,"href":"https:\/\/www.enerjigazetesi.ist\/en\/wp-json\/wp\/v2\/categories?post=201290"},{"taxonomy":"post_tag","embeddable":true,"href":"https:\/\/www.enerjigazetesi.ist\/en\/wp-json\/wp\/v2\/tags?post=201290"}],"curies":[{"name":"wp","href":"https:\/\/api.w.org\/{rel}","templated":true}]}}