{"id":20126,"date":"2013-12-30T11:35:41","date_gmt":"2013-12-30T08:35:41","guid":{"rendered":"https:\/\/www.enerjigazetesi.ist\/?p=20126"},"modified":"2013-12-30T11:36:45","modified_gmt":"2013-12-30T08:36:45","slug":"soguk-havalar-ile-kacak-elektrik-kullanimi-tavan-yapti","status":"publish","type":"post","link":"https:\/\/www.enerjigazetesi.ist\/en\/soguk-havalar-ile-kacak-elektrik-kullanimi-tavan-yapti\/","title":{"rendered":"(Turkish) So\u011fuk Havalar \u0130le Ka\u00e7ak Elektrik Kullan\u0131m\u0131 Tavan Yapt\u0131!"},"content":{"rendered":"<p class=\"qtranxs-available-languages-message qtranxs-available-languages-message-en\">Sorry, this entry is only available in <a href=\"https:\/\/www.enerjigazetesi.ist\/tr\/wp-json\/wp\/v2\/posts\/20126\" class=\"qtranxs-available-language-link qtranxs-available-language-link-tr\" title=\"Turkish\">Turkish<\/a>. For the sake of viewer convenience, the content is shown below in the alternative language. You may click the link to switch the active language.<\/p><p><strong>Mevsim normallerinin alt\u0131na inen s\u0131cakl\u0131k ka\u00e7ak elektrik kullan\u0131m\u0131n\u0131n da tavan olmas\u0131na neden oldu. Ortalama y\u00fczde 15 olan elektrik kay\u0131p-ka\u00e7ak oran\u0131, Dicle Elektrik Da\u011f\u0131t\u0131m B\u00f6lgesi\u2019nde y\u00fczde 75\u2019lere ula\u015ft\u0131.<\/strong><\/p>\n<p>So\u011fuk hava dalgas\u0131 ile aral\u0131k ay\u0131nda do\u011falgaz t\u00fcketiminin bir anda artmas\u0131, elektrik kesintileriyle sonu\u00e7lanan geli\u015fmeler zincirine neden oldu. Ancak aral\u0131k ay\u0131nd<a href=\"https:\/\/www.enerjigazetesi.ist\/wp-content\/uploads\/2013\/12\/soguk-havalar-kacak-elektrik-kullaniminin-tavan-yapmasina-neden-oldu.jpg\"><img loading=\"lazy\" class=\"alignleft size-medium wp-image-20127\" title=\"soguk-havalar-kacak-elektrik-kullaniminin-tavan-yapmasina-neden-oldu\" src=\"https:\/\/www.enerjigazetesi.ist\/wp-content\/uploads\/2013\/12\/soguk-havalar-kacak-elektrik-kullaniminin-tavan-yapmasina-neden-oldu-300x201.jpg\" alt=\"\" width=\"300\" height=\"201\" srcset=\"https:\/\/www.enerjigazetesi.ist\/wp-content\/uploads\/2013\/12\/soguk-havalar-kacak-elektrik-kullaniminin-tavan-yapmasina-neden-oldu-300x201.jpg 300w, https:\/\/www.enerjigazetesi.ist\/wp-content\/uploads\/2013\/12\/soguk-havalar-kacak-elektrik-kullaniminin-tavan-yapmasina-neden-oldu-500x336.jpg 500w, https:\/\/www.enerjigazetesi.ist\/wp-content\/uploads\/2013\/12\/soguk-havalar-kacak-elektrik-kullaniminin-tavan-yapmasina-neden-oldu-74x50.jpg 74w, https:\/\/www.enerjigazetesi.ist\/wp-content\/uploads\/2013\/12\/soguk-havalar-kacak-elektrik-kullaniminin-tavan-yapmasina-neden-oldu.jpg 510w\" sizes=\"(max-width: 300px) 100vw, 300px\" \/><\/a>a zirve yapan sadece do\u011falgaz t\u00fcketimi de\u011fil elektrik t\u00fcketimi de olurken, buna paralel olarak ka\u00e7ak elektrik t\u00fcketimi de son g\u00fcnlerde tavan oldu. T\u00fcrkiye\u2019de ka\u00e7ak elektri\u011fin en fazla kullan\u0131ld\u0131\u011f\u0131 b\u00f6lgeler olan Dicle, Vang\u00f6l\u00fc ve Aras B\u00f6lgesinde ise t\u00fcketim normalin iki kat\u0131na kadar \u00e7\u0131kt\u0131. Bu durum trafo ve \u015febekelerde patlama ve ar\u0131zalara da yol a\u00e7t\u0131 ve ba\u015fta hastane ve e\u011fitim kurumlar\u0131 olmak \u00fczere bir\u00e7ok kamu kurulu\u015fu da yeterince hizmet veremedi.<\/p>\n<p>Elektrik sekt\u00f6r\u00fc temsilcileri, Diyarbak\u0131r\u2019\u0131n \u0130stanbul\u2019dan da fazla elektrik t\u00fcketti\u011fini s\u00f6yl\u00fcyor. Bunda da ka\u00e7ak kullan\u0131m\u0131n b\u00f6lgede yayg\u0131n olmas\u0131 etkili . \u00d6rne\u011fin bir apartmana yeni ta\u015f\u0131nan bir \u00e7ift, normal elektrik faturas\u0131 \u00f6dedi\u011fi zaman di\u011fer kom\u015fular\u0131n bask\u0131s\u0131yla kar\u015f\u0131la\u015f\u0131yor.<\/p>\n<h2>Ka\u00e7ak elektrikli daire daha pahal\u0131dan al\u0131c\u0131 buluyor<\/h2>\n<p>Dicle Elektrik Da\u011f\u0131t\u0131m B\u00f6lgesi\u2019nde ka\u00e7ak elektrik emlak fiyatlar\u0131n\u0131 bile etkiliyor. \u00d6rne\u011fin ayn\u0131 semtte ayn\u0131 \u00f6zelliklere sahip 2 daireden \u2018tasarruflu olan\u2019 yani ka\u00e7ak elektrik kullanan di\u011ferinden y\u00fczde 25 daha pahal\u0131.<\/p>\n<p>T\u00fcrkiye\u2019de vatanda\u015flar ortalama 35 lira elektrik faturas\u0131 \u00f6d\u00fcyor. Yani ayl\u0131k elektrik t\u00fcketimi ortalama 75-100 kilovatsaat seviyesinde. Do\u011fu ve G\u00fcneydo\u011fu\u2019da ayl\u0131k t\u00fcketim 300 kilovatsaat olmas\u0131na ra\u011fmen faturalar genelde 10-15 lira seviyesinde geliyor.<\/p>\n<p>Dicle B\u00f6lgesi\u2019nin y\u0131ll\u0131k elektrik t\u00fcketimi 21 milyar kilovatsaat (kWh) Bu hesaba g\u00f6re b\u00f6lgede 15 milyar kWh elektrik ka\u00e7ak kullan\u0131l\u0131yor. Ka\u00e7ak elektrik y\u00fcz\u00fcnden her y\u0131l devletin kasas\u0131ndan 4.5 milyar liraya yak\u0131n para \u00e7\u0131k\u0131yor.<\/p>\n<p>Devlet ka\u00e7ak elektri\u011fin \u00f6n\u00fcne ge\u00e7mek i\u00e7in Dicle Elektrik\u2019i 387 milyon dolara \u00f6zelle\u015ftirdi. 1 Temmuz\u2019da b\u00f6lgeyi devralan \u0130\u015fkaya Do\u011fu Ortak Giri\u015fim Grubu ise sorunu \u00e7\u00f6zmek i\u00e7in \u00e7e\u015fitli kampanyalar d\u00fczenlemeye ba\u015flad\u0131.<\/p>\n<p>Kaynak: <a href=\"http:\/\/enerjienstitusu.com\/2013\/12\/30\/soguk-havalar-kacak-elektrik-kullaniminin-tavan-yapmasina-neden-oldu\/\" target=\"_blank\">Enerji Enstit\u00fcs\u00fc<\/a><\/p>","protected":false},"excerpt":{"rendered":"<p>Sorry, this entry is only available in Turkish. For the sake of viewer convenience, the content is shown below in the alternative language. You may click the link to switch the active language.Mevsim normallerinin alt\u0131na inen s\u0131cakl\u0131k ka\u00e7ak elektrik kullan\u0131m\u0131n\u0131n da tavan olmas\u0131na neden oldu. Ortalama y\u00fczde 15 olan elektrik kay\u0131p-ka\u00e7ak oran\u0131, Dicle Elektrik Da\u011f\u0131t\u0131m [&hellip;]<\/p>\n","protected":false},"author":1,"featured_media":20127,"comment_status":"open","ping_status":"open","sticky":false,"template":"","format":"standard","meta":[],"categories":[51,53],"tags":[11714,6412,4684,68,61,63,67,1009,165,8635,3001],"views":851,"_links":{"self":[{"href":"https:\/\/www.enerjigazetesi.ist\/en\/wp-json\/wp\/v2\/posts\/20126"}],"collection":[{"href":"https:\/\/www.enerjigazetesi.ist\/en\/wp-json\/wp\/v2\/posts"}],"about":[{"href":"https:\/\/www.enerjigazetesi.ist\/en\/wp-json\/wp\/v2\/types\/post"}],"author":[{"embeddable":true,"href":"https:\/\/www.enerjigazetesi.ist\/en\/wp-json\/wp\/v2\/users\/1"}],"replies":[{"embeddable":true,"href":"https:\/\/www.enerjigazetesi.ist\/en\/wp-json\/wp\/v2\/comments?post=20126"}],"version-history":[{"count":5,"href":"https:\/\/www.enerjigazetesi.ist\/en\/wp-json\/wp\/v2\/posts\/20126\/revisions"}],"predecessor-version":[{"id":20132,"href":"https:\/\/www.enerjigazetesi.ist\/en\/wp-json\/wp\/v2\/posts\/20126\/revisions\/20132"}],"wp:featuredmedia":[{"embeddable":true,"href":"https:\/\/www.enerjigazetesi.ist\/en\/wp-json\/wp\/v2\/media\/20127"}],"wp:attachment":[{"href":"https:\/\/www.enerjigazetesi.ist\/en\/wp-json\/wp\/v2\/media?parent=20126"}],"wp:term":[{"taxonomy":"category","embeddable":true,"href":"https:\/\/www.enerjigazetesi.ist\/en\/wp-json\/wp\/v2\/categories?post=20126"},{"taxonomy":"post_tag","embeddable":true,"href":"https:\/\/www.enerjigazetesi.ist\/en\/wp-json\/wp\/v2\/tags?post=20126"}],"curies":[{"name":"wp","href":"https:\/\/api.w.org\/{rel}","templated":true}]}}