{"id":201228,"date":"2025-10-23T16:41:14","date_gmt":"2025-10-23T13:41:14","guid":{"rendered":"https:\/\/www.enerjigazetesi.ist\/?p=201228"},"modified":"2025-10-23T16:41:14","modified_gmt":"2025-10-23T13:41:14","slug":"aksa-jenerator-enerji-cozumlerini-uluslararasi-arenada-sergiledi","status":"publish","type":"post","link":"https:\/\/www.enerjigazetesi.ist\/en\/aksa-jenerator-enerji-cozumlerini-uluslararasi-arenada-sergiledi\/","title":{"rendered":"(Turkish) &#8217;Aksa Jenerat\u00f6r&#8217; Enerji \u00c7\u00f6z\u00fcmlerini Uluslararas\u0131 Arenada Sergiledi"},"content":{"rendered":"<p class=\"qtranxs-available-languages-message qtranxs-available-languages-message-en\">Sorry, this entry is only available in <a href=\"https:\/\/www.enerjigazetesi.ist\/tr\/wp-json\/wp\/v2\/posts\/201228\" class=\"qtranxs-available-language-link qtranxs-available-language-link-tr\" title=\"Turkish\">Turkish<\/a>. For the sake of viewer convenience, the content is shown below in the alternative language. You may click the link to switch the active language.<\/p><p><\/p>\n<h2><strong>Aksa Jenerat\u00f6r, eyl\u00fcl ve ekim aylar\u0131 boyunca kat\u0131ld\u0131\u011f\u0131 ulusal ve uluslararas\u0131 etkinliklerde inovatif enerji teknolojilerini sekt\u00f6r profesyonelleriyle bulu\u015fturdu.<\/strong><\/h2>\n<p><img loading=\"lazy\" class=\"aligncenter wp-image-201229 size-full\" src=\"https:\/\/www.enerjigazetesi.ist\/wp-content\/uploads\/2025\/10\/1761124863_WhatsApp_Image_2025_09_23_at_12.00.05__19_.jpg\" alt=\"\" width=\"550\" height=\"412\" srcset=\"https:\/\/www.enerjigazetesi.ist\/wp-content\/uploads\/2025\/10\/1761124863_WhatsApp_Image_2025_09_23_at_12.00.05__19_.jpg 550w, https:\/\/www.enerjigazetesi.ist\/wp-content\/uploads\/2025\/10\/1761124863_WhatsApp_Image_2025_09_23_at_12.00.05__19_-300x225.jpg 300w, https:\/\/www.enerjigazetesi.ist\/wp-content\/uploads\/2025\/10\/1761124863_WhatsApp_Image_2025_09_23_at_12.00.05__19_-500x375.jpg 500w, https:\/\/www.enerjigazetesi.ist\/wp-content\/uploads\/2025\/10\/1761124863_WhatsApp_Image_2025_09_23_at_12.00.05__19_-67x50.jpg 67w\" sizes=\"(max-width: 550px) 100vw, 550px\" \/><\/p>\n<p>Enerji sekt\u00f6r\u00fcn\u00fcn lider \u015firketlerinden Aksa Jenerat\u00f6r, eyl\u00fcl ve ekim aylar\u0131nda hem T\u00fcrkiye\u2019de hem de d\u00fcnyada enerji ve teknoloji sekt\u00f6r\u00fcn\u00fcn \u00f6nde gelen etkinliklerinde yer alarak enerji teknolojilerindeki m\u00fchendislik g\u00fcc\u00fcn\u00fc ve global m\u00fc\u015fteri portf\u00f6y\u00fcne sundu\u011fu geni\u015f \u00fcr\u00fcn gam\u0131n\u0131 uluslararas\u0131 i\u015f ortaklar\u0131yla bulu\u015fturdu.<\/p>\n<p><img loading=\"lazy\" class=\"aligncenter wp-image-201230 size-full\" src=\"https:\/\/www.enerjigazetesi.ist\/wp-content\/uploads\/2025\/10\/1761124862_WhatsApp_Image_2025_09_23_at_12.00.05__23_.jpg\" alt=\"\" width=\"550\" height=\"412\" srcset=\"https:\/\/www.enerjigazetesi.ist\/wp-content\/uploads\/2025\/10\/1761124862_WhatsApp_Image_2025_09_23_at_12.00.05__23_.jpg 550w, https:\/\/www.enerjigazetesi.ist\/wp-content\/uploads\/2025\/10\/1761124862_WhatsApp_Image_2025_09_23_at_12.00.05__23_-300x225.jpg 300w, https:\/\/www.enerjigazetesi.ist\/wp-content\/uploads\/2025\/10\/1761124862_WhatsApp_Image_2025_09_23_at_12.00.05__23_-500x375.jpg 500w, https:\/\/www.enerjigazetesi.ist\/wp-content\/uploads\/2025\/10\/1761124862_WhatsApp_Image_2025_09_23_at_12.00.05__23_-67x50.jpg 67w\" sizes=\"(max-width: 550px) 100vw, 550px\" \/><\/p>\n<p>17\u201321 Eyl\u00fcl 2025 tarihleri aras\u0131nda \u0130stanbul Atat\u00fcrk Havaliman\u0131\u2019nda d\u00fczenlenen TEKNOFEST 2025\u2019in alt\u0131n sponsorlu\u011funu \u00fcstlenen Aksa Jenerat\u00f6r, festival alan\u0131n\u0131n enerji ihtiyac\u0131n\u0131 kar\u015f\u0131larken, T\u00fcrkiye\u2019nin en b\u00fcy\u00fck kiral\u0131k jenerat\u00f6r filosu ve yeni nesil batarya depolama sistemleri (BESS) ile gelece\u011fin enerji \u00e7\u00f6z\u00fcmlerini sahaya ta\u015f\u0131d\u0131.<\/p>\n<p>Aksa Jenerat\u00f6r, Afrika k\u0131tas\u0131n\u0131n telekom sekt\u00f6r\u00fcndeki en \u00f6nemli bulu\u015fmas\u0131 olan TowerXchange Africa 2025\u2019te bronz sponsor olarak yer ald\u0131. 10-11 Eyl\u00fcl\u2019de Kenya\u2019da ger\u00e7ekle\u015ftirilen etkinlikte, telekom sekt\u00f6r\u00fcne \u00f6zel \u00e7\u00f6z\u00fcmlerini tan\u0131tan \u015firket, kat\u0131l\u0131mc\u0131lara hibrit \u00e7\u00f6z\u00fcmlerini de aktard\u0131.<\/p>\n<p>23\u201325 Eyl\u00fcl g\u00fcnleri aras\u0131nda Birle\u015fik Krall\u0131k\u2019\u0131n en b\u00fcy\u00fck canl\u0131 in\u015faat ekipmanlar\u0131 fuar\u0131 olan PlantWorx 2025\u2019e kat\u0131lan Aksa Jenerat\u00f6r, in\u015faat sekt\u00f6r\u00fcn\u00fcn enerji ihtiyac\u0131na \u00f6zel olarak geli\u015ftirilen Stage V emisyon standartlar\u0131na uyumlu jenerat\u00f6rleri ve \u00e7ok y\u00f6nl\u00fc Rental Pack \u00fcr\u00fcn grubunu tan\u0131tt\u0131. Y\u00fcksek verimlilik, d\u00fc\u015f\u00fck emisyon ve kesintisiz g\u00fc\u00e7 sa\u011flayan \u00e7\u00f6z\u00fcmleriyle \u00f6ne \u00e7\u0131kan Aksa Jenerat\u00f6r, in\u015faat sahalar\u0131nda s\u00fcrd\u00fcr\u00fclebilir ve g\u00fcvenilir enerji kullan\u0131m\u0131n\u0131 destekleyen \u00fcr\u00fcn gam\u0131yla kat\u0131l\u0131mc\u0131lar\u0131n yo\u011fun ilgisini g\u00f6rd\u00fc.<\/p>\n<p>8\u20139 Ekim tarihlerinde Singapur\u2019da d\u00fczenlenen Data Centre World Asia 2025 etkinli\u011fine kat\u0131lan \u015firket, fuar alan\u0131nda en yeni veri merkezi \u00e7\u00f6z\u00fcmlerini sergilerken, \u201cAKSA Data Center Seminar\u201d kapsam\u0131nda d\u00fczenlenen oturumlarda, sekt\u00f6r profesyonelleriyle enerji verimlili\u011fi, s\u00fcrd\u00fcr\u00fclebilirlik gibi konularda payla\u015f\u0131mlarda bulundu.<\/p>\n<p>Aksa Jenerat\u00f6r, 9 Ekim\u2019de ise Var\u015fova\u2019da d\u00fczenlenen Data Center Nation Warsaw 2025 etkinli\u011finin bronz sponsorlu\u011funu \u00fcstlendi. Veri merkezlerinin enerji s\u00fcreklili\u011fini ve verimlili\u011fini destekleyen \u00e7\u00f6z\u00fcmlerini tan\u0131tan Aksa, bu alanda geli\u015ftirilen y\u00fcksek g\u00fc\u00e7l\u00fc jenerat\u00f6r sistemleriyle dikkat \u00e7ekti. Etkinlikte, dijital altyap\u0131n\u0131n s\u00fcrd\u00fcr\u00fclebilirli\u011fini destekleyen kesintisiz g\u00fc\u00e7 \u00e7\u00f6z\u00fcmleri ve yeni nesil enerji teknolojileri payla\u015f\u0131l\u0131rken, Aksa Jenerat\u00f6r global veri merkezi sekt\u00f6r\u00fcn\u00fcn d\u00f6n\u00fc\u015f\u00fcm\u00fcne katk\u0131 sa\u011flayan \u00f6nc\u00fc markalardan biri olarak \u00f6ne \u00e7\u0131kt\u0131.<\/p>\n<p>Bu etkinli\u011fin ard\u0131ndan 15\u201319 Ekim tarihleri aras\u0131nda \u00c7in\u2019in Guangzhou kentinde d\u00fczenlenen Canton Fair\u2019de yeni ayd\u0131nlatma kulesi modelini tan\u0131t\u0131rken bununla birlikte en yeni enerji \u00e7\u00f6z\u00fcmlerini ve teknolojik \u00fcr\u00fcn portf\u00f6y\u00fcn\u00fc uluslararas\u0131 kat\u0131l\u0131mc\u0131lara tan\u0131tt\u0131.<\/p>\n<p>Aksa Jenerat\u00f6r, y\u0131l boyunca global fuarlara kat\u0131l\u0131m\u0131n\u0131 s\u00fcrd\u00fcrerek enerji sekt\u00f6r\u00fcndeki uluslararas\u0131 varl\u0131\u011f\u0131n\u0131 g\u00fc\u00e7lendirecek. 21\u201323 Ekim tarihlerinde Kazakistan\u2019\u0131n Almat\u0131 kentinde d\u00fczenlenecek Powerexpo Almat\u0131 2025 fuar\u0131nda da yer alacak olan \u015firket, Atakent Fuar Merkezi\u2019nde ziyaret\u00e7ilerini a\u011f\u0131rlayacak. \u015eirket, kritik altyap\u0131lardan Orta Asya\u2019daki end\u00fcstriyel projelere kadar geni\u015f bir yelpazeye hitap eden en yeni enerji \u00e7\u00f6z\u00fcmlerini tan\u0131tacak.<\/p>\n<p>Yay\u0131na Alan: Alperen ERTA\u015e-<a href=\"http:\/\/alperen.ertas@enerjigazetesi.ist\">alperen.ertas@enerjigazetesi.ist<\/a><\/p>","protected":false},"excerpt":{"rendered":"<p>Sorry, this entry is only available in Turkish. For the sake of viewer convenience, the content is shown below in the alternative language. You may click the link to switch the active language. Aksa Jenerat\u00f6r, eyl\u00fcl ve ekim aylar\u0131 boyunca kat\u0131ld\u0131\u011f\u0131 ulusal ve uluslararas\u0131 etkinliklerde inovatif enerji teknolojilerini sekt\u00f6r profesyonelleriyle bulu\u015fturdu. Enerji sekt\u00f6r\u00fcn\u00fcn lider \u015firketlerinden [&hellip;]<\/p>\n","protected":false},"author":19,"featured_media":201229,"comment_status":"open","ping_status":"open","sticky":false,"template":"","format":"standard","meta":[],"categories":[51,53],"tags":[12982,26353,117370,117371,117369],"views":17,"_links":{"self":[{"href":"https:\/\/www.enerjigazetesi.ist\/en\/wp-json\/wp\/v2\/posts\/201228"}],"collection":[{"href":"https:\/\/www.enerjigazetesi.ist\/en\/wp-json\/wp\/v2\/posts"}],"about":[{"href":"https:\/\/www.enerjigazetesi.ist\/en\/wp-json\/wp\/v2\/types\/post"}],"author":[{"embeddable":true,"href":"https:\/\/www.enerjigazetesi.ist\/en\/wp-json\/wp\/v2\/users\/19"}],"replies":[{"embeddable":true,"href":"https:\/\/www.enerjigazetesi.ist\/en\/wp-json\/wp\/v2\/comments?post=201228"}],"version-history":[{"count":0,"href":"https:\/\/www.enerjigazetesi.ist\/en\/wp-json\/wp\/v2\/posts\/201228\/revisions"}],"wp:featuredmedia":[{"embeddable":true,"href":"https:\/\/www.enerjigazetesi.ist\/en\/wp-json\/wp\/v2\/media\/201229"}],"wp:attachment":[{"href":"https:\/\/www.enerjigazetesi.ist\/en\/wp-json\/wp\/v2\/media?parent=201228"}],"wp:term":[{"taxonomy":"category","embeddable":true,"href":"https:\/\/www.enerjigazetesi.ist\/en\/wp-json\/wp\/v2\/categories?post=201228"},{"taxonomy":"post_tag","embeddable":true,"href":"https:\/\/www.enerjigazetesi.ist\/en\/wp-json\/wp\/v2\/tags?post=201228"}],"curies":[{"name":"wp","href":"https:\/\/api.w.org\/{rel}","templated":true}]}}