{"id":201166,"date":"2025-10-22T13:56:11","date_gmt":"2025-10-22T10:56:11","guid":{"rendered":"https:\/\/www.enerjigazetesi.ist\/?p=201166"},"modified":"2025-10-22T13:56:11","modified_gmt":"2025-10-22T10:56:11","slug":"kerem-kazaz-avrupada-istikrarli-basarisini-surduruyor","status":"publish","type":"post","link":"https:\/\/www.enerjigazetesi.ist\/en\/kerem-kazaz-avrupada-istikrarli-basarisini-surduruyor\/","title":{"rendered":"(Turkish) &#8217;Kerem Kazaz&#8217; Avrupa\u2019da \u0130stikrarl\u0131 Ba\u015far\u0131s\u0131n\u0131 S\u00fcrd\u00fcr\u00fcyor"},"content":{"rendered":"<p class=\"qtranxs-available-languages-message qtranxs-available-languages-message-en\">Sorry, this entry is only available in <a href=\"https:\/\/www.enerjigazetesi.ist\/tr\/wp-json\/wp\/v2\/posts\/201166\" class=\"qtranxs-available-language-link qtranxs-available-language-link-tr\" title=\"Turkish\">Turkish<\/a>. For the sake of viewer convenience, the content is shown below in the alternative language. You may click the link to switch the active language.<\/p><p><\/p>\n<h2><strong>Team Petrol Ofisi\u2019nin milli sporcusu Kerem Kazaz<\/strong>,<strong> Orta<\/strong> <strong>Avrupa Rallisi\u2019nde elde etti\u011fi ikincilikle birlikte<\/strong> <strong>2025 D\u00fcnya WRC3 \u015eampiyonas\u0131\u2019nda bitime iki ralli kala \u00fc\u00e7\u00fcnc\u00fcl\u00fc\u011fe y\u00fckselirken, <\/strong><strong>D\u00fcnya Gen\u00e7ler Ralli \u015eampiyonas\u0131\u2019ndaki ilk sezonunu d\u00f6rd\u00fcnc\u00fc s\u0131rada tamamlamay\u0131 ba\u015fard\u0131.<\/strong><\/h2>\n<p><img loading=\"lazy\" class=\"aligncenter wp-image-201167 size-full\" src=\"https:\/\/www.enerjigazetesi.ist\/wp-content\/uploads\/2025\/10\/Team_Petrol_Ofisi_Orta_Avrupa_Rallisi_1.jpg\" alt=\"\" width=\"550\" height=\"366\" srcset=\"https:\/\/www.enerjigazetesi.ist\/wp-content\/uploads\/2025\/10\/Team_Petrol_Ofisi_Orta_Avrupa_Rallisi_1.jpg 550w, https:\/\/www.enerjigazetesi.ist\/wp-content\/uploads\/2025\/10\/Team_Petrol_Ofisi_Orta_Avrupa_Rallisi_1-300x200.jpg 300w, https:\/\/www.enerjigazetesi.ist\/wp-content\/uploads\/2025\/10\/Team_Petrol_Ofisi_Orta_Avrupa_Rallisi_1-500x333.jpg 500w, https:\/\/www.enerjigazetesi.ist\/wp-content\/uploads\/2025\/10\/Team_Petrol_Ofisi_Orta_Avrupa_Rallisi_1-75x50.jpg 75w, https:\/\/www.enerjigazetesi.ist\/wp-content\/uploads\/2025\/10\/Team_Petrol_Ofisi_Orta_Avrupa_Rallisi_1-450x300.jpg 450w\" sizes=\"(max-width: 550px) 100vw, 550px\" \/><\/p>\n<p>D\u00f6rt g\u00fcn s\u00fcren Orta Avrupa Rallisi boyunca istikrarl\u0131 bir performans sergileyen Kerem Kazaz ve copilotu Corentin Silvestre, rallinin ilk \u00fc\u00e7 g\u00fcn\u00fcnde podyum m\u00fccadelesinin i\u00e7inde kalarak yar\u0131\u015flar\u0131n\u0131 s\u00fcrd\u00fcrd\u00fcler. Son g\u00fcn g\u00f6sterdi\u011fi ba\u015far\u0131l\u0131 performansla rakiplerini geride b\u0131rakan Team Petrol Ofisi ekibi Junior WRC\u2019de \u00fc\u00e7\u00fcnc\u00fc, WRC3 kategorisinde ise ikinci s\u0131raya y\u00fckselerek iki farkl\u0131 kategoride podyuma \u00e7\u0131kma ba\u015far\u0131s\u0131 g\u00f6sterdiler.<\/p>\n<p><img loading=\"lazy\" class=\"aligncenter wp-image-201168 size-full\" src=\"https:\/\/www.enerjigazetesi.ist\/wp-content\/uploads\/2025\/10\/Team_Petrol_Ofisi_Orta_Avrupa_Rallisi_2.jpg\" alt=\"\" width=\"550\" height=\"367\" srcset=\"https:\/\/www.enerjigazetesi.ist\/wp-content\/uploads\/2025\/10\/Team_Petrol_Ofisi_Orta_Avrupa_Rallisi_2.jpg 550w, https:\/\/www.enerjigazetesi.ist\/wp-content\/uploads\/2025\/10\/Team_Petrol_Ofisi_Orta_Avrupa_Rallisi_2-300x200.jpg 300w, https:\/\/www.enerjigazetesi.ist\/wp-content\/uploads\/2025\/10\/Team_Petrol_Ofisi_Orta_Avrupa_Rallisi_2-500x334.jpg 500w, https:\/\/www.enerjigazetesi.ist\/wp-content\/uploads\/2025\/10\/Team_Petrol_Ofisi_Orta_Avrupa_Rallisi_2-75x50.jpg 75w, https:\/\/www.enerjigazetesi.ist\/wp-content\/uploads\/2025\/10\/Team_Petrol_Ofisi_Orta_Avrupa_Rallisi_2-450x300.jpg 450w\" sizes=\"(max-width: 550px) 100vw, 550px\" \/><\/p>\n<p>Bu sonu\u00e7larla birlikte toplad\u0131klar\u0131 puanlar sayesinde Kazaz ve Silvestre, 2025 D\u00fcnya WRC3 \u015eampiyonas\u0131\u2019nda genel klasmanda \u00fc\u00e7\u00fcnc\u00fc s\u0131raya y\u00fckseldi. Ayr\u0131ca D\u00fcnya Gen\u00e7ler Ralli \u015eampiyonas\u0131\u2019ndaki ilk sezonlar\u0131n\u0131 da d\u00f6rd\u00fcnc\u00fc s\u0131rada tamamlayarak \u00f6nemli bir ba\u015far\u0131ya imza att\u0131lar.<\/p>\n<p>Team Petrol Ofisi pilotu <strong>Kerem Kazaz ve copilotu Corentin Silvestre<\/strong>\u2019nin bu ba\u015far\u0131s\u0131 Team Petrol Ofisi\u2019nin motor sporlar\u0131 alan\u0131ndaki uzun vadeli yat\u0131r\u0131mlar\u0131n\u0131n da bir yans\u0131mas\u0131 oldu. Tak\u0131m\u0131n gen\u00e7 yetenekleri destekleme vizyonu sezon boyunca elde edilen istikrarl\u0131 sonu\u00e7lar\u0131n temelinde yer ald\u0131. Sezonun geri kalan\u0131nda da benzer bir performans sergilemeyi hedefleyen Team Petrol Ofisi, T\u00fcrkiye\u2019yi uluslararas\u0131 arenada en iyi \u015fekilde temsil etmeye devam edecek.<\/p>\n<p>Yay\u0131na Alan: Alperen ERTA\u015e-<a href=\"http:\/\/alperen.ertas@enerjigazetesi.ist\">alperen.ertas@enerjigazetesi.ist<\/a><\/p>","protected":false},"excerpt":{"rendered":"<p>Sorry, this entry is only available in Turkish. For the sake of viewer convenience, the content is shown below in the alternative language. You may click the link to switch the active language. Team Petrol Ofisi\u2019nin milli sporcusu Kerem Kazaz, Orta Avrupa Rallisi\u2019nde elde etti\u011fi ikincilikle birlikte 2025 D\u00fcnya WRC3 \u015eampiyonas\u0131\u2019nda bitime iki ralli kala [&hellip;]<\/p>\n","protected":false},"author":19,"featured_media":201167,"comment_status":"open","ping_status":"open","sticky":false,"template":"","format":"standard","meta":[],"categories":[53,44],"tags":[117345,117346,115811,117344,115812],"views":24,"_links":{"self":[{"href":"https:\/\/www.enerjigazetesi.ist\/en\/wp-json\/wp\/v2\/posts\/201166"}],"collection":[{"href":"https:\/\/www.enerjigazetesi.ist\/en\/wp-json\/wp\/v2\/posts"}],"about":[{"href":"https:\/\/www.enerjigazetesi.ist\/en\/wp-json\/wp\/v2\/types\/post"}],"author":[{"embeddable":true,"href":"https:\/\/www.enerjigazetesi.ist\/en\/wp-json\/wp\/v2\/users\/19"}],"replies":[{"embeddable":true,"href":"https:\/\/www.enerjigazetesi.ist\/en\/wp-json\/wp\/v2\/comments?post=201166"}],"version-history":[{"count":0,"href":"https:\/\/www.enerjigazetesi.ist\/en\/wp-json\/wp\/v2\/posts\/201166\/revisions"}],"wp:featuredmedia":[{"embeddable":true,"href":"https:\/\/www.enerjigazetesi.ist\/en\/wp-json\/wp\/v2\/media\/201167"}],"wp:attachment":[{"href":"https:\/\/www.enerjigazetesi.ist\/en\/wp-json\/wp\/v2\/media?parent=201166"}],"wp:term":[{"taxonomy":"category","embeddable":true,"href":"https:\/\/www.enerjigazetesi.ist\/en\/wp-json\/wp\/v2\/categories?post=201166"},{"taxonomy":"post_tag","embeddable":true,"href":"https:\/\/www.enerjigazetesi.ist\/en\/wp-json\/wp\/v2\/tags?post=201166"}],"curies":[{"name":"wp","href":"https:\/\/api.w.org\/{rel}","templated":true}]}}