{"id":201129,"date":"2025-10-20T22:03:46","date_gmt":"2025-10-20T19:03:46","guid":{"rendered":"https:\/\/www.enerjigazetesi.ist\/?p=201129"},"modified":"2025-10-20T22:03:46","modified_gmt":"2025-10-20T19:03:46","slug":"balikesirdeki-okula-ruzgar-turbini-ve-gunes-paneli-kuruldu","status":"publish","type":"post","link":"https:\/\/www.enerjigazetesi.ist\/en\/balikesirdeki-okula-ruzgar-turbini-ve-gunes-paneli-kuruldu\/","title":{"rendered":"(Turkish) Bal\u0131kesir\u2019deki Okula R\u00fczg\u00e2r T\u00fcrbini ve G\u00fcne\u015f Paneli Kuruldu"},"content":{"rendered":"<p class=\"qtranxs-available-languages-message qtranxs-available-languages-message-en\">Sorry, this entry is only available in <a href=\"https:\/\/www.enerjigazetesi.ist\/tr\/wp-json\/wp\/v2\/posts\/201129\" class=\"qtranxs-available-language-link qtranxs-available-language-link-tr\" title=\"Turkish\">Turkish<\/a>. For the sake of viewer convenience, the content is shown below in the alternative language. You may click the link to switch the active language.<\/p><p><\/p>\n<h2><strong>Lise <\/strong><strong>\u00f6\u011frencisi Demir \u00c7olak, projesinin finansman\u0131n\u0131 <\/strong><strong>bizzat sa<\/strong><strong>\u011flayarak Bal\u0131kesir<\/strong><strong>\u2019<\/strong><strong>de deprem b<\/strong><strong>\u00f6<\/strong><strong>lgesinde yer alan bir okula r\u00fc<\/strong><strong>zgar t<\/strong><strong>\u00fcrbini ve g\u00fcne\u015f paneli kurdu.\u00a0 B<\/strong><strong>\u00f6<\/strong><strong>ylece hem e\u011fitimde temiz enerjiye ge\u00e7i\u015fe hem de gen\u00e7lerin s\u00fcrd\u00fcr\u00fclebilir gelecekteki rol\u00fcne <\/strong><strong>\u00f6<\/strong><strong>rnek oldu.<\/strong><\/h2>\n<div id=\"attachment_201130\" style=\"width: 560px\" class=\"wp-caption aligncenter\"><img aria-describedby=\"caption-attachment-201130\" loading=\"lazy\" class=\"wp-image-201130 size-full\" src=\"https:\/\/www.enerjigazetesi.ist\/wp-content\/uploads\/2025\/10\/Bas\u0327liksiz-2.jpg\" alt=\"\" width=\"550\" height=\"310\" srcset=\"https:\/\/www.enerjigazetesi.ist\/wp-content\/uploads\/2025\/10\/Bas\u0327liksiz-2.jpg 550w, https:\/\/www.enerjigazetesi.ist\/wp-content\/uploads\/2025\/10\/Bas\u0327liksiz-2-300x169.jpg 300w, https:\/\/www.enerjigazetesi.ist\/wp-content\/uploads\/2025\/10\/Bas\u0327liksiz-2-500x282.jpg 500w, https:\/\/www.enerjigazetesi.ist\/wp-content\/uploads\/2025\/10\/Bas\u0327liksiz-2-80x45.jpg 80w\" sizes=\"(max-width: 550px) 100vw, 550px\" \/><p id=\"caption-attachment-201130\" class=\"wp-caption-text\">Ankara Charles de Gaulle Frans\u0131z Lisesi 12. s\u0131n\u0131f \u00f6\u011frencisi Demir \u00c7olak<\/p><\/div>\n<p><strong>Ankara Charles de Gaulle Frans\u0131z Lisesi<\/strong> 12. s\u0131n\u0131f \u00f6\u011frencisi Demir \u00c7olak, temiz enerjiye ilgisini ve toplumsal duyarl\u0131l\u0131\u011f\u0131n\u0131 \u00f6rnek bir projeyle ta\u00e7land\u0131rd\u0131.\u00a0 Bal\u0131kesir Alt\u0131eyl\u00fcl Organize Sanayi Mesleki ve Teknik Anadolu Lisesi\u2019ne ak\u00fc depolamal\u0131 2 kW\u2019l\u0131k r\u00fczgar t\u00fcrbini ve 2 kW\u2019l\u0131k g\u00fcne\u015f paneli kurarak, okulu s\u00fcrd\u00fcr\u00fclebilir enerjiyle bulu\u015fturdu.<\/p>\n<p><img loading=\"lazy\" class=\"aligncenter wp-image-201131 size-full\" src=\"https:\/\/www.enerjigazetesi.ist\/wp-content\/uploads\/2025\/10\/Bas\u0327liksiz-1.jpg\" alt=\"\" width=\"550\" height=\"310\" srcset=\"https:\/\/www.enerjigazetesi.ist\/wp-content\/uploads\/2025\/10\/Bas\u0327liksiz-1.jpg 550w, https:\/\/www.enerjigazetesi.ist\/wp-content\/uploads\/2025\/10\/Bas\u0327liksiz-1-300x169.jpg 300w, https:\/\/www.enerjigazetesi.ist\/wp-content\/uploads\/2025\/10\/Bas\u0327liksiz-1-500x282.jpg 500w, https:\/\/www.enerjigazetesi.ist\/wp-content\/uploads\/2025\/10\/Bas\u0327liksiz-1-80x45.jpg 80w\" sizes=\"(max-width: 550px) 100vw, 550px\" \/><br \/>\nHem teknik hem insani bir ba\u015far\u0131ya imza atarak gen\u00e7 neslin s\u00fcrd\u00fcr\u00fclebilir gelece\u011fe katk\u0131 potansiyelini g\u00f6zler \u00f6n\u00fcne seren bir projeyi hayata ge\u00e7iren Demir \u00c7olak, 2025 y\u0131l\u0131 Ocak ay\u0131nda da \u00f6nemli bir projeye imza atm\u0131\u015ft\u0131.\u00a0 Uluslararas\u0131 Temiz Enerji G\u00fcn\u00fc kapsam\u0131nda Ankara\u2019daki Temelli K\u00fclt\u00fcr Merkezi\u2019nde UNESCO yetkilisinin de kat\u0131ld\u0131\u011f\u0131 panelin organizasyonunu ve moderat\u00f6rl\u00fc\u011f\u00fcn\u00fc \u00fcstlenen gen\u00e7 \u00f6\u011frenci, bu kez de ye\u015fil enerji \u00e7a\u011fr\u0131s\u0131n\u0131 eyleme d\u00f6n\u00fc\u015ft\u00fcrd\u00fc ve deprem b\u00f6lgesindeki okulu yenilenebilir enerjiyle bulu\u015fturmay\u0131 ba\u015fard\u0131.<\/p>\n<h3><strong>E\u011fitim camias\u0131ndan takdir<\/strong><\/h3>\n<p>Projenin tamamlanmas\u0131n\u0131n ard\u0131ndan<strong> Demir \u00c7olak\u2019a<\/strong> bir te\u015fekk\u00fcr plaketi verildi ve<strong> Bal\u0131kesir \u0130l Milli E\u011fitim M\u00fcd\u00fcr\u00fc Murat Demir<\/strong>;\u00a0<em> \u201cBal\u0131kesir ilimizde yenilenebilir enerji teknolojisi alan\u0131nda e\u011fitim veren okulumuza verilen bu destek ile \u00f6\u011frencilerimiz alanlar\u0131nda r\u00fczgar ve g\u00fcne\u015f enerjisi sistemlerinin birbirine entegre olarak nas\u0131l \u00e7al\u0131\u015ft\u0131\u011f\u0131n\u0131 g\u00f6rme f\u0131rsat\u0131 buldu\u201d<\/em> dedi. \u00dclkemizde yenilenebilir enerji kaynaklar\u0131n\u0131n kullan\u0131m\u0131n\u0131n artt\u0131r\u0131lmas\u0131 i\u00e7in e\u011fitim camias\u0131 olarak ulusal ve uluslararas\u0131 projeler yapt\u0131klar\u0131n\u0131 ve bu t\u00fcr projelere destek olduklar\u0131n\u0131 belirtti.<\/p>\n<p>Projenin tamamlanmas\u0131n\u0131n ard\u0131ndan d\u00fczenlenen t\u00f6rende Demir \u00c7olak\u2019a te\u015fekk\u00fcr plaketi sunan Alt\u0131eyl\u00fcl Milli E\u011fitim M\u00fcd\u00fcr\u00fc \u00c7etin Keren, <em>\u201cYenilenebilir enerji teknolojilerinin k\u00fc\u00e7\u00fck ya\u015fta \u00f6\u011fretilmesi b\u00fcy\u00fck \u00f6nem ta\u015f\u0131yor. Bu proje, il\u00e7emizdeki okulumuzda \u00f6\u011frenciler i\u00e7in hem teorik hem de pratik anlamda bir laboratuvar i\u015flevi g\u00f6recek\u201d<\/em> a\u00e7\u0131klamas\u0131n\u0131 yapt\u0131.<\/p>\n<p>T\u00f6rende konu\u015fan Demir \u00c7olak ise \u201c<em>Deprem b\u00f6lgesinde yer alan Bal\u0131kesir Organize Sanayi B\u00f6lgesi\u2019ndeki bu okulda, yenilenebilir enerji altyap\u0131s\u0131n\u0131 hayata ge\u00e7irmekten b\u00fcy\u00fck mutluluk duyuyorum. Bu proje benim i\u00e7in, e\u011fitimde ye\u015fil enerji kullan\u0131m\u0131na \u00f6rnek olmas\u0131n\u0131 umdu\u011fum bir ba\u015flang\u0131c\u0131 temsil ediyor\u201d<\/em> ifadelerini kulland\u0131.<\/p>\n<h3><strong>Finansman\u0131 da kendi temin etti<\/strong><\/h3>\n<p>Projenin t\u00fcm a\u015famalar\u0131nda aktif olarak rol alan Demir \u00c7olak, s\u00fcreci yaln\u0131zca fikir d\u00fczeyinde b\u0131rakmad\u0131. Sponsorlar bularak projenin finansman\u0131n\u0131 bizzat temin etti, r\u00fczgar t\u00fcrbini ve g\u00fcne\u015f panellerinin tedarik s\u00fcrecini y\u00f6netti.\u00a0 Projenin en zor b\u00f6l\u00fcmlerinden biri olan kurulum i\u00e7in gerekli izinlerin al\u0131nmas\u0131n\u0131n yan\u0131 s\u0131ra, mevcut mimari projeyle t\u00fcrbinin uyumlu hale getirilmesi s\u00fcre\u00e7lerini takip etti, m\u00fchendislerle birlikte kurulumun teknik a\u015famalar\u0131nda sahada yer ald\u0131. Lise \u00f6\u011frencisi Demir \u00c7olak, sistemin devreye al\u0131nmas\u0131n\u0131n ard\u0131ndan, Bal\u0131kesir\u2019deki \u00f6\u011frencilere bilgilendirici bir sunum yapt\u0131 ve teknik e\u011fitim verdi.<\/p>\n<p>Gen\u00e7lerin mimarl\u0131k ve m\u00fchendislik yetkinli\u011fini, toplumsal sorumluluk bilinci ve \u00e7evre duyarl\u0131l\u0131\u011f\u0131yla birle\u015ftiren proje, e\u011fitimde yenilik\u00e7i bir ad\u0131m\u0131 s\u00fcrd\u00fcr\u00fclebilir enerji hedefleriyle bir araya getirdi. Yenilenebilir enerji teknolojileri alan\u0131nda e\u011fitim veren okulun ayd\u0131nlatmas\u0131na entegre edilen sistem, sadece elektrik \u00fcretmekle kalmay\u0131p ayn\u0131 zamanda olas\u0131 bir deprem an\u0131nda kesintisiz enerji sa\u011flayarak okulun acil durum dayan\u0131kl\u0131l\u0131\u011f\u0131n\u0131 art\u0131rd\u0131.<\/p>\n<p>\u201cKendi enerjini kendin \u00fcret\u201d felsefesiyle geli\u015ftirilen proje, enerji s\u00fcrd\u00fcr\u00fclebilirli\u011fiyle birlikte afetlere haz\u0131rl\u0131k a\u00e7\u0131s\u0131ndan da \u00f6rnek bir model olu\u015fturdu.<\/p>\n<p>Yay\u0131na Alan: Alperen ERTA\u015e-<a href=\"http:\/\/alperen.ertas@enerjigazetesi.ist\">alperen.ertas@enerjigazetesi.ist<\/a><\/p>","protected":false},"excerpt":{"rendered":"<p>Sorry, this entry is only available in Turkish. For the sake of viewer convenience, the content is shown below in the alternative language. You may click the link to switch the active language. Lise \u00f6\u011frencisi Demir \u00c7olak, projesinin finansman\u0131n\u0131 bizzat sa\u011flayarak Bal\u0131kesir\u2019de deprem b\u00f6lgesinde yer alan bir okula r\u00fczgar t\u00fcrbini ve g\u00fcne\u015f paneli kurdu.\u00a0 B\u00f6ylece [&hellip;]<\/p>\n","protected":false},"author":19,"featured_media":201130,"comment_status":"open","ping_status":"open","sticky":false,"template":"","format":"standard","meta":[],"categories":[53,49,50],"tags":[3613,142,117333,324,24712],"views":11,"_links":{"self":[{"href":"https:\/\/www.enerjigazetesi.ist\/en\/wp-json\/wp\/v2\/posts\/201129"}],"collection":[{"href":"https:\/\/www.enerjigazetesi.ist\/en\/wp-json\/wp\/v2\/posts"}],"about":[{"href":"https:\/\/www.enerjigazetesi.ist\/en\/wp-json\/wp\/v2\/types\/post"}],"author":[{"embeddable":true,"href":"https:\/\/www.enerjigazetesi.ist\/en\/wp-json\/wp\/v2\/users\/19"}],"replies":[{"embeddable":true,"href":"https:\/\/www.enerjigazetesi.ist\/en\/wp-json\/wp\/v2\/comments?post=201129"}],"version-history":[{"count":0,"href":"https:\/\/www.enerjigazetesi.ist\/en\/wp-json\/wp\/v2\/posts\/201129\/revisions"}],"wp:featuredmedia":[{"embeddable":true,"href":"https:\/\/www.enerjigazetesi.ist\/en\/wp-json\/wp\/v2\/media\/201130"}],"wp:attachment":[{"href":"https:\/\/www.enerjigazetesi.ist\/en\/wp-json\/wp\/v2\/media?parent=201129"}],"wp:term":[{"taxonomy":"category","embeddable":true,"href":"https:\/\/www.enerjigazetesi.ist\/en\/wp-json\/wp\/v2\/categories?post=201129"},{"taxonomy":"post_tag","embeddable":true,"href":"https:\/\/www.enerjigazetesi.ist\/en\/wp-json\/wp\/v2\/tags?post=201129"}],"curies":[{"name":"wp","href":"https:\/\/api.w.org\/{rel}","templated":true}]}}