{"id":20106,"date":"2013-12-30T10:10:54","date_gmt":"2013-12-30T07:10:54","guid":{"rendered":"https:\/\/www.enerjigazetesi.ist\/?p=20106"},"modified":"2013-12-30T10:10:54","modified_gmt":"2013-12-30T07:10:54","slug":"ruzgarda-hedefe-ulasilabilir-ama","status":"publish","type":"post","link":"https:\/\/www.enerjigazetesi.ist\/en\/ruzgarda-hedefe-ulasilabilir-ama\/","title":{"rendered":"(Turkish) R\u00fczg\u00e2rda Hedefe Ula\u015f\u0131labilir Ama\u2026"},"content":{"rendered":"<p class=\"qtranxs-available-languages-message qtranxs-available-languages-message-en\">Sorry, this entry is only available in <a href=\"https:\/\/www.enerjigazetesi.ist\/tr\/wp-json\/wp\/v2\/posts\/20106\" class=\"qtranxs-available-language-link qtranxs-available-language-link-tr\" title=\"Turkish\">Turkish<\/a>. For the sake of viewer convenience, the content is shown below in the alternative language. You may click the link to switch the active language.<\/p><p><strong>\u0130ka Enerji M\u00fchendislik Sanayi ve Ticaret Limited \u015eirketi Y\u00f6netici Orta\u011f\u0131 Koray Alt\u0131nk\u0131l\u0131\u00e7,r\u00fczgar enerjisine verilecek ekstra desteklerin, T\u00fcrkiye\u2019nin 2023 y\u0131l\u0131nda 20 bin MW kurulu g\u00fc\u00e7 hedefine ula\u015fmas\u0131n\u0131 sa\u011flayabilece\u011fini s\u00f6yledi.<\/strong><\/p>\n<p>\u0130ka Enerji M\u00fchendislik Sanayi ve Ticaret Limited \u015eirketi Y\u00f6netici Orta\u011f\u0131 Koray Alt\u0131nk\u0131l\u0131\u00e7, T\u00fcrkiye\u2019nin r\u00fczg\u00e2r enerjisi alan\u0131nda 2023 y\u0131l\u0131nda 20 bin MW\u2019lik kurulu g\u00fc\u00e7 hedefini ger\u00e7ek\u00e7i bulmad\u0131\u011f\u0131n\u0131 belirtti. Ancak Alt\u0131nk\u0131l\u0131\u00e7, mevcut desteklere ek olarak sunulabilecek baz\u0131 te\u015fviklerin, bu hedefe ula\u015f\u0131lmas\u0131n\u0131 sa\u011flayabilece\u011fi g\u00f6r\u00fc\u015f\u00fcnde. Alt\u0131nk\u0131l\u0131\u00e7, sorular\u0131 cevaplad\u0131.<\/p>\n<p><strong>\u015eirketiniz hakk\u0131nda biraz genel bilgi verebilir misiniz?<\/strong><\/p>\n<p>\u0130ka Enerji, yeni bir \u015firket. Ge\u00e7ti\u011fimiz sene sonu itibariyle kurdu\u011fumuz bir \u015firket. R\u00fczg\u00e2r enerjisi \u00fczerine pro<a href=\"https:\/\/www.enerjigazetesi.ist\/wp-content\/uploads\/2013\/12\/ika-enerji-koray-altinkilic-ruzgarda-hedefe-ulasilabilir-ama.jpg\"><img loading=\"lazy\" class=\"alignright size-medium wp-image-20107\" title=\"ika-enerji-koray-altinkilic-ruzgarda-hedefe-ulasilabilir-ama\" src=\"https:\/\/www.enerjigazetesi.ist\/wp-content\/uploads\/2013\/12\/ika-enerji-koray-altinkilic-ruzgarda-hedefe-ulasilabilir-ama-300x216.jpg\" alt=\"\" width=\"300\" height=\"216\" srcset=\"https:\/\/www.enerjigazetesi.ist\/wp-content\/uploads\/2013\/12\/ika-enerji-koray-altinkilic-ruzgarda-hedefe-ulasilabilir-ama-300x216.jpg 300w, https:\/\/www.enerjigazetesi.ist\/wp-content\/uploads\/2013\/12\/ika-enerji-koray-altinkilic-ruzgarda-hedefe-ulasilabilir-ama-69x50.jpg 69w, https:\/\/www.enerjigazetesi.ist\/wp-content\/uploads\/2013\/12\/ika-enerji-koray-altinkilic-ruzgarda-hedefe-ulasilabilir-ama.jpg 412w\" sizes=\"(max-width: 300px) 100vw, 300px\" \/><\/a>je \u00fcretimi, kontrat \u00fcretimi, \u015fantiye \u00fcretimi yapmak \u00fczere kurdu\u011fumuz bir \u015firket. Daha \u00e7ok b\u00fcy\u00fck \u00f6l\u00e7ekli projelere hizmet vermek amac\u0131yla ba\u015flad\u0131k \u00e7al\u0131\u015fmalara. Ama daha sonra lisanss\u0131z elektrik y\u00f6netmeli\u011finin \u00e7\u0131kmas\u0131yla beraber k\u00fc\u00e7\u00fck \u00f6l\u00e7ekli projelere de hizmet verme f\u0131rsat\u0131 yakalad\u0131k.2012 y\u0131l\u0131nda kurulduktan hemen sonra Fas Krall\u0131\u011f\u0131\u2019nda 50 MW\u2019l\u0131k Foum El Oued R\u00fczgar Park\u0131 projesinin kontrat y\u00f6netimi, proje y\u00f6netimi ve \u015fantiye y\u00f6netimi kapsaml\u0131 i\u015flerini ald\u0131k.<\/p>\n<p><strong>Nas\u0131l ald\u0131n\u0131z bu i\u015fi?<\/strong><\/p>\n<p>Lahmeyer \u0130nternational firmas\u0131 T\u00fcrkiye Direkt\u00f6r\u00fc bizimle ba\u011flant\u0131ya ge\u00e7ti ve \u2018Bak\u0131n, b\u00f6yle bir i\u015f var, d\u00fc\u015f\u00fcn\u00fcr m\u00fcs\u00fcn\u00fcz\u2019 diye sordu. Biz de kabul ettik. Bu \u015fekilde 7-8 ay kadar, bu y\u0131l\u0131n A\u011fustos ay\u0131na kadar gidip gelerek ve bir grup arkada\u015f\u0131m\u0131z da s\u00fcrekli orada kalacak \u015fekilde in\u015faat, \u015fantiye, montaj, kurulum, devreye alma hizmetlerinde koordinasyon, koordine, y\u00f6netim hizmeti verdik. Onun ard\u0131ndanT\u00fcrkiye\u2019ye d\u00f6nd\u00fck.<\/p>\n<p><strong>T\u00fcrkiye\u2019de r\u00fczg\u00e2r enerjisinin gelece\u011fini nas\u0131l g\u00f6r\u00fcyorsunuz?<\/strong><\/p>\n<p>Bu konuda olumlu d\u00fc\u015f\u00fcn\u00fcyorum. Belli bir hedefimiz var \u00fclke olarak, 20 bin MW hedefimiz var. A\u00e7\u0131k\u00e7as\u0131 ben bu hedefi ger\u00e7ek\u00e7i bulmuyorum. Bug\u00fcne kadar hayata ge\u00e7irilmi\u015f potansiyele ve kalan s\u00fcreye bakarak ger\u00e7ek\u00e7i olmad\u0131\u011f\u0131n\u0131 s\u00f6ylemek durumunday\u0131m. \u00c7\u00fcnk\u00fc sekt\u00f6r\u00fcm\u00fczde 2005\u2019i milad sayal\u0131m, te\u015fviklerin ortaya \u00e7\u0131kmas\u0131 anlam\u0131nda, 2005\u2019ten itibaren bug\u00fcn kurulu g\u00fcc\u00fcm\u00fcz h\u00e2l\u00e2 2600- 2700 MW civar\u0131nda. Hedef ise 2023 y\u0131l\u0131nda 20 bin MW\u2019a ula\u015fmak. Matematik olarak bunun ger\u00e7ekle\u015fme olas\u0131l\u0131\u011f\u0131 yok. Bug\u00fcne kadar o e\u011friyi, hersene ger\u00e7ekle\u015fen MW kapasite rakam\u0131n\u0131 g\u00f6rd\u00fc\u011f\u00fcn\u00fczde zaten ula\u015f\u0131lamayaca\u011f\u0131 kendili\u011finden ortaya \u00e7\u0131k\u0131yor. Ancak ola\u011fan\u00fcst\u00fc, bir senede 2000 MW\u2019lar falan \u00fcretilir, o zaman belki.<\/p>\n<p><strong>Peki neden bu kadar yava\u015f ilerliyor bu i\u015fler?<\/strong><\/p>\n<p>Onun arkas\u0131nda hem devlet taraf\u0131ndan proje onay s\u00fcre\u00e7lerinde, kabul s\u00fcre\u00e7lerinde ya\u015fanan s\u0131k\u0131nt\u0131lar, yetersizlikler var, hem i\u015fveren taraf\u0131nda projenin kredibilitesinin ispatlanmas\u0131 ve kredi bulmas\u0131 a\u015famas\u0131nda ya\u015fanan s\u0131k\u0131nt\u0131lar var. \u0130zin s\u00fcre\u00e7lerinde yine ortaya \u00e7\u0131kan s\u0131k\u0131nt\u0131lar var. Bunlar hep s\u00fcreci uzat\u0131yor. Dolay\u0131s\u0131yla 40-50 MW\u2019l\u0131k orta \u00e7apta bir proje bile nereden baksan\u0131z bir bu\u00e7uk iki senede hayata ge\u00e7ebiliyor. Bu ger\u00e7eklikleri d\u00fc\u015f\u00fcnd\u00fc\u011f\u00fcm\u00fczde de 20 bin MW\u2019a ula\u015fmak \u00e7ok kolay de\u011fil. \u0130mk\u00e2ns\u0131z demek \u00e7ok iddial\u0131 olur ama kolay olmad\u0131\u011f\u0131 da ortada. Asl\u0131nda burada herkese bir g\u00f6rev d\u00fc\u015f\u00fcyor. Herkes i\u00e7inde oldu\u011fu s\u00fcreci nas\u0131l iyile\u015ftirebilir yada nas\u0131l katk\u0131da bulunabilir bunu d\u00fc\u015f\u00fcnmesi laz\u0131m. D\u00fc\u015f\u00fcn\u00fcyor g\u00f6r\u00fcn\u00fcyorlar. O y\u00fczden ben sekt\u00f6r\u00fcn gelece\u011fi hakk\u0131nda umutsuz de\u011filim ama 20 bin MW konusunda da iddial\u0131 olmamak gerekti\u011fini d\u00fc\u015f\u00fcn\u00fcyorum.<\/p>\n<p><strong>S\u00fcreci h\u0131zland\u0131rmak i\u00e7in neler yap\u0131lmal\u0131?<\/strong><\/p>\n<p>\u015eu anda benim g\u00f6rd\u00fc\u011f\u00fcm kadar\u0131yla, daha \u00f6nce 2015 y\u0131l\u0131na kadar uygulanmas\u0131 gereken yerli \u00fcretim ekipmanlar\u0131na y\u00f6nelik te\u015fvikin s\u00fcresi 2020 y\u0131l\u0131na kadar uzat\u0131ld\u0131\u011f\u0131na y\u00f6nelik \u00e7al\u0131\u015fmalar yap\u0131ld\u0131\u011f\u0131n\u0131 okudum.Yani, 2020 y\u0131l\u0131na kadar devreye giren santraller te\u015fvikten yararlanabilecekler. Bu iyi bir haber ama y\u00f6netmelik \u00e7\u0131kmad\u0131. Belki ekstra te\u015fvikler de sa\u011flanabilir. \u00d6rne\u011fin r\u00fczg\u00e2r enerjisinin devlet taraf\u0131ndan al\u0131m fiyat\u0131n\u0131n belki 7. 3 sentten daha y\u00fcksek bir rakama \u00e7\u0131kmas\u0131 yat\u0131r\u0131mc\u0131, \u00fcretici a\u00e7\u0131s\u0131ndan \u00e7ok b\u00fcy\u00fck te\u015fvik olur. Hatta sorunu hemen \u00e7\u00f6zer, bir bakm\u0131\u015fs\u0131n\u0131z 20 bin MW\u2019a ula\u015fm\u0131\u015f\u0131z. \u00d6dendikten sonra yap\u0131l\u0131r, neden yap\u0131lmas\u0131n?<\/p>\n<p><strong>T\u00fcrkiye\u2019de projelere finans sa\u011flamada bankalarla ne t\u00fcr sorunlar ya\u015fan\u0131yor?<\/strong><\/p>\n<p>Benim takip etti\u011fim kadar\u0131yla T\u00fcrkiye\u2019de proje finansman\u0131 hen\u00fcz yok. Projeye hem kendini ispat etmesi, teknik verilerle bir proje ekibinin bankan\u0131n olu\u015fturmu\u015f oldu\u011fu konsorsiyum kar\u015f\u0131s\u0131nda, bir teknik ekip kar\u015f\u0131s\u0131nda onu ispat etmesi ve projenin belli bir s\u00fcrede art\u0131k kendini amorti edece\u011fini ispat etmesi sonunda ortaya \u00e7\u0131kan bir krediden ziyade, daha b\u00f6yle hareket imk\u00e2n\u0131 dar olan, kredi oranlar\u0131 biraz daha sabitlenmi\u015f, rakamlar\u0131 \u00e7ok daha \u00f6nceden belli bir s\u00fcre\u00e7 izleniyor. Rakamlar \u00e7ok da saklanacak, gizlenecek rakamlar de\u011fil. Belli faiz oranlar\u0131nda bankalar 10-12 sene vadeyle kredi verebiliyorlar. T\u00fcrk bankalar\u0131 da veriyor art\u0131k, bu g\u00fczel bir \u015fey. Ama bunun ad\u0131 kesinlikle proje kredisi de\u011fil, bir projeye verilen kredi olarak g\u00f6rmek laz\u0131m. B\u00f6yle bir \u015fey var, ne g\u00fczel, olmas\u0131 da iyidir. Ama dedi\u011fim gibi kredi oranlar\u0131 daha makul olabilir.<\/p>\n<p><strong>Yabanc\u0131 bankalar\u0131n, marka\/\u00fcr\u00fcn \u015fartl\u0131 destekleri var galiba\u2026<\/strong><\/p>\n<p>Yabanc\u0131 bankalar\u0131n kredi verirken kendi \u00fclkelerinin \u00fcr\u00fcnlerini kullanma \u015fart\u0131 getirmeleri bilinen bir durum. \u00c7ok da \u015fa\u015f\u0131rt\u0131c\u0131 de\u011fil tabii ki. Sonu\u00e7ta o bankalar o kendi \u00fclkelerinin Eximbank\u2019lar\u0131ndan destek de al\u0131yorlard\u0131r diye tahmin ediyorum. Dolay\u0131s\u0131yla bir \u00fclkenin paras\u0131 ba\u015fka bir \u00fclkede de\u011ferlenecekse tabii ki o \u00fclkeden gelen bir ekipman\u0131n burada sanayiye kazand\u0131r\u0131lmas\u0131n\u0131 istemeleri do\u011fal bir yakla\u015f\u0131m. Bunun \u00f6n\u00fcne ge\u00e7mek \u00e7ok kolay de\u011fil asl\u0131na bakarsan\u0131z. Yani hem paray\u0131 \u00f6b\u00fcr taraf verecek ve hem de \u2018benim \u00fcr\u00fcn\u00fcm kullan\u0131ls\u0131n\u2019 denmeyecek\u2026 Bu \u00e7ok kolay s\u00f6ylenebilecek bir \u015fey de\u011fil.<\/p>\n<p>Ama \u015f\u00f6yle bir \u015fey var: \u00dcr\u00fcn se\u00e7imi, kredinin se\u00e7imiyle orant\u0131l\u0131. Biliyorsunuz se\u00e7ilen t\u00fcrbin \u00f6zelliklerinin o sahaya uymas\u0131yla ilgili bir \u015fey. T\u00fcrbinin milliyetinden \u00f6nce t\u00fcrbinin teknik \u00f6zellikleri irdeleniyor. Ondan sonra t\u00fcrbinin milliyetine geliniyor, ondan sonra belki de kredi sa\u011flayan kurumun milliyetiyle bir \u015fekilde \u00f6zde\u015fle\u015fme aran\u0131yor. Hatta t\u00fcrbin firmas\u0131 kendisi b\u00f6yle \u00e7\u00f6z\u00fcmlerle geliyor. Ben bunu satar\u0131m ama sana \u015fu bankadan kredi de sa\u011flayabilirim diyor. \u0130\u015fveren zaten haz\u0131r almaya, dolay\u0131s\u0131yla \u00e7ok g\u00fczel bir i\u015fbirli\u011fi oluyor. Bunu yapan bir\u00e7ok firma var.<\/p>\n<p><strong>Ar-Ge \u00e7al\u0131\u015fmalar\u0131n\u0131z ne durumda?<\/strong><\/p>\n<p>Ar-Ge departman\u0131m\u0131z daha \u00e7ok hangi projelerde hangi a\u015famalarda ne gibi s\u0131k\u0131nt\u0131larla kar\u015f\u0131la\u015ft\u0131\u011f\u0131m\u0131z \u00fczerine yo\u011funla\u015f\u0131yor. Yani \u2018spesifik bir konu alal\u0131m, onu ileri bir a\u015famaya ta\u015f\u0131yal\u0131m\u2019dan ziyade, biz \u015fu konuda s\u0131k\u0131nt\u0131 ya\u015fad\u0131k bunu nas\u0131l \u00e7\u00f6zebiliriz, buna nas\u0131l alternatif \u00e7\u00f6z\u00fcm \u00fcretebiliriz \u015feklinde biraz geriye d\u00f6n\u00fck iyile\u015ftirme \u015feklinde \u00e7al\u0131\u015f\u0131yor. O nedenle tam bir Ar-Ge \u00e7al\u0131\u015fmas\u0131 oldu\u011fu s\u00f6ylenemez. \u00d6yle bir \u00e7al\u0131\u015fma disiplinimizoldu\u011funu s\u00f6ylemem \u00e7ok do\u011fru olmaz.<\/p>\n<p>Yazan: Sabiha K\u00d6TEK<\/p>\n<p>Kaynak: <a href=\"http:\/\/enerjigunlugu.net\/ruzg\u00e2rda-hedefe-ulasilabilir-ama_6329.html\" target=\"_blank\">Enerji G\u00fcnl\u00fc\u011f\u00fc<\/a><\/p>","protected":false},"excerpt":{"rendered":"<p>Sorry, this entry is only available in Turkish. For the sake of viewer convenience, the content is shown below in the alternative language. You may click the link to switch the active language.\u0130ka Enerji M\u00fchendislik Sanayi ve Ticaret Limited \u015eirketi Y\u00f6netici Orta\u011f\u0131 Koray Alt\u0131nk\u0131l\u0131\u00e7,r\u00fczgar enerjisine verilecek ekstra desteklerin, T\u00fcrkiye\u2019nin 2023 y\u0131l\u0131nda 20 bin MW kurulu [&hellip;]<\/p>\n","protected":false},"author":1,"featured_media":20107,"comment_status":"open","ping_status":"open","sticky":false,"template":"","format":"standard","meta":[],"categories":[51,53,50],"tags":[2059,68,19,63,67,1009,165,11693,11692,69,16],"views":785,"_links":{"self":[{"href":"https:\/\/www.enerjigazetesi.ist\/en\/wp-json\/wp\/v2\/posts\/20106"}],"collection":[{"href":"https:\/\/www.enerjigazetesi.ist\/en\/wp-json\/wp\/v2\/posts"}],"about":[{"href":"https:\/\/www.enerjigazetesi.ist\/en\/wp-json\/wp\/v2\/types\/post"}],"author":[{"embeddable":true,"href":"https:\/\/www.enerjigazetesi.ist\/en\/wp-json\/wp\/v2\/users\/1"}],"replies":[{"embeddable":true,"href":"https:\/\/www.enerjigazetesi.ist\/en\/wp-json\/wp\/v2\/comments?post=20106"}],"version-history":[{"count":2,"href":"https:\/\/www.enerjigazetesi.ist\/en\/wp-json\/wp\/v2\/posts\/20106\/revisions"}],"predecessor-version":[{"id":20109,"href":"https:\/\/www.enerjigazetesi.ist\/en\/wp-json\/wp\/v2\/posts\/20106\/revisions\/20109"}],"wp:featuredmedia":[{"embeddable":true,"href":"https:\/\/www.enerjigazetesi.ist\/en\/wp-json\/wp\/v2\/media\/20107"}],"wp:attachment":[{"href":"https:\/\/www.enerjigazetesi.ist\/en\/wp-json\/wp\/v2\/media?parent=20106"}],"wp:term":[{"taxonomy":"category","embeddable":true,"href":"https:\/\/www.enerjigazetesi.ist\/en\/wp-json\/wp\/v2\/categories?post=20106"},{"taxonomy":"post_tag","embeddable":true,"href":"https:\/\/www.enerjigazetesi.ist\/en\/wp-json\/wp\/v2\/tags?post=20106"}],"curies":[{"name":"wp","href":"https:\/\/api.w.org\/{rel}","templated":true}]}}