{"id":201055,"date":"2025-10-18T20:52:46","date_gmt":"2025-10-18T17:52:46","guid":{"rendered":"https:\/\/www.enerjigazetesi.ist\/?p=201055"},"modified":"2025-10-18T20:52:46","modified_gmt":"2025-10-18T17:52:46","slug":"kj-power-generator-ve-volvo-pentadan-540-kwhlik-enerji-depolama-sistemi","status":"publish","type":"post","link":"https:\/\/www.enerjigazetesi.ist\/en\/kj-power-generator-ve-volvo-pentadan-540-kwhlik-enerji-depolama-sistemi\/","title":{"rendered":"(Turkish) KJ Power Generator ve Volvo Penta&#8217;dan 540 kWh&#8217;lik Enerji Depolama Sistemi"},"content":{"rendered":"<p class=\"qtranxs-available-languages-message qtranxs-available-languages-message-en\">Sorry, this entry is only available in <a href=\"https:\/\/www.enerjigazetesi.ist\/tr\/wp-json\/wp\/v2\/posts\/201055\" class=\"qtranxs-available-language-link qtranxs-available-language-link-tr\" title=\"Turkish\">Turkish<\/a>. For the sake of viewer convenience, the content is shown below in the alternative language. You may click the link to switch the active language.<\/p><p><\/p>\n<h2>KJ Power Generator ile Volvo Penta, KJ Power\u2019\u0131n tesisinde duyurulan anla\u015fmayla 540 kWh kapasiteli Batarya Enerji Depolama Sistemi (BESS) i\u00e7in stratejik bir ortakl\u0131\u011fa gitti. \u0130\u015f birli\u011fi, jenerat\u00f6r temelli saha tecr\u00fcbesi ile batarya teknolojisini tek bir \u00f6l\u00e7eklenebilir platformda bulu\u015fturmay\u0131 hedefliyor.<\/h2>\n<p><img loading=\"lazy\" class=\"aligncenter wp-image-201056 size-full\" src=\"https:\/\/www.enerjigazetesi.ist\/wp-content\/uploads\/2025\/10\/KJ_BESS_Lansman-8.jpg\" alt=\"\" width=\"550\" height=\"367\" srcset=\"https:\/\/www.enerjigazetesi.ist\/wp-content\/uploads\/2025\/10\/KJ_BESS_Lansman-8.jpg 550w, https:\/\/www.enerjigazetesi.ist\/wp-content\/uploads\/2025\/10\/KJ_BESS_Lansman-8-300x200.jpg 300w, https:\/\/www.enerjigazetesi.ist\/wp-content\/uploads\/2025\/10\/KJ_BESS_Lansman-8-500x334.jpg 500w, https:\/\/www.enerjigazetesi.ist\/wp-content\/uploads\/2025\/10\/KJ_BESS_Lansman-8-75x50.jpg 75w, https:\/\/www.enerjigazetesi.ist\/wp-content\/uploads\/2025\/10\/KJ_BESS_Lansman-8-450x300.jpg 450w\" sizes=\"(max-width: 550px) 100vw, 550px\" \/><\/p>\n<p><b>KJ Power Generator Y\u00f6netim Kurulu Ba\u015fkan\u0131 Musa K\u00fcrk\u00e7\u00fc<\/b>, ortakl\u0131\u011f\u0131n oda\u011f\u0131n\u0131 \u201ci\u015fletme s\u00fcreklili\u011fi ve riskin d\u00fc\u015f\u00fcr\u00fclmesi\u201d olarak tan\u0131mlad\u0131: <em>\u201cJenerat\u00f6r deneyimimizi enerji depolama ve ak\u0131ll\u0131 kontrolle entegre ederek, m\u00fc\u015fteriye tekrarlanabilir performans sunan bir mimari kuruyoruz.\u201d<\/em> dedi.<\/p>\n<p><b>Volvo Penta CEO\u2019su Anna M\u00fcller<\/b>, taraflar\u0131n uzun y\u0131llara dayanan i\u015f birli\u011fine at\u0131fla, \u201c<em>Batarya teknolojisindeki birikimimizi KJ Power\u2019\u0131n \u00fcretim kabiliyetiyle birle\u015ftiriyoruz. Bu, yeni teknoloji yat\u0131r\u0131mlar\u0131m\u0131z\u0131n pazara yans\u0131yan somut bir \u00e7\u0131kt\u0131s\u0131\u201d<\/em> dedi.<\/p>\n<p><b>Y\u00f6netim Kurulu Ba\u015fkan Yard\u0131mc\u0131s\u0131 Dr. Kadir S\u00fcmerkent<\/b>, \u00e7\u00f6z\u00fcm\u00fcn donan\u0131m\u0131n \u00f6tesine ge\u00e7ti\u011fini vurgulad\u0131:<em> \u201cG\u00fcc\u00fcn zek\u00e2s\u0131 yaz\u0131l\u0131mdad\u0131r. BESS\u2019i bir kutudan \u00e7\u0131kar\u0131p tesisin kritik kontrol noktas\u0131 haline getiriyoruz; \u00f6ng\u00f6r\u00fcc\u00fc bak\u0131m ve uzaktan g\u00fcncellemeyle i\u015fletme \u00f6mr\u00fc maliyetini y\u00f6netilebilir k\u0131l\u0131yoruz.\u201d<\/em> dedi<\/p>\n<p><img loading=\"lazy\" class=\"aligncenter wp-image-201057 size-full\" src=\"https:\/\/www.enerjigazetesi.ist\/wp-content\/uploads\/2025\/10\/kj-1.jpg\" alt=\"\" width=\"550\" height=\"367\" srcset=\"https:\/\/www.enerjigazetesi.ist\/wp-content\/uploads\/2025\/10\/kj-1.jpg 550w, https:\/\/www.enerjigazetesi.ist\/wp-content\/uploads\/2025\/10\/kj-1-300x200.jpg 300w, https:\/\/www.enerjigazetesi.ist\/wp-content\/uploads\/2025\/10\/kj-1-500x334.jpg 500w, https:\/\/www.enerjigazetesi.ist\/wp-content\/uploads\/2025\/10\/kj-1-75x50.jpg 75w, https:\/\/www.enerjigazetesi.ist\/wp-content\/uploads\/2025\/10\/kj-1-450x300.jpg 450w\" sizes=\"(max-width: 550px) 100vw, 550px\" \/><\/p>\n<p>\u015eirket verilerine g\u00f6re, 540 kWh\u2019l\u0131k \u00fcnite on-grid\/off-grid \u00e7al\u0131\u015fabilen \u00e7ift y\u00f6nl\u00fc inverter, SCADA entegrasyonu ve su so\u011futmal\u0131 termal y\u00f6netim ile geliyor. Li-ion h\u00fccre mimarisi, BMS korumalar\u0131 ve IP s\u0131n\u0131f\u0131 kabin, sahada g\u00fcvenlik ve dayan\u0131kl\u0131l\u0131\u011f\u0131 destekliyor. Sistem, 27 haneyi 4 saat besleyebiliyor ya da 6 elektrikli arac\u0131 tam kapasite \u015farj edebiliyor; afet senaryolar\u0131nda kritik y\u00fckleri 4 saate kadar destekleyebiliyor.<\/p>\n<p>1996\u2019da kurulan KJ Power Generator, \u00fcr\u00fcnlerinin y\u00fczde 85\u2019ini ihra\u00e7 ediyor ve 120\u2019den fazla \u00fclkeye ula\u015f\u0131yor. Ortak platformun, yenilenebilir kaynaklar\u0131n \u015febekeye 7\/24 entegrasyonunu h\u0131zland\u0131rmas\u0131, \u015fehir i\u00e7i d\u00fc\u015f\u00fck g\u00fcr\u00fclt\u00fc gereksinimleri ve afet anlar\u0131nda \u015febekeden ba\u011f\u0131ms\u0131z g\u00fc\u00e7 ihtiyac\u0131n\u0131 kar\u015f\u0131lamas\u0131 bekleniyor. S\u00fcmerkent, Avrupa talebine yak\u0131nl\u0131k i\u00e7in Avrupa\u2019da (Almanya) \u00fcretim hedefini de g\u00fcndeme ald\u0131.<\/p>\n<p>Yay\u0131na Alan: Alperen ERTA\u015e-<a href=\"http:\/\/alperen.ertas@enerjigazetesi.ist\">alperen.ertas@enerjigazetesi.ist<\/a><\/p>","protected":false},"excerpt":{"rendered":"<p>Sorry, this entry is only available in Turkish. For the sake of viewer convenience, the content is shown below in the alternative language. You may click the link to switch the active language. KJ Power Generator ile Volvo Penta, KJ Power\u2019\u0131n tesisinde duyurulan anla\u015fmayla 540 kWh kapasiteli Batarya Enerji Depolama Sistemi (BESS) i\u00e7in stratejik bir [&hellip;]<\/p>\n","protected":false},"author":19,"featured_media":201056,"comment_status":"open","ping_status":"open","sticky":false,"template":"","format":"standard","meta":[],"categories":[51,53],"tags":[50426,117300,7177,116960,117299],"views":18,"_links":{"self":[{"href":"https:\/\/www.enerjigazetesi.ist\/en\/wp-json\/wp\/v2\/posts\/201055"}],"collection":[{"href":"https:\/\/www.enerjigazetesi.ist\/en\/wp-json\/wp\/v2\/posts"}],"about":[{"href":"https:\/\/www.enerjigazetesi.ist\/en\/wp-json\/wp\/v2\/types\/post"}],"author":[{"embeddable":true,"href":"https:\/\/www.enerjigazetesi.ist\/en\/wp-json\/wp\/v2\/users\/19"}],"replies":[{"embeddable":true,"href":"https:\/\/www.enerjigazetesi.ist\/en\/wp-json\/wp\/v2\/comments?post=201055"}],"version-history":[{"count":0,"href":"https:\/\/www.enerjigazetesi.ist\/en\/wp-json\/wp\/v2\/posts\/201055\/revisions"}],"wp:featuredmedia":[{"embeddable":true,"href":"https:\/\/www.enerjigazetesi.ist\/en\/wp-json\/wp\/v2\/media\/201056"}],"wp:attachment":[{"href":"https:\/\/www.enerjigazetesi.ist\/en\/wp-json\/wp\/v2\/media?parent=201055"}],"wp:term":[{"taxonomy":"category","embeddable":true,"href":"https:\/\/www.enerjigazetesi.ist\/en\/wp-json\/wp\/v2\/categories?post=201055"},{"taxonomy":"post_tag","embeddable":true,"href":"https:\/\/www.enerjigazetesi.ist\/en\/wp-json\/wp\/v2\/tags?post=201055"}],"curies":[{"name":"wp","href":"https:\/\/api.w.org\/{rel}","templated":true}]}}