{"id":200995,"date":"2025-10-15T17:26:08","date_gmt":"2025-10-15T14:26:08","guid":{"rendered":"https:\/\/www.enerjigazetesi.ist\/?p=200995"},"modified":"2025-10-15T17:26:28","modified_gmt":"2025-10-15T14:26:28","slug":"akenerjinin-uretim-genel-mudur-yardimcisi-harun-tas-oldu","status":"publish","type":"post","link":"https:\/\/www.enerjigazetesi.ist\/en\/akenerjinin-uretim-genel-mudur-yardimcisi-harun-tas-oldu\/","title":{"rendered":"(Turkish) Akenerji&#8217;nin \u00dcretim Genel M\u00fcd\u00fcr Yard\u0131mc\u0131s\u0131 &#8216;Harun Ta\u015f&#8217; Oldu"},"content":{"rendered":"<p class=\"qtranxs-available-languages-message qtranxs-available-languages-message-en\">Sorry, this entry is only available in <a href=\"https:\/\/www.enerjigazetesi.ist\/tr\/wp-json\/wp\/v2\/posts\/200995\" class=\"qtranxs-available-language-link qtranxs-available-language-link-tr\" title=\"Turkish\">Turkish<\/a>. For the sake of viewer convenience, the content is shown below in the alternative language. You may click the link to switch the active language.<\/p><p><\/p>\n<h2><strong>T\u00fcrkiye&#8217;nin \u00f6nde gelen enerji \u015firketlerinden Akenerji&#8217;de \u00fcretimden sorumlu genel m\u00fcd\u00fcr yard\u0131mc\u0131l\u0131\u011f\u0131 g\u00f6revine 6 Ekim itibar\u0131yla Harun Ta\u015f atand\u0131. <\/strong><\/h2>\n<div id=\"attachment_200996\" style=\"width: 560px\" class=\"wp-caption aligncenter\"><img aria-describedby=\"caption-attachment-200996\" loading=\"lazy\" class=\"wp-image-200996\" src=\"https:\/\/www.enerjigazetesi.ist\/wp-content\/uploads\/2025\/10\/wwwwwwwwwwwwwwwwwwwww-300x272.jpg\" alt=\"\" width=\"550\" height=\"499\" srcset=\"https:\/\/www.enerjigazetesi.ist\/wp-content\/uploads\/2025\/10\/wwwwwwwwwwwwwwwwwwwww-300x272.jpg 300w, https:\/\/www.enerjigazetesi.ist\/wp-content\/uploads\/2025\/10\/wwwwwwwwwwwwwwwwwwwww-441x400.jpg 441w, https:\/\/www.enerjigazetesi.ist\/wp-content\/uploads\/2025\/10\/wwwwwwwwwwwwwwwwwwwww-55x50.jpg 55w, https:\/\/www.enerjigazetesi.ist\/wp-content\/uploads\/2025\/10\/wwwwwwwwwwwwwwwwwwwww-500x454.jpg 500w, https:\/\/www.enerjigazetesi.ist\/wp-content\/uploads\/2025\/10\/wwwwwwwwwwwwwwwwwwwww.jpg 529w\" sizes=\"(max-width: 550px) 100vw, 550px\" \/><p id=\"caption-attachment-200996\" class=\"wp-caption-text\">Harun Ta\u015f<\/p><\/div>\n<p>T\u00fcrkiye\u2019nin k\u00f6kl\u00fc sanayi gruplar\u0131ndan <strong>Akk\u00f6k Holding<\/strong> ve \u00c7ek enerji \u015firketi <strong>\u010cEZ<\/strong>\u2019in e\u015fit kat\u0131l\u0131ml\u0131 stratejik ortakl\u0131\u011f\u0131 <strong>Akenerji<\/strong>\u2019nin \u00fcretimden sorumlu yeni genel m\u00fcd\u00fcr yard\u0131mc\u0131s\u0131, enerji sekt\u00f6r\u00fcnde 20 y\u0131l\u0131 a\u015fk\u0131n i\u015f deneyimi olan Harun Ta\u015f oldu. Ta\u015f, <strong>Akenerji<\/strong>&#8216;nin toplam 1224 MW kurulu kapasiteye sahip dokuz enerji santralinin ve i\u015f sa\u011fl\u0131\u011f\u0131-g\u00fcvenli\u011fi birimlerinin y\u00f6netiminden sorumlu olacak.<\/p>\n<p>Lisans e\u011fitimini 2006 y\u0131l\u0131nda \u0130stanbul Teknik \u00dcniversitesi Elektrik M\u00fchendisli\u011fi b\u00f6l\u00fcm\u00fcnde tamamlayan Harun Ta\u015f, kariyerine Norsis Electric-Electro-Mechanic b\u00fcnyesinde elektrik tesislerinin projelendirilmesi ve kurulum hizmetleri alan\u0131nda ba\u015flad\u0131. Ard\u0131ndan Enerjisa ve Statkraft \u015firketlerinde i\u015fletme m\u00fcd\u00fcrl\u00fc\u011f\u00fc g\u00f6revlerini \u00fcstlendi. Ta\u015f, 2017 y\u0131l\u0131ndan bu yana Sanko Enerji\u2019de Genel M\u00fcd\u00fcr Yard\u0131mc\u0131s\u0131 olarak g\u00f6rev yap\u0131yordu.<\/p>\n<p>Yay\u0131na Alan: Alperen ERTA\u015e-<a href=\"http:\/\/alperen.ertas@enerjigazetesi.ist\">alperen.ertas@enerjigazetesi.ist<\/a><\/p>","protected":false},"excerpt":{"rendered":"<p>Sorry, this entry is only available in Turkish. For the sake of viewer convenience, the content is shown below in the alternative language. You may click the link to switch the active language. T\u00fcrkiye&#8217;nin \u00f6nde gelen enerji \u015firketlerinden Akenerji&#8217;de \u00fcretimden sorumlu genel m\u00fcd\u00fcr yard\u0131mc\u0131l\u0131\u011f\u0131 g\u00f6revine 6 Ekim itibar\u0131yla Harun Ta\u015f atand\u0131. T\u00fcrkiye\u2019nin k\u00f6kl\u00fc sanayi gruplar\u0131ndan [&hellip;]<\/p>\n","protected":false},"author":19,"featured_media":200996,"comment_status":"open","ping_status":"open","sticky":false,"template":"","format":"standard","meta":[],"categories":[22893,46,53,49,47,50],"tags":[3762,2069,117278,117279,846],"views":17,"_links":{"self":[{"href":"https:\/\/www.enerjigazetesi.ist\/en\/wp-json\/wp\/v2\/posts\/200995"}],"collection":[{"href":"https:\/\/www.enerjigazetesi.ist\/en\/wp-json\/wp\/v2\/posts"}],"about":[{"href":"https:\/\/www.enerjigazetesi.ist\/en\/wp-json\/wp\/v2\/types\/post"}],"author":[{"embeddable":true,"href":"https:\/\/www.enerjigazetesi.ist\/en\/wp-json\/wp\/v2\/users\/19"}],"replies":[{"embeddable":true,"href":"https:\/\/www.enerjigazetesi.ist\/en\/wp-json\/wp\/v2\/comments?post=200995"}],"version-history":[{"count":0,"href":"https:\/\/www.enerjigazetesi.ist\/en\/wp-json\/wp\/v2\/posts\/200995\/revisions"}],"wp:featuredmedia":[{"embeddable":true,"href":"https:\/\/www.enerjigazetesi.ist\/en\/wp-json\/wp\/v2\/media\/200996"}],"wp:attachment":[{"href":"https:\/\/www.enerjigazetesi.ist\/en\/wp-json\/wp\/v2\/media?parent=200995"}],"wp:term":[{"taxonomy":"category","embeddable":true,"href":"https:\/\/www.enerjigazetesi.ist\/en\/wp-json\/wp\/v2\/categories?post=200995"},{"taxonomy":"post_tag","embeddable":true,"href":"https:\/\/www.enerjigazetesi.ist\/en\/wp-json\/wp\/v2\/tags?post=200995"}],"curies":[{"name":"wp","href":"https:\/\/api.w.org\/{rel}","templated":true}]}}