{"id":20095,"date":"2013-12-30T00:55:43","date_gmt":"2013-12-29T21:55:43","guid":{"rendered":"https:\/\/www.enerjigazetesi.ist\/?p=20095"},"modified":"2013-12-30T00:57:28","modified_gmt":"2013-12-29T21:57:28","slug":"bulgaristanda-elektrigin-ucuzlatilmasi-kararina-dagitim-sirketlerinden-tepki","status":"publish","type":"post","link":"https:\/\/www.enerjigazetesi.ist\/en\/bulgaristanda-elektrigin-ucuzlatilmasi-kararina-dagitim-sirketlerinden-tepki\/","title":{"rendered":"(Turkish) Bulgaristan\u2019da Elektri\u011fin Ucuzlat\u0131lmas\u0131 Karar\u0131na Da\u011f\u0131t\u0131m \u015eirketleri Tepkisi!"},"content":{"rendered":"<p class=\"qtranxs-available-languages-message qtranxs-available-languages-message-en\">Sorry, this entry is only available in <a href=\"https:\/\/www.enerjigazetesi.ist\/tr\/wp-json\/wp\/v2\/posts\/20095\" class=\"qtranxs-available-language-link qtranxs-available-language-link-tr\" title=\"Turkish\">Turkish<\/a>. For the sake of viewer convenience, the content is shown below in the alternative language. You may click the link to switch the active language.<\/p><p><strong>Bulgaristan\u2019da elektrik fiyatlar\u0131n\u0131n ucuzlat\u0131lmas\u0131 karar\u0131na, da\u011f\u0131t\u0131m \u015firketleri EVN, Energo Pro ve CEZ\u2019den tepki geldi<\/strong>.<\/p>\n<p>Bulgaristan Devlet Su ve Enerji D\u00fczenlem<a href=\"https:\/\/www.enerjigazetesi.ist\/wp-content\/uploads\/2013\/12\/bulgaristanda-elektrigin-ucuzlatilmasi-kararina-dagitim-sirketlerinden-tepki.jpg\"><img loading=\"lazy\" class=\"alignleft size-medium wp-image-20096\" title=\"bulgaristanda-elektrigin-ucuzlatilmasi-kararina-dagitim-sirketlerinden-tepki\" src=\"https:\/\/www.enerjigazetesi.ist\/wp-content\/uploads\/2013\/12\/bulgaristanda-elektrigin-ucuzlatilmasi-kararina-dagitim-sirketlerinden-tepki-300x208.jpg\" alt=\"\" width=\"300\" height=\"208\" srcset=\"https:\/\/www.enerjigazetesi.ist\/wp-content\/uploads\/2013\/12\/bulgaristanda-elektrigin-ucuzlatilmasi-kararina-dagitim-sirketlerinden-tepki-300x208.jpg 300w, https:\/\/www.enerjigazetesi.ist\/wp-content\/uploads\/2013\/12\/bulgaristanda-elektrigin-ucuzlatilmasi-kararina-dagitim-sirketlerinden-tepki-500x346.jpg 500w, https:\/\/www.enerjigazetesi.ist\/wp-content\/uploads\/2013\/12\/bulgaristanda-elektrigin-ucuzlatilmasi-kararina-dagitim-sirketlerinden-tepki-72x50.jpg 72w, https:\/\/www.enerjigazetesi.ist\/wp-content\/uploads\/2013\/12\/bulgaristanda-elektrigin-ucuzlatilmasi-kararina-dagitim-sirketlerinden-tepki.jpg 568w\" sizes=\"(max-width: 300px) 100vw, 300px\" \/><\/a>e Kurulu\u2019nun (DKEVR) 1 Ocak 2014 tarihinden itibaren g\u00fcnd\u00fcz t\u00fcketilen elektrik fiyat\u0131nda y\u00fczde 1, gece kullan\u0131m\u0131nda ise y\u00fczde 10 civar\u0131nda indirim planland\u0131\u011f\u0131n\u0131 a\u00e7\u0131klamas\u0131, elektrik da\u011f\u0131t\u0131m \u015firketlerinin tepkisini \u00e7ekti. \u00dclkede faaliyet g\u00f6steren elektrik da\u011f\u0131t\u0131m \u015firketleri EVN, Energo Pro ve CEZ, indirim karar\u0131n\u0131 yarg\u0131ya g\u00f6t\u00fcreceklerini a\u00e7\u0131klad\u0131.<\/p>\n<p>Bulgaristan\u2019\u0131n bat\u0131s\u0131nda elektrik da\u011f\u0131t\u0131m\u0131n\u0131 ger\u00e7ekle\u015ftiren CEZ, fiyatlarda indirime gidilmesi durumunda milyonlarca leval\u0131k kay\u0131plar\u0131 olaca\u011f\u0131n\u0131, bu nedenle de karar\u0131 mahkemeye ta\u015f\u0131yacaklar\u0131n\u0131 duyurdu.<\/p>\n<p>DKEVR Ba\u015fkan\u0131 Boyan Boev, elektrik da\u011f\u0131t\u0131m \u015firketlerinin indirime kar\u015f\u0131 mahkemeye ba\u015fvurma hakk\u0131na sahip olduklar\u0131n\u0131 belirtti.<\/p>\n<p>Elektrik fiyat\u0131nda indirime gidilmesi karar\u0131na Ekonomi Bakan\u0131 Dragomir Stoynev\u2019den de destek geldi. Bakan Stoynev, \u00f6zellikle gece kullan\u0131m\u0131nda yap\u0131lacak indirimin k\u00fc\u00e7\u00fck ve orta \u00f6l\u00e7ekli i\u015fletmeler i\u00e7in \u00e7ok iyi olaca\u011f\u0131n\u0131 vurgulad\u0131.<\/p>\n<p>Kaynak: <a href=\"http:\/\/enerjigunlugu.net\/bulgaristanda-elektrigin-ucuzlatilmasi-kararina-da_6325.html\" target=\"_blank\">Enerji G\u00fcnl\u00fc\u011f\u00fc<\/a><\/p>","protected":false},"excerpt":{"rendered":"<p>Sorry, this entry is only available in Turkish. For the sake of viewer convenience, the content is shown below in the alternative language. You may click the link to switch the active language.Bulgaristan\u2019da elektrik fiyatlar\u0131n\u0131n ucuzlat\u0131lmas\u0131 karar\u0131na, da\u011f\u0131t\u0131m \u015firketleri EVN, Energo Pro ve CEZ\u2019den tepki geldi. Bulgaristan Devlet Su ve Enerji D\u00fczenleme Kurulu\u2019nun (DKEVR) 1 [&hellip;]<\/p>\n","protected":false},"author":1,"featured_media":20096,"comment_status":"open","ping_status":"open","sticky":false,"template":"","format":"standard","meta":[],"categories":[51,53],"tags":[3323,11689,68,61,343,11691,11688,63,67,1009,165,11687,1016,11690],"views":661,"_links":{"self":[{"href":"https:\/\/www.enerjigazetesi.ist\/en\/wp-json\/wp\/v2\/posts\/20095"}],"collection":[{"href":"https:\/\/www.enerjigazetesi.ist\/en\/wp-json\/wp\/v2\/posts"}],"about":[{"href":"https:\/\/www.enerjigazetesi.ist\/en\/wp-json\/wp\/v2\/types\/post"}],"author":[{"embeddable":true,"href":"https:\/\/www.enerjigazetesi.ist\/en\/wp-json\/wp\/v2\/users\/1"}],"replies":[{"embeddable":true,"href":"https:\/\/www.enerjigazetesi.ist\/en\/wp-json\/wp\/v2\/comments?post=20095"}],"version-history":[{"count":2,"href":"https:\/\/www.enerjigazetesi.ist\/en\/wp-json\/wp\/v2\/posts\/20095\/revisions"}],"predecessor-version":[{"id":20099,"href":"https:\/\/www.enerjigazetesi.ist\/en\/wp-json\/wp\/v2\/posts\/20095\/revisions\/20099"}],"wp:featuredmedia":[{"embeddable":true,"href":"https:\/\/www.enerjigazetesi.ist\/en\/wp-json\/wp\/v2\/media\/20096"}],"wp:attachment":[{"href":"https:\/\/www.enerjigazetesi.ist\/en\/wp-json\/wp\/v2\/media?parent=20095"}],"wp:term":[{"taxonomy":"category","embeddable":true,"href":"https:\/\/www.enerjigazetesi.ist\/en\/wp-json\/wp\/v2\/categories?post=20095"},{"taxonomy":"post_tag","embeddable":true,"href":"https:\/\/www.enerjigazetesi.ist\/en\/wp-json\/wp\/v2\/tags?post=20095"}],"curies":[{"name":"wp","href":"https:\/\/api.w.org\/{rel}","templated":true}]}}