{"id":200927,"date":"2025-10-15T14:09:15","date_gmt":"2025-10-15T11:09:15","guid":{"rendered":"https:\/\/www.enerjigazetesi.ist\/?p=200927"},"modified":"2025-10-15T14:09:15","modified_gmt":"2025-10-15T11:09:15","slug":"gunes-pv-2030a-kadar-kuresel-yenilenebilir-kapasiteyi-ikiye-katlayacak","status":"publish","type":"post","link":"https:\/\/www.enerjigazetesi.ist\/en\/gunes-pv-2030a-kadar-kuresel-yenilenebilir-kapasiteyi-ikiye-katlayacak\/","title":{"rendered":"(Turkish) &#8217;G\u00fcne\u015f PV&#8217; 2030\u2019a Kadar K\u00fcresel Yenilenebilir Kapasiteyi \u0130kiye Katlayacak"},"content":{"rendered":"<p class=\"qtranxs-available-languages-message qtranxs-available-languages-message-en\">Sorry, this entry is only available in <a href=\"https:\/\/www.enerjigazetesi.ist\/tr\/wp-json\/wp\/v2\/posts\/200927\" class=\"qtranxs-available-language-link qtranxs-available-language-link-tr\" title=\"Turkish\">Turkish<\/a>. For the sake of viewer convenience, the content is shown below in the alternative language. You may click the link to switch the active language.<\/p><p><\/p>\n<h2><strong>Uluslararas\u0131 Enerji Ajans\u0131\u2019n\u0131n (IEA) Sal\u0131 g\u00fcn\u00fc yay\u0131mlanan son raporuna g\u00f6re, k\u00fcresel yenilenebilir enerji kapasitesinin 2030 y\u0131l\u0131na kadar iki kat\u0131ndan fazla artmas\u0131 bekleniyor. Bu b\u00fcy\u00fcmeye g\u00fcne\u015f fotovoltaik (PV) teknolojisi \u00f6nc\u00fcl\u00fck edecek.<\/strong><\/h2>\n<p><img loading=\"lazy\" class=\"aligncenter wp-image-200928 size-full\" src=\"https:\/\/www.enerjigazetesi.ist\/wp-content\/uploads\/2025\/10\/sivas-osb-gunes-1200x1200-1.jpg\" alt=\"\" width=\"550\" height=\"344\" srcset=\"https:\/\/www.enerjigazetesi.ist\/wp-content\/uploads\/2025\/10\/sivas-osb-gunes-1200x1200-1.jpg 550w, https:\/\/www.enerjigazetesi.ist\/wp-content\/uploads\/2025\/10\/sivas-osb-gunes-1200x1200-1-300x188.jpg 300w, https:\/\/www.enerjigazetesi.ist\/wp-content\/uploads\/2025\/10\/sivas-osb-gunes-1200x1200-1-500x313.jpg 500w, https:\/\/www.enerjigazetesi.ist\/wp-content\/uploads\/2025\/10\/sivas-osb-gunes-1200x1200-1-80x50.jpg 80w\" sizes=\"(max-width: 550px) 100vw, 550px\" \/><\/p>\n<p>IEA\u2019n\u0131n Yenilenebilir Enerji 2025 raporu, 2030 y\u0131l\u0131na kadar k\u00fcresel yenilenebilir enerji kapasitesinde 4.600 gigavat (GW) art\u0131\u015f \u00f6ng\u00f6r\u00fcyor. Bu art\u0131\u015f, \u00c7in, Avrupa Birli\u011fi ve Japonya\u2019n\u0131n toplam enerji \u00fcretim kapasitesine e\u015fde\u011fer.<\/p>\n<p>G\u00fcne\u015f PV\u2019nin bu b\u00fcy\u00fcmenin yakla\u015f\u0131k y\u00fczde 80\u2019ini olu\u015fturmas\u0131 bekleniyor. Bu durum, rekabet\u00e7i maliyetler ve daha h\u0131zl\u0131 izin s\u00fcre\u00e7lerinden kaynaklan\u0131yor. R\u00fczgar, hidroelektrik, biyoenerji ve jeotermal enerji ise geni\u015flemenin geri kalan\u0131n\u0131 olu\u015fturacak.<\/p>\n<p>Jeotermal kurulumlar\u0131n ABD, Japonya, Endonezya ve \u00e7e\u015fitli geli\u015fmekte olan ekonomiler dahil olmak \u00fczere kilit pazarlarda tarihi y\u00fcksekliklere ula\u015fmas\u0131 \u00f6ng\u00f6r\u00fcl\u00fcyor. \u015eebeke entegrasyonu zorluklar\u0131ndan dolay\u0131 pompaj depolamal\u0131 hidroelektrik enerjiye olan ilgi de art\u0131yor. \u00d6n\u00fcm\u00fczdeki be\u015f y\u0131l i\u00e7inde b\u00fcy\u00fcmenin, \u00f6nceki be\u015f y\u0131ll\u0131k d\u00f6neme g\u00f6re neredeyse y\u00fczde 80 daha h\u0131zl\u0131 olmas\u0131 bekleniyor.<\/p>\n<p>IEA \u0130cra Direkt\u00f6r\u00fc Fatih Birol \u015f\u00f6yle dedi:<em> \u201c\u00d6n\u00fcm\u00fczdeki y\u0131llarda k\u00fcresel yenilenebilir kapasite b\u00fcy\u00fcmesi g\u00fcne\u015f PV taraf\u0131ndan domine edilecek \u2013 ancak r\u00fczgar, hidroelektrik, biyoenerji ve jeotermal de katk\u0131da bulunacak.\u201d<\/em> dedi.<\/p>\n<p>Asya, Orta Do\u011fu ve Afrika\u2019daki geli\u015fmekte olan ekonomiler, maliyet rekabeti ve daha g\u00fc\u00e7l\u00fc politika deste\u011fi sayesinde daha h\u0131zl\u0131 yenilenebilir enerji b\u00fcy\u00fcmesi ya\u015f\u0131yor. Hindistan, \u00c7in\u2019den sonra d\u00fcnyan\u0131n en b\u00fcy\u00fck ikinci yenilenebilir b\u00fcy\u00fcme pazar\u0131 olmaya haz\u0131rlan\u0131yor ve 2030 hedeflerini kar\u015f\u0131lama yolunda ilerliyor.<\/p>\n<p>Genel iyimserli\u011fe ra\u011fmen, rapordaki k\u00fcresel yenilenebilir kapasite b\u00fcy\u00fcmesi g\u00f6r\u00fcn\u00fcm\u00fc ge\u00e7en y\u0131la g\u00f6re biraz a\u015fa\u011f\u0131 y\u00f6nl\u00fc revize edildi. Bu ayarlama, \u00f6ncelikle ABD ve \u00c7in\u2019deki politika de\u011fi\u015fikliklerinden kaynaklan\u0131yor. ABD\u2019de federal vergi te\u015fviklerinin erken a\u015famada kald\u0131r\u0131lmas\u0131, \u00f6nceki tahminlere g\u00f6re b\u00fcy\u00fcme beklentilerini neredeyse y\u00fczde 50 d\u00fc\u015f\u00fcrd\u00fc. \u00c7in\u2019in ise sabit tarifelerden a\u00e7\u0131k art\u0131rmalara ge\u00e7i\u015fi proje ekonomisini etkiliyor.<\/p>\n<p>Bu azalmalar, di\u011fer b\u00f6lgelerdeki b\u00fcy\u00fcmeyle k\u0131smen dengeleniyor. \u00d6zellikle Hindistan, Avrupa ve \u00e7o\u011fu geli\u015fmekte olan ekonomide, yeni politikalar, geni\u015fletilmi\u015f ihaleler, daha h\u0131zl\u0131 izin s\u00fcre\u00e7leri ve \u00e7at\u0131 \u00fcst\u00fc g\u00fcne\u015f enerjisinin artan kullan\u0131m\u0131 sayesinde beklentiler iyile\u015fti.<\/p>\n<p>Rapor, devam eden zorluklar\u0131 da vurguluyor. Bunlar aras\u0131nda \u00c7in\u2019deki tedarik zinciri yo\u011funla\u015fmas\u0131 yer al\u0131yor. Kilit \u00fcretim segmentlerinin 2030 y\u0131l\u0131na kadar y\u00fczde 90\u2019\u0131n \u00fczerinde kalmas\u0131 bekleniyor. De\u011fi\u015fken yenilenebilir enerji kaynaklar\u0131n\u0131n artmas\u0131yla \u015febeke entegrasyonu sorunlar\u0131 da daha yayg\u0131n hale geliyor. Kesinti ve negatif fiyat olaylar\u0131 daha fazla pazarda g\u00f6r\u00fclmeye ba\u015flad\u0131.<\/p>\n<p>Ula\u015f\u0131m sekt\u00f6r\u00fcnde, yenilenebilir enerjinin enerji kullan\u0131m\u0131ndaki pay\u0131n\u0131n bug\u00fcnk\u00fc y\u00fczde 4\u2019ten 2030\u2019a kadar y\u00fczde 6\u2019ya y\u00fckselmesi \u00f6ng\u00f6r\u00fcl\u00fcyor. Ayn\u0131 d\u00f6nemde, binalar ve end\u00fcstri i\u00e7in \u0131s\u0131tmadaki paylar\u0131n\u0131n ise y\u00fczde 14\u2019ten y\u00fczde 18\u2019e y\u00fckselmesi bekleniyor.<\/p>\n<p>Yay\u0131na Alan: Alperen ERTA\u015e-<a href=\"http:\/\/alperen.ertas@enerjigazetesi.ist\">alperen.ertas@enerjigazetesi.ist<\/a><\/p>","protected":false},"excerpt":{"rendered":"<p>Sorry, this entry is only available in Turkish. For the sake of viewer convenience, the content is shown below in the alternative language. You may click the link to switch the active language. Uluslararas\u0131 Enerji Ajans\u0131\u2019n\u0131n (IEA) Sal\u0131 g\u00fcn\u00fc yay\u0131mlanan son raporuna g\u00f6re, k\u00fcresel yenilenebilir enerji kapasitesinin 2030 y\u0131l\u0131na kadar iki kat\u0131ndan fazla artmas\u0131 bekleniyor. [&hellip;]<\/p>\n","protected":false},"author":19,"featured_media":200928,"comment_status":"open","ping_status":"open","sticky":false,"template":"","format":"standard","meta":[],"categories":[53,49],"tags":[1023,117251,1405,117252,1022],"views":17,"_links":{"self":[{"href":"https:\/\/www.enerjigazetesi.ist\/en\/wp-json\/wp\/v2\/posts\/200927"}],"collection":[{"href":"https:\/\/www.enerjigazetesi.ist\/en\/wp-json\/wp\/v2\/posts"}],"about":[{"href":"https:\/\/www.enerjigazetesi.ist\/en\/wp-json\/wp\/v2\/types\/post"}],"author":[{"embeddable":true,"href":"https:\/\/www.enerjigazetesi.ist\/en\/wp-json\/wp\/v2\/users\/19"}],"replies":[{"embeddable":true,"href":"https:\/\/www.enerjigazetesi.ist\/en\/wp-json\/wp\/v2\/comments?post=200927"}],"version-history":[{"count":0,"href":"https:\/\/www.enerjigazetesi.ist\/en\/wp-json\/wp\/v2\/posts\/200927\/revisions"}],"wp:featuredmedia":[{"embeddable":true,"href":"https:\/\/www.enerjigazetesi.ist\/en\/wp-json\/wp\/v2\/media\/200928"}],"wp:attachment":[{"href":"https:\/\/www.enerjigazetesi.ist\/en\/wp-json\/wp\/v2\/media?parent=200927"}],"wp:term":[{"taxonomy":"category","embeddable":true,"href":"https:\/\/www.enerjigazetesi.ist\/en\/wp-json\/wp\/v2\/categories?post=200927"},{"taxonomy":"post_tag","embeddable":true,"href":"https:\/\/www.enerjigazetesi.ist\/en\/wp-json\/wp\/v2\/tags?post=200927"}],"curies":[{"name":"wp","href":"https:\/\/api.w.org\/{rel}","templated":true}]}}