{"id":200909,"date":"2025-10-15T13:21:28","date_gmt":"2025-10-15T10:21:28","guid":{"rendered":"https:\/\/www.enerjigazetesi.ist\/?p=200909"},"modified":"2025-10-15T13:21:50","modified_gmt":"2025-10-15T10:21:50","slug":"siemensin-gebze-fabrikasi-100-000inci-orta-gerilim-panosunu-uretti","status":"publish","type":"post","link":"https:\/\/www.enerjigazetesi.ist\/en\/siemensin-gebze-fabrikasi-100-000inci-orta-gerilim-panosunu-uretti\/","title":{"rendered":"(Turkish) Siemens&#8217;in Gebze Fabrikas\u0131 100.000\u2019inci Orta Gerilim Panosunu \u00dcretti"},"content":{"rendered":"<p class=\"qtranxs-available-languages-message qtranxs-available-languages-message-en\">Sorry, this entry is only available in <a href=\"https:\/\/www.enerjigazetesi.ist\/tr\/wp-json\/wp\/v2\/posts\/200909\" class=\"qtranxs-available-language-link qtranxs-available-language-link-tr\" title=\"Turkish\">Turkish<\/a>. For the sake of viewer convenience, the content is shown below in the alternative language. You may click the link to switch the active language.<\/p><p><\/p>\n<h2><strong>Siemens T\u00fcrkiye, enerji altyap\u0131lar\u0131ndaki teknoloji g\u00fcc\u00fcn\u00fc ve \u00fcretim kalitesini bir kez daha ortaya koydu. 2009 y\u0131l\u0131ndan itibaren Gebze\u2019de faaliyet g\u00f6steren Siemens Entegre \u00dcretim Tesisi, 100.000\u2019inci orta gerilim da\u011f\u0131t\u0131m panosunu da ba\u015far\u0131yla \u00fcreterek T\u00fcrkiye sanayisinin ve global enerji pazar\u0131n\u0131n ihtiyac\u0131na y\u00f6nelik kapasitesini bir kez daha g\u00f6stermi\u015f oldu. Siemens T\u00fcrkiye Y\u00f6netim Kurulu Ba\u015fkan\u0131 ve CEO\u2019su H\u00fcseyin Gelis konuyla ilgili olarak \u201cBu ba\u015far\u0131da eme\u011fi ge\u00e7en t\u00fcm \u00e7al\u0131\u015fma arkada\u015flar\u0131m\u0131za te\u015fekk\u00fcr ediyorum. Siemens Entegre \u00dcretim Tesisi, 50&#8217;den fazla \u00fclkeye ihra\u00e7 etti\u011fimiz bu \u00fcr\u00fcnler ile T\u00fcrkiye\u2019nin d\u00fcnya liginde nas\u0131l bir oyuncu oldu\u011funu a\u00e7\u0131k\u00e7a g\u00f6steriyor\u201d dedi.<\/strong><\/h2>\n<p><img loading=\"lazy\" class=\"aligncenter wp-image-200912\" src=\"https:\/\/www.enerjigazetesi.ist\/wp-content\/uploads\/2025\/10\/1760347449_100.000_Orta_Gerilim_Pano_Kutlama-2-300x120.jpg\" alt=\"\" width=\"550\" height=\"220\" srcset=\"https:\/\/www.enerjigazetesi.ist\/wp-content\/uploads\/2025\/10\/1760347449_100.000_Orta_Gerilim_Pano_Kutlama-2-300x120.jpg 300w, https:\/\/www.enerjigazetesi.ist\/wp-content\/uploads\/2025\/10\/1760347449_100.000_Orta_Gerilim_Pano_Kutlama-2-500x200.jpg 500w, https:\/\/www.enerjigazetesi.ist\/wp-content\/uploads\/2025\/10\/1760347449_100.000_Orta_Gerilim_Pano_Kutlama-2-80x32.jpg 80w, https:\/\/www.enerjigazetesi.ist\/wp-content\/uploads\/2025\/10\/1760347449_100.000_Orta_Gerilim_Pano_Kutlama-2.jpg 550w\" sizes=\"(max-width: 550px) 100vw, 550px\" \/><\/p>\n<p>Siemens T\u00fcrkiye, enerji da\u011f\u0131t\u0131m teknolojilerinde \u00f6nemli bir kilometre ta\u015f\u0131n\u0131 daha geride b\u0131rakt\u0131. Siemens Entegre \u00dcretim Tesisi, 100.000\u2019inci orta gerilim da\u011f\u0131t\u0131m panosunu \u00fcreterek hem T\u00fcrkiye\u2019deki teknolojik ve m\u00fchendislik yetkinli\u011fini hem de global \u00fcretim g\u00fcc\u00fcn\u00fc bir kez daha g\u00f6zler \u00f6n\u00fcne serdi.<\/p>\n<div id=\"attachment_200913\" style=\"width: 560px\" class=\"wp-caption aligncenter\"><img aria-describedby=\"caption-attachment-200913\" loading=\"lazy\" class=\"wp-image-200913\" src=\"https:\/\/www.enerjigazetesi.ist\/wp-content\/uploads\/2025\/10\/1760347566_Huseyin_Gelis-300x200.jpg\" alt=\"\" width=\"550\" height=\"367\" srcset=\"https:\/\/www.enerjigazetesi.ist\/wp-content\/uploads\/2025\/10\/1760347566_Huseyin_Gelis-300x200.jpg 300w, https:\/\/www.enerjigazetesi.ist\/wp-content\/uploads\/2025\/10\/1760347566_Huseyin_Gelis-500x334.jpg 500w, https:\/\/www.enerjigazetesi.ist\/wp-content\/uploads\/2025\/10\/1760347566_Huseyin_Gelis-75x50.jpg 75w, https:\/\/www.enerjigazetesi.ist\/wp-content\/uploads\/2025\/10\/1760347566_Huseyin_Gelis-450x300.jpg 450w, https:\/\/www.enerjigazetesi.ist\/wp-content\/uploads\/2025\/10\/1760347566_Huseyin_Gelis.jpg 550w\" sizes=\"(max-width: 550px) 100vw, 550px\" \/><p id=\"caption-attachment-200913\" class=\"wp-caption-text\">Siemens T\u00fcrkiye Y\u00f6netim Kurulu Ba\u015fkan\u0131 ve CEO\u2019su H\u00fcseyin Gelis<\/p><\/div>\n<p><strong>Siemens T\u00fcrkiye Y\u00f6netim Kurulu Ba\u015fkan\u0131 ve CEO\u2019su H\u00fcseyin Gelis<\/strong>, konuyla ilgili yapt\u0131\u011f\u0131 a\u00e7\u0131klamada <em>\u201cT\u00fcm d\u00fcnyada art\u0131k enerjinin g\u00fcvenli ve s\u00fcrd\u00fcr\u00fclebilir bir \u015fekilde iletilebilmesi en \u00f6nemli konulardan biri haline geldi. Elektri\u011fin kullan\u0131c\u0131lara ula\u015fmas\u0131n\u0131 sa\u011flayan elektrik da\u011f\u0131t\u0131m panolar\u0131m\u0131zla, Siemens T\u00fcrkiye olarak sadece bug\u00fcn\u00fcn de\u011fil, gelece\u011fin de enerjisine de y\u00f6n veriyoruz. \u00a0100.000\u2019inci orta gerilim panosu, yaln\u0131zca bir \u00fcretim adedi de\u011fil; dijitalle\u015fmeden \u00e7evresel s\u00fcrd\u00fcr\u00fclebilirli\u011fe, m\u00fchendislik g\u00fcc\u00fcnden insan kayna\u011f\u0131na kadar \u00e7e\u015fitli alanlarda b\u00fct\u00fcnsel bir ba\u015far\u0131n\u0131n sembol\u00fcd\u00fcr. Bu ba\u015far\u0131da eme\u011fi ge\u00e7en t\u00fcm \u00e7al\u0131\u015fma arkada\u015flar\u0131m\u0131za te\u015fekk\u00fcr ediyorum. Siemens Entegre \u00dcretim Tesisi, T\u00fcrkiye\u2019nin d\u00fcnya liginde nas\u0131l bir oyuncu oldu\u011funu a\u00e7\u0131k\u00e7a g\u00f6steriyor\u201d<\/em> ifadelerini kulland\u0131.<\/p>\n<h3><strong>D\u00dcNYAYA KATMA DE\u011eER YARATIYORUZ<\/strong><\/h3>\n<p><strong>\u00a0<\/strong><strong>Siemens T\u00fcrkiye Elektrifikasyon ve Otomasyon Fabrika Direkt\u00f6r\u00fc Veli Turgut<\/strong>\u00a0ise <em>\u201cBug\u00fcn sadece \u00fcretim alan\u0131nda de\u011fil, ayn\u0131 zamanda dijitalle\u015fme, m\u00fchendislik kabiliyeti ve yenilenebilir enerji kullan\u0131m\u0131 a\u00e7\u0131s\u0131ndan da globalde \u00f6rnek g\u00f6sterilen bir seviyedeyiz. Gebze Siemens Entegre \u00dcretim Tesisi, y\u0131ll\u0131k 7.000\u2019den fazla NXAIR serisi panolar \u00fcretiyor. Bu panolar SF6 gaz\u0131 i\u00e7ermeyen \u00e7evre dostu yap\u0131lar\u0131, 10 y\u0131l bak\u0131m gerektirmemeleri ve 30 y\u0131l\u0131 a\u015fk\u0131n hizmet \u00f6m\u00fcrleri ile s\u00fcrd\u00fcr\u00fclebilir teknolojiyi temsil ediyor. 50&#8217;den fazla \u00fclkeye ihra\u00e7 etti\u011fimiz bu \u00fcr\u00fcnler ile T\u00fcrkiye\u2019den d\u00fcnyaya katma de\u011fer yarat\u0131yoruz\u201d<\/em> diye konu\u015ftu.<\/p>\n<h3><strong>LEED GOLD SERT\u0130F\u0130KALI \u0130LK TES\u0130S<\/strong><\/h3>\n<p>\u0130lk \u00fcretimini 1961 y\u0131l\u0131nda Kartal\u2019da ger\u00e7ekle\u015ftiren tesis, 1990 y\u0131l\u0131nda T\u00fcrkiye\u2019nin ilk ISO 9001 kalite belgesini alan tesis oldu. 2009 y\u0131l\u0131nda artan kapasite ihtiyac\u0131yla Gebze Organize Sanayi B\u00f6lgesi\u2019ne ta\u015f\u0131nd\u0131. 21.750 metrekare kapal\u0131 alana sahip tesiste 755 ki\u015fi \u00e7al\u0131\u015fmakta olup, orta ve al\u00e7ak gerilim panolar\u0131 \u00fcretiminde global kalite standartlar\u0131n\u0131 kar\u015f\u0131layan, \u00e7evre dostu ve s\u00fcrd\u00fcr\u00fclebilir \u00e7\u00f6z\u00fcmler sunmaktad\u0131r. Tesis ayr\u0131ca, T\u00fcrkiye\u2019de LEED Gold Sertifikas\u0131 alan ilk end\u00fcstriyel \u00fcretim tesisi olma \u00f6zelli\u011fini de ta\u015f\u0131yor.<\/p>\n<h3><strong>TEKNOLOJ\u0130 MERKEZ\u0130 HAL\u0130NE D\u00d6N\u00dc\u015eT\u00dc<\/strong><\/h3>\n<p>Gebze Siemens Entegre \u00dcretim Tesisi, Siemens\u2019in d\u00fcnya genelindeki \u00f6nemli \u00fcretim \u00fcslerinden biri olarak faaliyet g\u00f6steriyor. 2013 y\u0131l\u0131ndan bu yana bir Ar-Ge merkezi olan tesis, dijital ikiz uygulamalar\u0131, kestirimci bak\u0131m \u00e7\u00f6z\u00fcmleri, uzaktan kabul testleri (FAT) gibi dijital teknolojilerle \u00fcretim verimlili\u011fini artt\u0131rmaktad\u0131r. Son d\u00f6nemde geli\u015ftirilen OneX platformu, sipari\u015ften \u00fcretime ve \u00fcretimden teslimata kadar t\u00fcm s\u00fcre\u00e7lerin t\u00fcm s\u00fcre\u00e7lerin ger\u00e7ek zamanl\u0131 ve entegre dijital y\u00f6netimini m\u00fcmk\u00fcn k\u0131lmaktad\u0131r.<\/p>\n<h3><strong>S\u00dcRD\u00dcR\u00dcLEB\u0130L\u0130RL\u0130K KONUSUNDA L\u0130DER<\/strong><\/h3>\n<p>Dijitalle\u015fme \u00e7al\u0131\u015fmalar\u0131yla y\u00fczde 60 kapasite art\u0131\u015f\u0131, y\u00fczde 70 lojistik tasarrufu ve y\u00fczde 30 \u00fcretim verimlili\u011fi sa\u011flayan tesis, s\u00fcrd\u00fcr\u00fclebilirlik hedefleri do\u011frultusunda y\u00fczde 100 ye\u015fil enerjiyle \u00fcretim yaparken, at\u0131k suyun y\u00fczde 75\u2019i ve kullan\u0131lan malzemelerin y\u00fczde 35\u2019i yeniden kullan\u0131l\u0131yor. Siemens T\u00fcrkiye, bu ba\u015far\u0131yla yaln\u0131zca \u00fcr\u00fcnler de\u011fil, \u00e7evresel sorumlulu\u011fu y\u00fcksek, m\u00fchendislik de\u011feri ta\u015f\u0131yan, gelece\u011fin enerji altyap\u0131lar\u0131n\u0131 destekleyecek \u00e7\u00f6z\u00fcmler sunmaya devam etti\u011fini bir kez daha kan\u0131tlad\u0131.<\/p>\n<p>Yay\u0131na Alan: Alperen ERTA\u015e-<a href=\"http:\/\/alperen.ertas@enerjigazetesi.ist\">alperen.ertas@enerjigazetesi.ist<\/a><\/p>","protected":false},"excerpt":{"rendered":"<p>Sorry, this entry is only available in Turkish. For the sake of viewer convenience, the content is shown below in the alternative language. You may click the link to switch the active language. Siemens T\u00fcrkiye, enerji altyap\u0131lar\u0131ndaki teknoloji g\u00fcc\u00fcn\u00fc ve \u00fcretim kalitesini bir kez daha ortaya koydu. 2009 y\u0131l\u0131ndan itibaren Gebze\u2019de faaliyet g\u00f6steren Siemens Entegre [&hellip;]<\/p>\n","protected":false},"author":19,"featured_media":200912,"comment_status":"open","ping_status":"open","sticky":false,"template":"","format":"standard","meta":[],"categories":[51,53],"tags":[117240,5286,33724,117241,8268],"views":16,"_links":{"self":[{"href":"https:\/\/www.enerjigazetesi.ist\/en\/wp-json\/wp\/v2\/posts\/200909"}],"collection":[{"href":"https:\/\/www.enerjigazetesi.ist\/en\/wp-json\/wp\/v2\/posts"}],"about":[{"href":"https:\/\/www.enerjigazetesi.ist\/en\/wp-json\/wp\/v2\/types\/post"}],"author":[{"embeddable":true,"href":"https:\/\/www.enerjigazetesi.ist\/en\/wp-json\/wp\/v2\/users\/19"}],"replies":[{"embeddable":true,"href":"https:\/\/www.enerjigazetesi.ist\/en\/wp-json\/wp\/v2\/comments?post=200909"}],"version-history":[{"count":0,"href":"https:\/\/www.enerjigazetesi.ist\/en\/wp-json\/wp\/v2\/posts\/200909\/revisions"}],"wp:featuredmedia":[{"embeddable":true,"href":"https:\/\/www.enerjigazetesi.ist\/en\/wp-json\/wp\/v2\/media\/200912"}],"wp:attachment":[{"href":"https:\/\/www.enerjigazetesi.ist\/en\/wp-json\/wp\/v2\/media?parent=200909"}],"wp:term":[{"taxonomy":"category","embeddable":true,"href":"https:\/\/www.enerjigazetesi.ist\/en\/wp-json\/wp\/v2\/categories?post=200909"},{"taxonomy":"post_tag","embeddable":true,"href":"https:\/\/www.enerjigazetesi.ist\/en\/wp-json\/wp\/v2\/tags?post=200909"}],"curies":[{"name":"wp","href":"https:\/\/api.w.org\/{rel}","templated":true}]}}