{"id":200858,"date":"2025-10-12T21:13:20","date_gmt":"2025-10-12T18:13:20","guid":{"rendered":"https:\/\/www.enerjigazetesi.ist\/?p=200858"},"modified":"2025-10-12T21:13:20","modified_gmt":"2025-10-12T18:13:20","slug":"oedas-kuslarin-goc-yollarini-guvenli-hale-getiriyor","status":"publish","type":"post","link":"https:\/\/www.enerjigazetesi.ist\/en\/oedas-kuslarin-goc-yollarini-guvenli-hale-getiriyor\/","title":{"rendered":"(Turkish) OEDA\u015e Ku\u015flar\u0131n G\u00f6\u00e7 Yollar\u0131n\u0131 G\u00fcvenli Hale Getiriyor"},"content":{"rendered":"<p class=\"qtranxs-available-languages-message qtranxs-available-languages-message-en\">Sorry, this entry is only available in <a href=\"https:\/\/www.enerjigazetesi.ist\/tr\/wp-json\/wp\/v2\/posts\/200858\" class=\"qtranxs-available-language-link qtranxs-available-language-link-tr\" title=\"Turkish\">Turkish<\/a>. For the sake of viewer convenience, the content is shown below in the alternative language. You may click the link to switch the active language.<\/p><p><\/p>\n<h2><strong>Elektrik da\u011f\u0131t\u0131m \u015firketi OEDA\u015e, ku\u015flar\u0131n g\u00f6\u00e7 d\u00f6nemlerinde elektrik direklerine yuva yapma ihtimallerine kar\u015f\u0131 hem ku\u015flar\u0131 korumak hem de enerji s\u00fcreklili\u011fini sa\u011flamak amac\u0131yla \u00e7e\u015fitli \u00e7al\u0131\u015fmalar y\u00fcr\u00fct\u00fcyor. D\u00fcnya G\u00f6\u00e7men Ku\u015flar G\u00fcn\u00fc dolay\u0131s\u0131yla bir a\u00e7\u0131klama yapan OEDA\u015e Direkt\u00f6r\u00fc Muzaffer Yal\u00e7\u0131n, \u201c2021 y\u0131l\u0131nda ba\u015flad\u0131\u011f\u0131m\u0131z \u00e7al\u0131\u015fmalar neticesinde 5 bin 200 dire\u011fe denk gelen 30 kilometrelik hatt\u0131n izolasyonunu tamamlad\u0131k. Direklere ku\u015f koruma aparatlar\u0131 ve izolat\u00f6r kaplamalar\u0131 monte ediyor, leylek gibi ku\u015flar i\u00e7inse g\u00fcvenli yuva platformlar\u0131 olu\u015fturuyoruz.\u201d dedi.<\/strong><\/h2>\n<p><strong> <img loading=\"lazy\" class=\"aligncenter wp-image-200859\" src=\"https:\/\/www.enerjigazetesi.ist\/wp-content\/uploads\/2025\/10\/OEDAS_Gorsel.jpg\" alt=\"\" width=\"550\" height=\"540\" srcset=\"https:\/\/www.enerjigazetesi.ist\/wp-content\/uploads\/2025\/10\/OEDAS_Gorsel.jpg 489w, https:\/\/www.enerjigazetesi.ist\/wp-content\/uploads\/2025\/10\/OEDAS_Gorsel-300x294.jpg 300w, https:\/\/www.enerjigazetesi.ist\/wp-content\/uploads\/2025\/10\/OEDAS_Gorsel-408x400.jpg 408w, https:\/\/www.enerjigazetesi.ist\/wp-content\/uploads\/2025\/10\/OEDAS_Gorsel-51x50.jpg 51w\" sizes=\"(max-width: 550px) 100vw, 550px\" \/><\/strong><\/p>\n<p>Afyonkarahisar, Bilecik, Eski\u015fehir, K\u00fctahya ve U\u015fak\u2019ta elektrik da\u011f\u0131t\u0131m hizmeti sa\u011flayan <strong>Osmangazi Elektrik Da\u011f\u0131t\u0131m A\u015e (OEDA\u015e)<\/strong>, enerji nakil hatlar\u0131n\u0131n b\u00f6lgedeki ku\u015flar i\u00e7in olu\u015fturdu\u011fu riskleri azaltmak amac\u0131yla \u00e7e\u015fitli uygulamalar yap\u0131yor. <strong>OEDA\u015e Direkt\u00f6r\u00fc Muzaffer Yal\u00e7\u0131n<\/strong>, May\u0131s ve Ekim ay\u0131n\u0131n ikinci cumartesi g\u00fcn\u00fc kutlanan ve ikincisi bu y\u0131l 11 Ekim\u2019e denk gelen D\u00fcnya G\u00f6\u00e7men Ku\u015flar G\u00fcn\u00fc dolay\u0131s\u0131yla bu \u00e7al\u0131\u015fmalar hakk\u0131nda bilgi verdi.<\/p>\n<div id=\"attachment_200860\" style=\"width: 551px\" class=\"wp-caption aligncenter\"><img aria-describedby=\"caption-attachment-200860\" loading=\"lazy\" class=\"wp-image-200860 size-full\" src=\"https:\/\/www.enerjigazetesi.ist\/wp-content\/uploads\/2025\/10\/SSSSSSSSSSSSSSSSSSS.jpg\" alt=\"\" width=\"541\" height=\"480\" srcset=\"https:\/\/www.enerjigazetesi.ist\/wp-content\/uploads\/2025\/10\/SSSSSSSSSSSSSSSSSSS.jpg 541w, https:\/\/www.enerjigazetesi.ist\/wp-content\/uploads\/2025\/10\/SSSSSSSSSSSSSSSSSSS-300x266.jpg 300w, https:\/\/www.enerjigazetesi.ist\/wp-content\/uploads\/2025\/10\/SSSSSSSSSSSSSSSSSSS-451x400.jpg 451w, https:\/\/www.enerjigazetesi.ist\/wp-content\/uploads\/2025\/10\/SSSSSSSSSSSSSSSSSSS-56x50.jpg 56w, https:\/\/www.enerjigazetesi.ist\/wp-content\/uploads\/2025\/10\/SSSSSSSSSSSSSSSSSSS-500x444.jpg 500w\" sizes=\"(max-width: 541px) 100vw, 541px\" \/><p id=\"caption-attachment-200860\" class=\"wp-caption-text\">OEDA\u015e Direkt\u00f6r\u00fc Muzaffer Yal\u00e7\u0131n<\/p><\/div>\n<h3><strong>Ku\u015flar yuvalar\u0131n\u0131 direklerin enerji olmayan b\u00f6l\u00fcm\u00fcnde yap\u0131yor<\/strong><\/h3>\n<p>S\u00fcrd\u00fcr\u00fclebilir yakla\u015f\u0131mlar\u0131n\u0131n temel ta\u015flar\u0131ndan birinin biyo\u00e7e\u015fitlili\u011fin korunmas\u0131 ve geli\u015ftirilmesi oldu\u011funu s\u00f6yleyen <strong>Yal\u00e7\u0131n<\/strong>, \u201c<em>Bu kapsamda do\u011fal kaynaklar\u0131n verimli kullan\u0131m\u0131ndan bitki ve hayvan t\u00fcrlerinin korunmas\u0131na kadar \u00e7ok \u00e7e\u015fitli \u00e7al\u0131\u015fmalar y\u00fcr\u00fct\u00fcyoruz. G\u00f6\u00e7men ku\u015flara y\u00f6nelik \u00e7al\u0131\u015fmalar\u0131m\u0131za da 2021 y\u0131l\u0131nda ba\u015flad\u0131k. O tarihten bu yana g\u00f6\u00e7 rotas\u0131nda bulunan toplam 30 kilometrelik hatt\u0131n izolasyonunu ba\u015far\u0131yla tamamlad\u0131k. Bu da yakla\u015f\u0131k 5 bin 200 dire\u011fe denk geliyor. \u00d6te yandan enerji nakil hatlar\u0131m\u0131zda bulunan ay\u0131r\u0131c\u0131lar\u0131n arka b\u00f6l\u00fcmlerinde flexiglass ad\u0131 verilen bir malzeme kullan\u0131yoruz. Bu sayede ku\u015flar, direklerin enerji olmayan b\u00f6l\u00fcmlerinde yuva yapabiliyor ve enerjili b\u00f6l\u00fcmlerle ba\u011flant\u0131lar\u0131 tamamen kesiliyor. Ayr\u0131ca direklere ku\u015f koruma aparatlar\u0131 (ku\u015f konmaz) ve izolat\u00f6r kaplamalar\u0131 monte ediyor, leylek gibi t\u00fcrler i\u00e7in de g\u00fcvenli yuva platformlar\u0131 olu\u015fturuyoruz. T\u00fcm bu \u00e7al\u0131\u015fmalar\u0131m\u0131z neticesinde ku\u015flar\u0131n ak\u0131ma kap\u0131lma oran\u0131n\u0131 y\u00fczde 95 azaltt\u0131k.\u201d<\/em> dedi.<\/p>\n<p>Bu \u00e7al\u0131\u015fmalar\u0131n ku\u015flar\u0131 korurken enerji arz\u0131n\u0131n s\u00fcreklili\u011fini sa\u011flad\u0131\u011f\u0131na da dikkat \u00e7eken <strong>Yal\u00e7\u0131n,<\/strong> \u201c<em>Do\u011fa dostu \u00e7\u00f6z\u00fcmlerimizle hem canl\u0131lar\u0131m\u0131z\u0131 koruyor hem de enerji arz g\u00fcvenli\u011fimizi g\u00fc\u00e7lendiriyoruz.\u201d<\/em> a\u00e7\u0131klamas\u0131nda bulundu.<\/p>\n<h3><strong>Can Dostlar ile b\u00f6lgedeki canl\u0131lar\u0131n ya\u015fam hakk\u0131n\u0131 koruyoruz<\/strong><\/h3>\n<p>G\u00f6\u00e7men ku\u015flara y\u00f6nelik projelerini ge\u00e7ti\u011fimiz y\u0131l itibar\u0131yla Can Dostlar projesi kapsam\u0131na ald\u0131klar\u0131n\u0131 ifade eden <strong>Yal\u00e7\u0131n<\/strong>,<em> \u201cBir yandan sokak hayvanlar\u0131 i\u00e7in mama ba\u011f\u0131\u015f\u0131nda bulunuyor, belediye bar\u0131naklar\u0131na tedavi odalar\u0131 kuruyor di\u011fer yandan da g\u00f6\u00e7 rotas\u0131ndaki ku\u015flar\u0131n g\u00fcvenli\u011fi i\u00e7in \u00e7al\u0131\u015fmalar y\u00fcr\u00fct\u00fcyoruz. Can Dostlar ile amac\u0131m\u0131z, b\u00f6lgemizdeki t\u00fcm canl\u0131lar\u0131n ya\u015fam hakk\u0131n\u0131 korumak ve bu konuda toplumsal fark\u0131ndal\u0131\u011f\u0131 art\u0131rmak.\u201d<\/em> diye konu\u015ftu.<\/p>\n<h3><strong>Muhtarlara \u00f6zel te\u015fekk\u00fcr<\/strong><\/h3>\n<p>Ku\u015flar\u0131n g\u00f6\u00e7 etti\u011fi d\u00f6nemlerde muhtarlar\u0131n kendilerine bilgi verdi\u011fini, bu s\u00fcre\u00e7te ku\u015flar\u0131n ak\u0131ma kap\u0131lma ihtimaline y\u00f6nelik riskleri azaltmak i\u00e7in ilgili b\u00f6lgede planl\u0131 olarak kesinti yapabildiklerini hat\u0131rlatan <strong>Yal\u00e7\u0131n<\/strong>, g\u00f6sterdikleri duyarl\u0131l\u0131k i\u00e7in be\u015f ildeki muhtarlara te\u015fekk\u00fcr etti.<\/p>\n<p>Yay\u0131na Alan: Alperen ERTA\u015e-<a href=\"http:\/\/alperen.ertas@enerjigazetesi.ist\">alperen.ertas@enerjigazetesi.ist<\/a><\/p>","protected":false},"excerpt":{"rendered":"<p>Sorry, this entry is only available in Turkish. For the sake of viewer convenience, the content is shown below in the alternative language. You may click the link to switch the active language. Elektrik da\u011f\u0131t\u0131m \u015firketi OEDA\u015e, ku\u015flar\u0131n g\u00f6\u00e7 d\u00f6nemlerinde elektrik direklerine yuva yapma ihtimallerine kar\u015f\u0131 hem ku\u015flar\u0131 korumak hem de enerji s\u00fcreklili\u011fini sa\u011flamak amac\u0131yla [&hellip;]<\/p>\n","protected":false},"author":19,"featured_media":200859,"comment_status":"open","ping_status":"open","sticky":false,"template":"","format":"standard","meta":[],"categories":[51,53],"tags":[117042,117220],"views":8,"_links":{"self":[{"href":"https:\/\/www.enerjigazetesi.ist\/en\/wp-json\/wp\/v2\/posts\/200858"}],"collection":[{"href":"https:\/\/www.enerjigazetesi.ist\/en\/wp-json\/wp\/v2\/posts"}],"about":[{"href":"https:\/\/www.enerjigazetesi.ist\/en\/wp-json\/wp\/v2\/types\/post"}],"author":[{"embeddable":true,"href":"https:\/\/www.enerjigazetesi.ist\/en\/wp-json\/wp\/v2\/users\/19"}],"replies":[{"embeddable":true,"href":"https:\/\/www.enerjigazetesi.ist\/en\/wp-json\/wp\/v2\/comments?post=200858"}],"version-history":[{"count":0,"href":"https:\/\/www.enerjigazetesi.ist\/en\/wp-json\/wp\/v2\/posts\/200858\/revisions"}],"wp:featuredmedia":[{"embeddable":true,"href":"https:\/\/www.enerjigazetesi.ist\/en\/wp-json\/wp\/v2\/media\/200859"}],"wp:attachment":[{"href":"https:\/\/www.enerjigazetesi.ist\/en\/wp-json\/wp\/v2\/media?parent=200858"}],"wp:term":[{"taxonomy":"category","embeddable":true,"href":"https:\/\/www.enerjigazetesi.ist\/en\/wp-json\/wp\/v2\/categories?post=200858"},{"taxonomy":"post_tag","embeddable":true,"href":"https:\/\/www.enerjigazetesi.ist\/en\/wp-json\/wp\/v2\/tags?post=200858"}],"curies":[{"name":"wp","href":"https:\/\/api.w.org\/{rel}","templated":true}]}}