{"id":200853,"date":"2025-10-11T03:06:48","date_gmt":"2025-10-11T00:06:48","guid":{"rendered":"https:\/\/www.enerjigazetesi.ist\/?p=200853"},"modified":"2025-10-11T03:06:48","modified_gmt":"2025-10-11T00:06:48","slug":"enerjide-3d-donusum-turkiye-icin-tarihi-bir-firsat","status":"publish","type":"post","link":"https:\/\/www.enerjigazetesi.ist\/en\/enerjide-3d-donusum-turkiye-icin-tarihi-bir-firsat\/","title":{"rendered":"(Turkish) Enerjide 3D D\u00f6n\u00fc\u015f\u00fcm T\u00fcrkiye \u0130\u00e7in Tarihi Bir F\u0131rsat"},"content":{"rendered":"<p class=\"qtranxs-available-languages-message qtranxs-available-languages-message-en\">Sorry, this entry is only available in <a href=\"https:\/\/www.enerjigazetesi.ist\/tr\/wp-json\/wp\/v2\/posts\/200853\" class=\"qtranxs-available-language-link qtranxs-available-language-link-tr\" title=\"Turkish\">Turkish<\/a>. For the sake of viewer convenience, the content is shown below in the alternative language. You may click the link to switch the active language.<\/p><p><\/p>\n<h2><strong>EIF Enerji D\u00f6n\u00fc\u015f\u00fcm Fuar\u0131 kapsam\u0131nda ger\u00e7ekle\u015ftirilen \u201cElektrikte D\u00f6n\u00fc\u015f\u00fcm ve T\u00fcrkiye\u201d konulu EMSAD \u00d6zel Oturumu\u2019nda konu\u015fan EMSAD Y\u00f6netim Kurulu Ba\u015fkan\u0131 Zafer Arabul, d\u00fcnyada enerji sekt\u00f6r\u00fcn\u00fcn b\u00fcy\u00fck bir d\u00f6n\u00fc\u015f\u00fcm i\u00e7inde oldu\u011funu belirterek \u201cEnerjide 3D D\u00f6n\u00fc\u015f\u00fcm\u201dolarak adland\u0131r\u0131lan bu d\u00f6n\u00fc\u015f\u00fcm, T\u00fcrkiye i\u00e7in tarihi bir f\u0131rsatt\u0131r\u201d dedi. Panelin moderat\u00f6r\u00fc Ekos Teknoloji ve Elektrik A.\u015e. Y\u00f6netim Kurulu Ba\u015fkan\u0131 Tar\u0131k Can Akba\u015f, d\u00fcnyadaki bu d\u00f6n\u00fc\u015f\u00fcm\u00fc yak\u0131ndan takip etmenin hem T\u00fcrkiye hem de elektromekanik sanayi sekt\u00f6r\u00fc a\u00e7\u0131s\u0131ndan \u00f6nemine dikkat \u00e7ekerken EMSAD Genel Sekreteri Avni Aydo\u011fan \u201cDo\u011fru te\u015fvikler, y\u00fcksek g\u00fc\u00e7 laboratuvar\u0131 yat\u0131r\u0131m\u0131 ve ye\u015fil mutabakat uyumlu \u00fcr\u00fcn geli\u015ftirme stratejileriyle T\u00fcrkiye sekt\u00f6rde, b\u00f6lgesel liderli\u011fini peki\u015ftirebilir, k\u00fcresel pazarda daha da \u00f6nemli bir oyuncu haline gelebilir\u201d diye konu\u015ftu.<\/strong><\/h2>\n<p><img loading=\"lazy\" class=\"size-full wp-image-200854 aligncenter\" src=\"https:\/\/www.enerjigazetesi.ist\/wp-content\/uploads\/2025\/10\/emsad_eif_2025_2.jpg\" alt=\"\" width=\"550\" height=\"412\" srcset=\"https:\/\/www.enerjigazetesi.ist\/wp-content\/uploads\/2025\/10\/emsad_eif_2025_2.jpg 550w, https:\/\/www.enerjigazetesi.ist\/wp-content\/uploads\/2025\/10\/emsad_eif_2025_2-300x225.jpg 300w, https:\/\/www.enerjigazetesi.ist\/wp-content\/uploads\/2025\/10\/emsad_eif_2025_2-500x375.jpg 500w, https:\/\/www.enerjigazetesi.ist\/wp-content\/uploads\/2025\/10\/emsad_eif_2025_2-67x50.jpg 67w\" sizes=\"(max-width: 550px) 100vw, 550px\" \/><\/p>\n<p>D\u00fcnyan\u0131n en b\u00fcy\u00fck 5 enerji fuar\u0131 aras\u0131nda g\u00f6sterilen EIF D\u00fcnya Enerji Kongresi ve Fuar\u0131 (EIF 2025), \u00f6zel panel ve oturumlar\u0131yla da elektrik sekt\u00f6r\u00fcn\u00fcn odak noktas\u0131 haline geldi. <strong>Elektromekanik Sanayicileri Derne\u011fi\u2019nin (EMSAD)<\/strong> ger\u00e7ekle\u015ftirdi\u011fi <strong>\u201cElektrikte D\u00f6n\u00fc\u015f\u00fcm ve T\u00fcrkiye\u201d<\/strong> konulu \u00f6zel oturum, b\u00fcy\u00fck ilgi g\u00f6rd\u00fc. Moderat\u00f6rl\u00fc\u011f\u00fcn\u00fc <strong>EKOS Teknoloji ve Elektrik A.\u015e. Y\u00f6netim Kurulu Ba\u015fkan\u0131-EMSAD Y\u00f6netim Kurulu \u00dcyesi Tar\u0131k Can Akba\u015f<\/strong>\u2019\u0131n \u00fcstlendi\u011fi oturuma, <strong>EMSAD Y\u00f6netim Kurulu Ba\u015fkan\u0131 Zafer Arabul,\u00a0 EMSAD Genel Sekreteri Avni Aydo\u011fan, <\/strong>\u00fcyelerimizden<strong> ABB Elektrik San. A.\u015e. \u00dcr\u00fcn Pazarlama M\u00fcd\u00fcr\u00fc Kerem Can Yaral <\/strong>ve<strong> Ulusoy Elektrik \u2013 EATON Ar-Ge M\u00fcd\u00fcr\u00fc Sabri Uzel <\/strong>konu\u015fmac\u0131 olarak kat\u0131ld\u0131.<\/p>\n<p><strong>EMSAD Y\u00f6netim Kurulu Ba\u015fkan\u0131 Zafer Arabul, <\/strong>d\u00fcnyada enerji sekt\u00f6r\u00fcn\u00fcn b\u00fcy\u00fck bir d\u00f6n\u00fc\u015f\u00fcm i\u00e7inde oldu\u011funu belirterek bu d\u00f6n\u00fc\u015f\u00fcm\u00fcn kalbinde elektrik enerjisi oldu\u011funu s\u00f6yledi. \u201cEnerjide 3D D\u00f6n\u00fc\u015f\u00fcm\u201d olarak adland\u0131r\u0131lan bu d\u00f6n\u00fc\u015f\u00fcm\u00fcn \u00fc\u00e7 aya\u011f\u0131 bulundu\u011funu kaydeden Arabul, <em>\u201cK\u0131saca, karbonsuzla\u015fma (decarbonization), da\u011f\u0131t\u0131k \u00fcretim (decentralization) ve dijitalle\u015fme (digitalization) olarak \u00f6zetleyebilece\u011fimiz 3D D\u00f6n\u00fc\u015f\u00fcm, yaln\u0131zca enerji sekt\u00f6r\u00fcn\u00fc de\u011fil, ekonominin b\u00fct\u00fcn yap\u0131s\u0131n\u0131 yeniden \u015fekillendiriyor\u201d<\/em> dedi.<\/p>\n<p>Elektrik enerjisinin bir zamanlar uygarl\u0131\u011f\u0131n motoruyken g\u00fcn\u00fcm\u00fczde omurgas\u0131 haline geldi\u011fini ifade eden Arabul, \u201c<em>Elektrikte d\u00f6n\u00fc\u015f\u00fcm yaln\u0131zca teknolojik bir de\u011fi\u015fim de\u011fil, jeopolitik ve ticari dengeleri de yeniden, k\u00f6kten \u015fekillenmesidir. Orta Do\u011fu\u2019daki \u00e7at\u0131\u015fmalar, Rusya-Ukrayna sava\u015f\u0131 ve y\u00fckselen ticaret sava\u015flar\u0131, elektri\u011fi sadece bir enerji kayna\u011f\u0131 olmaktan \u00e7\u0131kar\u0131p g\u00fcvenlik, ba\u011f\u0131ms\u0131zl\u0131k ve rekabet g\u00fcc\u00fc meselesine d\u00f6n\u00fc\u015ft\u00fcrd\u00fc. Bu s\u00fcre\u00e7 T\u00fcrkiye\u2019nin ise ekonomik ba\u011f\u0131ms\u0131zl\u0131\u011f\u0131n\u0131n ve sanayi rekabet\u00e7ili\u011finin gelece\u011fini belirleyecek\u201d<\/em> diye konu\u015ftu.<\/p>\n<h3><strong>K\u00fcresel talep 2050\u2019de 60 bin terawatt-saate ula\u015facak<\/strong><\/h3>\n<p>Uluslararas\u0131 Enerji Ajans\u0131 verilerine g\u00f6re, 2023 y\u0131l\u0131nda 25 bin terawatt-saat olan k\u00fcresel elektrik talebinin, 2030\u2019da 35 bin, 2050\u2019de ise yakla\u015f\u0131k 60 bin terawatt-saate ula\u015fmas\u0131n\u0131n beklendi\u011fini dile getiren Arabul, \u201c<em>Buna paralel olarak, bug\u00fcn y\u0131ll\u0131k 300 milyar dolar seviyesinde olan k\u00fcresel \u015febeke yat\u0131r\u0131mlar\u0131n\u0131n, \u00f6n\u00fcm\u00fczdeki y\u0131llarda senaryolara ba\u011fl\u0131 olarak 600 ila 800 milyar dolar aral\u0131\u011f\u0131na \u00e7\u0131kaca\u011f\u0131 \u00f6ng\u00f6r\u00fcl\u00fcyor. Bu veriler bize, \u00f6n\u00fcm\u00fczdeki 20 y\u0131l\u0131n yaln\u0131zca bir enerji talebi art\u0131\u015f\u0131 d\u00f6nemi de\u011fil, ayn\u0131 zamanda tarihin en b\u00fcy\u00fck elektrik altyap\u0131s\u0131 yat\u0131r\u0131m\u0131 d\u00f6nemi olaca\u011f\u0131n\u0131 a\u00e7\u0131k\u00e7a g\u00f6steriyor\u201d<\/em> a\u00e7\u0131klamas\u0131nda bulundu. Enerjide 3D D\u00f6n\u00fc\u015f\u00fcm\u00fcn T\u00fcrkiye i\u00e7in tarihi bir f\u0131rsat oldu\u011funa dikkat \u00e7eken Arabul, \u015funlar\u0131 s\u00f6yledi:<\/p>\n<h3><strong>Karbonsuzla\u015fma, da\u011f\u0131t\u0131k \u00fcretim ve dijitalle\u015fme<\/strong><\/h3>\n<p><em>\u201cEnerjide 3D D\u00f6n\u00fc\u015f\u00fcm\u00fcn en \u00f6nemli ayaklar\u0131ndan birini karbonsuzla\u015fma olu\u015fturuyor. Bu d\u00f6n\u00fc\u015f\u00fcmle yaln\u0131zca karbonu azaltmak de\u011fil, onu tamamen sistemden \u00e7\u0131karmak ama\u00e7lan\u0131yor. Bu da T\u00fcrkiye i\u00e7in sadece bir \u00e7evre yat\u0131r\u0131m\u0131 de\u011fil, b\u00fcy\u00fck bir sanayi yat\u0131r\u0131m\u0131 f\u0131rsat\u0131 sunuyor. Enerji d\u00f6n\u00fc\u015f\u00fcm\u00fcn\u00fcn ikinci aya\u011f\u0131 olan da\u011f\u0131t\u0131k hem enerji g\u00fcvenli\u011fi hem ekonomik s\u00fcrd\u00fcr\u00fclebilirlik i\u00e7in art\u0131k bir zorunluluk. G\u00fcn\u00fcm\u00fczde enerji sadece b\u00fcy\u00fck santrallerde de\u011fil, \u00e7at\u0131larda, fabrikalarda ve organize sanayi b\u00f6lgelerinde \u00fcretiliyor. Yerinde \u00fcretim ithal yak\u0131t ba\u011f\u0131ml\u0131l\u0131\u011f\u0131n\u0131 azalt\u0131yor, pik y\u00fckleri dengeliyor ve yeni hat yat\u0131r\u0131mlar\u0131na gerek kalmadan ak\u0131ll\u0131 \u015febeke \u00e7\u00f6z\u00fcmleri sunuyor. Bu model, yerel istihdam\u0131 ve KOB\u0130 ekosistemini g\u00fc\u00e7lendiriyor; kurulumdan yaz\u0131l\u0131ma kadar binlerce yeni i\u015f f\u0131rsat\u0131 yarat\u0131yor. Enerji \u00fcretiminde dijitalle\u015fme de b\u00fcy\u00fck \u00f6nem ta\u015f\u0131yor. \u00c7\u00fcnk\u00fc art\u0131k enerji \u015febekeleri sadece elektri\u011fi de\u011fil, veriyi de ta\u015f\u0131yor. Bu durum siber g\u00fcvenlik ve veri y\u00f6netimi sorumlulu\u011funu beraberinde getiriyor. Artan yenilenebilir enerji \u00fcretimi de \u015febekelerin daha ak\u0131ll\u0131, esnek ve dayan\u0131kl\u0131 hale getirilmesini zorunlu k\u0131l\u0131yor. Dijitalle\u015fmenin merkezinde ak\u0131ll\u0131 saya\u00e7lar, SCADA sistemleri, dijital ikizler ve yapay zek\u00e2 destekli analizler yer al\u0131yor. Bu teknolojiler sayesinde \u00fcretim ve talep daha do\u011fru tahmin ediliyor, kay\u0131p-ka\u00e7ak oran\u0131 azal\u0131yor, i\u015fletme verimlili\u011fi art\u0131yor. K\u0131saca do\u011fru y\u00f6netilirse Enerjide 3D D\u00f6n\u00fc\u015f\u00fcm, T\u00fcrkiye\u2019nin enerji ba\u011f\u0131ms\u0131zl\u0131\u011f\u0131 ve rekabet g\u00fcc\u00fc i\u00e7in tarihi bir f\u0131rsatt\u0131r.\u201d<\/em> dedi.<\/p>\n<h3><strong>Elektri\u011fin kalbi trafo<\/strong><\/h3>\n<p><strong>EKOS Teknoloji ve Elektrik A.\u015e. Y\u00f6netim Kurulu Ba\u015fkan\u0131 Tar\u0131k Can Akba\u015f<\/strong>, T\u00fcrkiye elektromekanik sanayinin y\u0131ll\u0131k 18 milyar dolar \u00fcretim ve yakla\u015f\u0131k 10 milyar dolarl\u0131k ihracatla dev bir sekt\u00f6r oldu\u011funu s\u00f6yledi. T\u00fcrk elektnomekanik sanayinin en \u00f6nemli \u00fcretim ve ihracat kaleminin ise transformat\u00f6r yani trafolar oldu\u011funu kaydeden <strong>Tar\u0131k Akba\u015f,<\/strong> <em>\u201cElektrik enerjisinin kalbi olarak tan\u0131mlayabilece\u011fimiz trafolar konusunda T\u00fcrkiye, d\u00fcnyan\u0131n \u00f6nde gelen \u00fcretici ve ihracat\u00e7\u0131lar\u0131ndan biri. Bu konuda d\u00fcnyan\u0131n en \u00f6nemli \u00fcretim g\u00fcc\u00fc konmunday\u0131z. Dolay\u0131s\u0131yla Enerjide 3D D\u00f6n\u00fc\u015f\u00fcm konusundaki t\u00fcm geli\u015fmeleri yak\u0131ndan takip etmek ve uygulamak hem \u00fclkemiz hem de sekt\u00f6r\u00fcm\u00fcz a\u00e7\u0131s\u0131ndan hayati \u00f6nem ta\u015f\u0131yor\u201d<\/em> g\u00f6r\u00fc\u015f\u00fcn\u00fc dile getirdi.<\/p>\n<h3><strong>Y\u00fcksek katma de\u011ferli ihracat<\/strong><\/h3>\n<p><strong>EMSAD Genel Sekreteri Avni Aydo\u011fan<\/strong> da T\u00fcrkiye\u2019de ge\u00e7mi\u015fi 1930\u2019lara uzanan ve 1960\u2019l\u0131 y\u0131llardan sonra h\u0131zl\u0131 bir geli\u015fim s\u00fcrecine giren elektromekanik sanayi sekt\u00f6r\u00fcn\u00fcn bug\u00fcn 100 bine yak\u0131n istihdam ba\u011flayan ve 18 milyar dolara ula\u015fan \u00fcretim hacmiyle dev bir sekt\u00f6r haline geldi\u011fini belirtti. Sekt\u00f6r ihracat\u0131n\u0131n 2005 y\u0131l\u0131nda yakla\u015f\u0131k 990 milyon dolarken 2024 y\u0131l\u0131nda 9 milyar 425 milyon dolara ula\u015ft\u0131\u011f\u0131n\u0131 kaydeden Aydo\u011fan, <em>\u201c2024 \u2013 Eyl\u00fcl 2025 d\u00f6neminde T\u00fcrkiye\u2019nin toplam ihracat\u0131 y\u00fczde 4 oran\u0131nda artarken sekt\u00f6r\u00fcm\u00fcz\u00fcn ihracat art\u0131\u015f oran\u0131 y\u00fczde 15 oldu. 2025 y\u0131l\u0131 sonuda 10 milyar dolarl\u0131k toplam ihracata ula\u015fmas\u0131 beklenen elektromekanik sanayi sekt\u00f6r\u00fc, y\u00fcksek ihracat birim de\u011feriyle de \u00fclke ekonomimize sa\u011flad\u0131\u011f\u0131 katma de\u011feri her ge\u00e7en g\u00fcn art\u0131r\u0131yor\u201d dedi. T\u00fcrkiye Elektrik, Elektronik \u0130hracat\u00e7\u0131lar Birli\u011fi (TET) 2024 Raporuna g\u00f6re, 2024 y\u0131l\u0131nda ihracat birim de\u011ferinin sanayi sekt\u00f6r\u00fc genelinde kilogram ba\u015f\u0131na 1,9 dolar, elektrik iletim ve da\u011f\u0131t\u0131m ekipmanlar\u0131 sekt\u00f6r\u00fcnde ise 10 dolar oldu\u011funa dikkat \u00e7eken Aydo\u011fan, \u201cElektrik iletim ve da\u011f\u0131t\u0131m ekipmanlar\u0131ndaki katma de\u011ferli \u00a0ihracat art\u0131\u015f\u0131, elektrik-elektronik sekt\u00f6r\u00fcn\u00fc otomotiv ve kimyadan sonra T\u00fcrkiye\u2019nin en \u00e7ok ihracat yapt\u0131\u011f\u0131 \u00fc\u00e7\u00fcnc\u00fc sekt\u00f6r\u00fc haline getirdi\u201d<\/em> diye konu\u015ftu.<\/p>\n<h3><strong>Do\u011fru strateji g\u00fcc\u00fcm\u00fcze g\u00fc\u00e7 katar<\/strong><\/h3>\n<p>Ocak-Eyl\u00fcl 2025 d\u00f6neminde elektrik \u00fcretim, iletim ve da\u011f\u0131t\u0131m ekipmanlar\u0131 ihracat\u0131n\u0131n y\u00fczde 16 oran\u0131nda artt\u0131\u011f\u0131n\u0131 dile getiren Aydo\u011fan, \u015f\u00f6yle devam etti:<\/p>\n<p><em>\u201cT\u00fcm d\u00fcnyada ya\u015fanan enerji d\u00f6n\u00fc\u015f\u00fcm\u00fc, \u00fclkemiz i\u00e7in b\u00fcy\u00fck bir f\u0131rsatt\u0131r. T\u00fcrk elektromekanik sanayisi, g\u00fc\u00e7l\u00fc bir \u00fcretim kapasitesine, m\u00fchendislik g\u00fcc\u00fcne ve ihracat potansiyeline sahip. Do\u011fru te\u015fvikler, y\u00fcksek g\u00fc\u00e7 laboratuvar\u0131 yat\u0131r\u0131m\u0131 ve ye\u015fil mutabakata uyumlu \u00fcr\u00fcn geli\u015ftirme stratejileriyle T\u00fcrkiye bu sekt\u00f6rde, b\u00f6lgesel liderli\u011fini peki\u015ftirebilir, k\u00fcresel pazarda daha da \u00f6nemli bir oyuncu haline gelebilir.\u201d<\/em> dedi.<\/p>\n<h3><strong>SF6 gaz\u0131 AB\u2019de yasaklan\u0131yor<\/strong><\/h3>\n<p>Oturuma \u201cSF6 Gaz\u0131, AB\u2019de SF6 Yasa\u011f\u0131, Alternatif Teknolojiler, T\u00fcrkiye\u2019de Genel Durum\u201d ba\u015fl\u0131kl\u0131 sunumuyla kat\u0131lan <strong>Ulusoy Elektrik \u2013 EATON Ar-Ge M\u00fcd\u00fcr\u00fc Sabri Uzel<\/strong>, karbon sal\u0131n\u0131m\u0131 olduk\u00e7a y\u00fcksek olan SF6 gaz\u0131n\u0131n, AB F-Gaz reg\u00fclasyonuna g\u00f6re, baz\u0131 istisnalar olsa da 2026 ile 2032 y\u0131llar\u0131 aras\u0131nda kademeli olarak yasaklanaca\u011f\u0131n\u0131 s\u00f6yledi. SF6 kullan\u0131lan \u00fcr\u00fcnlerin alternatifleri hakk\u0131nda da bilgiler payla\u015fan Uzel, T\u00fcrkiye\u2019de baz\u0131 \u00f6zel k\u0131s\u0131tlama\u00a0 ve kontroller d\u0131\u015f\u0131nda, orta ve y\u00fcksek gerilim elektrik iletim ve elektrik da\u011f\u0131t\u0131m sistemleri i\u00e7in; baz\u0131 \u00f6zel maddeler hari\u00e7 SF6\u2019l\u0131 \u00fcr\u00fcnlerin \u00fcretimini ve kullan\u0131m\u0131n\u0131 yasaklayan ya da k\u0131s\u0131tlayan bir y\u00f6netmelik veya \u015fartnamenin hen\u00fcz hayata ge\u00e7irilmedi\u011fini vurgulad\u0131.<\/p>\n<h3><strong>Elektrik da\u011f\u0131t\u0131m \u015firketlerinin 2026-2030 yat\u0131r\u0131m d\u00f6neminde Recloser \u00f6nemli bir yer alacak<\/strong><\/h3>\n<p><strong>ABB Elektrik San. A.\u015e. \u00dcr\u00fcn Pazarlama M\u00fcd\u00fcr\u00fc Kerem Can Yaral, <\/strong>elektrik enerjisinde ya\u015fanan d\u00f6n\u00fc\u015f\u00fcmde ak\u0131ll\u0131 ekipmanlar\u0131n \u00f6nemine dikkat \u00e7ekerek, recloser cihazlar\u0131 hakk\u0131nda kapsaml\u0131 bir sunum ger\u00e7ekle\u015ftirdi. Yaral; Ak\u0131ll\u0131 \u015febekeler i\u00e7in recloser\u2019\u0131n ak\u0131ll\u0131 bir ekipman oldu\u011funu belirterek, elektrik da\u011f\u0131t\u0131m \u015firketlerinin 2026-2030 yat\u0131r\u0131m d\u00f6neminde recloser\u2019\u0131n \u00f6nemli bir yer almas\u0131n\u0131 beklediklerini belirtti.<\/p>\n<p>Yay\u0131na Alan: Alperen ERTA\u015e-<a href=\"http:\/\/alperen.ertas@enerjigazetesi.ist\">alperen.ertas@enerjigazetesi.ist<\/a><\/p>","protected":false},"excerpt":{"rendered":"<p>Sorry, this entry is only available in Turkish. For the sake of viewer convenience, the content is shown below in the alternative language. You may click the link to switch the active language. EIF Enerji D\u00f6n\u00fc\u015f\u00fcm Fuar\u0131 kapsam\u0131nda ger\u00e7ekle\u015ftirilen \u201cElektrikte D\u00f6n\u00fc\u015f\u00fcm ve T\u00fcrkiye\u201d konulu EMSAD \u00d6zel Oturumu\u2019nda konu\u015fan EMSAD Y\u00f6netim Kurulu Ba\u015fkan\u0131 Zafer Arabul, d\u00fcnyada [&hellip;]<\/p>\n","protected":false},"author":19,"featured_media":200854,"comment_status":"open","ping_status":"open","sticky":false,"template":"","format":"standard","meta":[],"categories":[51,53],"tags":[117218,117219],"views":12,"_links":{"self":[{"href":"https:\/\/www.enerjigazetesi.ist\/en\/wp-json\/wp\/v2\/posts\/200853"}],"collection":[{"href":"https:\/\/www.enerjigazetesi.ist\/en\/wp-json\/wp\/v2\/posts"}],"about":[{"href":"https:\/\/www.enerjigazetesi.ist\/en\/wp-json\/wp\/v2\/types\/post"}],"author":[{"embeddable":true,"href":"https:\/\/www.enerjigazetesi.ist\/en\/wp-json\/wp\/v2\/users\/19"}],"replies":[{"embeddable":true,"href":"https:\/\/www.enerjigazetesi.ist\/en\/wp-json\/wp\/v2\/comments?post=200853"}],"version-history":[{"count":0,"href":"https:\/\/www.enerjigazetesi.ist\/en\/wp-json\/wp\/v2\/posts\/200853\/revisions"}],"wp:featuredmedia":[{"embeddable":true,"href":"https:\/\/www.enerjigazetesi.ist\/en\/wp-json\/wp\/v2\/media\/200854"}],"wp:attachment":[{"href":"https:\/\/www.enerjigazetesi.ist\/en\/wp-json\/wp\/v2\/media?parent=200853"}],"wp:term":[{"taxonomy":"category","embeddable":true,"href":"https:\/\/www.enerjigazetesi.ist\/en\/wp-json\/wp\/v2\/categories?post=200853"},{"taxonomy":"post_tag","embeddable":true,"href":"https:\/\/www.enerjigazetesi.ist\/en\/wp-json\/wp\/v2\/tags?post=200853"}],"curies":[{"name":"wp","href":"https:\/\/api.w.org\/{rel}","templated":true}]}}