{"id":200846,"date":"2025-10-11T02:55:11","date_gmt":"2025-10-10T23:55:11","guid":{"rendered":"https:\/\/www.enerjigazetesi.ist\/?p=200846"},"modified":"2025-10-11T02:55:11","modified_gmt":"2025-10-10T23:55:11","slug":"teias-ile-dunya-bankasi-arasinda-750-milyon-dolarlik-anlasma","status":"publish","type":"post","link":"https:\/\/www.enerjigazetesi.ist\/en\/teias-ile-dunya-bankasi-arasinda-750-milyon-dolarlik-anlasma\/","title":{"rendered":"(Turkish) TE\u0130A\u015e ile D\u00fcnya Bankas\u0131 Aras\u0131nda 750 Milyon Dolarl\u0131k Anla\u015fma"},"content":{"rendered":"<p class=\"qtranxs-available-languages-message qtranxs-available-languages-message-en\">Sorry, this entry is only available in <a href=\"https:\/\/www.enerjigazetesi.ist\/tr\/wp-json\/wp\/v2\/posts\/200846\" class=\"qtranxs-available-language-link qtranxs-available-language-link-tr\" title=\"Turkish\">Turkish<\/a>. For the sake of viewer convenience, the content is shown below in the alternative language. You may click the link to switch the active language.<\/p><p><\/p>\n<h2>Enerji ve Tabii Kaynaklar Bakan\u0131 Alparslan Bayraktar, Bakanl\u0131\u011f\u0131n ilgili Kurulu\u015fu T\u00fcrkiye Elektrik \u0130letim A.\u015e (TE\u0130A\u015e) ile D\u00fcnya Bankas\u0131 aras\u0131nda 750 milyon dolarl\u0131k bir kredi anla\u015fmas\u0131 imzaland\u0131\u011f\u0131n\u0131 a\u00e7\u0131klad\u0131.<\/h2>\n<div id=\"attachment_200847\" style=\"width: 560px\" class=\"wp-caption aligncenter\"><img aria-describedby=\"caption-attachment-200847\" loading=\"lazy\" class=\"wp-image-200847 size-full\" src=\"https:\/\/www.enerjigazetesi.ist\/wp-content\/uploads\/2025\/10\/c.jpg\" alt=\"\" width=\"550\" height=\"360\" srcset=\"https:\/\/www.enerjigazetesi.ist\/wp-content\/uploads\/2025\/10\/c.jpg 550w, https:\/\/www.enerjigazetesi.ist\/wp-content\/uploads\/2025\/10\/c-300x196.jpg 300w, https:\/\/www.enerjigazetesi.ist\/wp-content\/uploads\/2025\/10\/c-500x327.jpg 500w, https:\/\/www.enerjigazetesi.ist\/wp-content\/uploads\/2025\/10\/c-76x50.jpg 76w\" sizes=\"(max-width: 550px) 100vw, 550px\" \/><p id=\"caption-attachment-200847\" class=\"wp-caption-text\">Enerji ve Tabii Kaynaklar Bakan\u0131 Alparslan Bayraktar<\/p><\/div>\n<p>Bakan Bayraktar, <em>\u201cD\u00fcnya Bankas\u0131\u2019n\u0131n ve uluslararas\u0131 finansal kurulu\u015flar\u0131n T\u00fcrkiye&#8217;nin enerji altyap\u0131s\u0131na \u00f6zellikle elektrik ve do\u011fal gaz altyap\u0131s\u0131na d\u00f6n\u00fck \u00e7ok \u00f6nemli bir ilgisi var. \u00c7\u00fcnk\u00fc T\u00fcrkiye, bir merkez \u00fclke\u201d<\/em> dedi. Bakan Bayraktar, gerek Asya&#8217;dan gerek Bat\u0131&#8217;dan finansal kurulu\u015flarla bu tarz projeler i\u00e7in g\u00f6r\u00fc\u015fmelerin devam etti\u011fini belirtti.<\/p>\n<p><strong>Enerji ve Tabii Kaynaklar Bakan\u0131 Alparslan Bayraktar,<\/strong> 11. Enerji Verimlili\u011fi Forum ve Fuar\u0131\u2019nda bas\u0131n mensuplar\u0131n\u0131n sorular\u0131n\u0131 cevaplad\u0131 ve g\u00fcndeme ili\u015fkin a\u00e7\u0131klamalarda bulundu.<\/p>\n<p><img loading=\"lazy\" class=\"size-full wp-image-200848 aligncenter\" src=\"https:\/\/www.enerjigazetesi.ist\/wp-content\/uploads\/2025\/10\/a.jpg\" alt=\"\" width=\"550\" height=\"352\" srcset=\"https:\/\/www.enerjigazetesi.ist\/wp-content\/uploads\/2025\/10\/a.jpg 550w, https:\/\/www.enerjigazetesi.ist\/wp-content\/uploads\/2025\/10\/a-300x192.jpg 300w, https:\/\/www.enerjigazetesi.ist\/wp-content\/uploads\/2025\/10\/a-500x320.jpg 500w, https:\/\/www.enerjigazetesi.ist\/wp-content\/uploads\/2025\/10\/a-78x50.jpg 78w\" sizes=\"(max-width: 550px) 100vw, 550px\" \/><\/p>\n<h3><strong>Finansal Kurulu\u015flar\u0131n \u0130lgisi Var<\/strong><\/h3>\n<p>Bakan Bayraktar, Bakanl\u0131\u011f\u0131n ilgili Kurulu\u015fu TE\u0130A\u015e ile D\u00fcnya Bankas\u0131 aras\u0131nda 750 milyon dolarl\u0131k bir kredi anla\u015fmas\u0131 imzaland\u0131\u011f\u0131n\u0131 bildirdi. Bakan Bayraktar, <em>\u201cD\u00fcnya Bankas\u0131\u2019n\u0131n ve uluslararas\u0131 finansal kurulu\u015flar\u0131n T\u00fcrkiye&#8217;nin enerji altyap\u0131s\u0131na \u00f6zellikle elektrik ve do\u011fal gaz altyap\u0131s\u0131na d\u00f6n\u00fck \u00e7ok \u00f6nemli bir ilgisi var. \u00c7\u00fcnk\u00fc T\u00fcrkiye, bir merkez \u00fclke\u201d<\/em> dedi.<\/p>\n<h3><strong>G\u00f6r\u00fc\u015fmelerimiz Devam ediyor<\/strong><\/h3>\n<p>20235\u2019e kadar elektrik iletim altyap\u0131s\u0131na 28 milyar dolarl\u0131k yat\u0131r\u0131m yapacaklar\u0131n\u0131 ifade eden Bayraktar, \u201c<em>Biraz \u00f6nce de bunun 750 milyon dolarl\u0131k k\u0131sm\u0131n\u0131n imzas\u0131na \u015fahitlik yapt\u0131k. Gerek Asya&#8217;dan gerek Bat\u0131&#8217;dan finansal kurulu\u015flarla bu tarz projeler i\u00e7in g\u00f6r\u00fc\u015fmelerimiz yo\u011fun bir \u015fekilde devam ediyor. \u00d6n\u00fcm\u00fczdeki d\u00f6nemde bunlar\u0131n yeni \u00f6rneklerini de g\u00f6rece\u011fiz\u201d diye konu\u015ftu. G\u00fc\u00e7l\u00fc bir altyap\u0131n\u0131n gerekli oldu\u011funa vurgu yapan Bayraktar, \u201cBunun i\u00e7in de d\u0131\u015f finansman\u0131 getirebilece\u011fimiz modelleri uygulamaya koyaca\u011f\u0131z.\u201d<\/em> dedi.<\/p>\n<h3><strong>Temel Prensip \u00c7e\u015fitlendirme<\/strong><\/h3>\n<p>Do\u011fal gaz ithalat\u0131nda temel prensibin \u2018\u00e7e\u015fitlendirme\u2019 oldu\u011funu ifade eden Bayraktar, tek bir rotaya veya tek bir forma ba\u011fl\u0131 kalmadan \u00e7e\u015fitlendirmenin arz g\u00fcvenli\u011fi i\u00e7in \u00f6nemli oldu\u011funu vurgulad\u0131. T\u00fcrkiye\u2019nin enerji altyap\u0131s\u0131na \u00f6nemli yat\u0131r\u0131mlar yapt\u0131\u011f\u0131n\u0131 belirten Bayraktar, T\u00fcrkiye\u2019nin bu yat\u0131r\u0131mlar sayesinde do\u011fal gaz\u0131 art\u0131k sadece bor gaz\u0131yla de\u011fil, ayn\u0131 zamanda s\u0131v\u0131la\u015ft\u0131r\u0131lm\u0131\u015f bir \u015fekilde gemilerle alabilme kabiliyetine de sahip oldu\u011funa dikkat \u00e7ekti.<\/p>\n<h3><strong>BOTA\u015e\u2019\u0131 \u00d6nemli Bir G\u00fc\u00e7 Haline Getiriyoruz<\/strong><\/h3>\n<p>ABD ile LNG konusunda toplam 43 milyar dolar de\u011ferinde 143 milyar metrek\u00fcpl\u00fck anla\u015fmalar imzaland\u0131\u011f\u0131n\u0131 hat\u0131rlatan Bayraktar, al\u0131nacak olan bu gazlar\u0131n farkl\u0131 bir \u00fclkeye de sat\u0131labilece\u011fini belirtti. Bayraktar, \u201c<em>Burada hem \u00fclkemizin arz g\u00fcvenli\u011fini garanti alt\u0131na almaya \u00e7al\u0131\u015f\u0131yoruz hem de BOTA\u015e\u2019\u0131 uluslararas\u0131 ticarette \u00f6nemli bir g\u00fc\u00e7 haline getiriyoruz.\u201d<\/em> A\u00e7\u0131klamas\u0131n\u0131 yapt\u0131.<\/p>\n<h3><strong>Akkuyu\u2019da \u0130lk Reakt\u00f6r 2026\u2019da Devrede<\/strong><\/h3>\n<p>N\u00fckleer alandaki \u00e7al\u0131\u015fmalarla ilgili de konu\u015fan Bakan Bayraktar, Akkuyu&#8217;da 4 reakt\u00f6r\u00fcn in\u015fas\u0131na devam edildi\u011fini an\u0131msatt\u0131. Akkuyu\u2019nun hukuken bu y\u0131l devreye al\u0131nmas\u0131 gerekti\u011fini ancak pandemi ve Rusya-Ukrayna Sava\u015f\u0131\u2019ndan kaynaklanan yapt\u0131r\u0131mlar\u0131n projenin gecikmesine sebep oldu\u011funu aktaran Bayraktar,<em> \u201cBaz\u0131 \u00fclkeler, baz\u0131 \u015firketler teslim etmeleri gereken ekipmanlar\u0131, zaman\u0131nda Akkuyu&#8217;ya g\u00f6ndermediler. Dolay\u0131s\u0131yla bunlardan kaynakl\u0131 baz\u0131 gecikmeler ya\u015fand\u0131. Akkuyu tekrar o eski h\u0131z\u0131na kavu\u015facak. Hedefimiz 2026 y\u0131l\u0131nda ilk reakt\u00f6r\u00fc devreye almak\u201d<\/em> de\u011ferlendirmesinde bulundu.<\/p>\n<h3><strong>Enerji Verimlili\u011fi<\/strong><\/h3>\n<p>Enerji Verildi\u011fi Forum ve Fuar\u0131\u2019n\u0131n yar\u0131n da devam edece\u011fini s\u00f6yleyen Bakan Bayraktar, en ucuz ve en temiz enerji kayna\u011f\u0131n\u0131n \u2018enerji verimlili\u011fi oldu\u011funu belirtti. Daha \u00f6nce Enerji Verimlili\u011fi 2030 Stratejisi ve \u0130kinci Ulusal Enerji Verimlili\u011fi Eylem Plan\u0131\u2019n\u0131 kamuoyuna a\u00e7\u0131klad\u0131klar\u0131n\u0131 anlatan Bayraktar, bu kapsam\u0131nda 20 milyar dolarl\u0131k bir yat\u0131r\u0131m planland\u0131\u011f\u0131n\u0131 ifade etti. Kamu Binalar\u0131nda Enerji Tasarrufu Konulu Cumhurba\u015fkan\u0131 Genelgesi\u2019ne at\u0131fta bulunan Bakan Bayraktar, s\u00f6z konusu genelge ile enerji verimlili\u011finde y\u00fczde 30 iyile\u015fme \u00f6ng\u00f6r\u00fcld\u00fc\u011f\u00fcn\u00fc kaydetti.<\/p>\n<p>Kaynak:\u00a0<a href=\"https:\/\/enerji.gov.tr\/haber-detay?id=31599\">ETKB<\/a><\/p>\n<p>Yay\u0131na Alan: Alperen ERTA\u015e-<a href=\"http:\/\/alperen.ertas@enerjigazetesi.ist\">alperen.ertas@enerjigazetesi.ist<\/a><\/p>","protected":false},"excerpt":{"rendered":"<p>Sorry, this entry is only available in Turkish. For the sake of viewer convenience, the content is shown below in the alternative language. You may click the link to switch the active language. Enerji ve Tabii Kaynaklar Bakan\u0131 Alparslan Bayraktar, Bakanl\u0131\u011f\u0131n ilgili Kurulu\u015fu T\u00fcrkiye Elektrik \u0130letim A.\u015e (TE\u0130A\u015e) ile D\u00fcnya Bankas\u0131 aras\u0131nda 750 milyon dolarl\u0131k [&hellip;]<\/p>\n","protected":false},"author":19,"featured_media":200847,"comment_status":"open","ping_status":"open","sticky":false,"template":"","format":"standard","meta":[],"categories":[51,53],"tags":[115617,47585],"views":16,"_links":{"self":[{"href":"https:\/\/www.enerjigazetesi.ist\/en\/wp-json\/wp\/v2\/posts\/200846"}],"collection":[{"href":"https:\/\/www.enerjigazetesi.ist\/en\/wp-json\/wp\/v2\/posts"}],"about":[{"href":"https:\/\/www.enerjigazetesi.ist\/en\/wp-json\/wp\/v2\/types\/post"}],"author":[{"embeddable":true,"href":"https:\/\/www.enerjigazetesi.ist\/en\/wp-json\/wp\/v2\/users\/19"}],"replies":[{"embeddable":true,"href":"https:\/\/www.enerjigazetesi.ist\/en\/wp-json\/wp\/v2\/comments?post=200846"}],"version-history":[{"count":0,"href":"https:\/\/www.enerjigazetesi.ist\/en\/wp-json\/wp\/v2\/posts\/200846\/revisions"}],"wp:featuredmedia":[{"embeddable":true,"href":"https:\/\/www.enerjigazetesi.ist\/en\/wp-json\/wp\/v2\/media\/200847"}],"wp:attachment":[{"href":"https:\/\/www.enerjigazetesi.ist\/en\/wp-json\/wp\/v2\/media?parent=200846"}],"wp:term":[{"taxonomy":"category","embeddable":true,"href":"https:\/\/www.enerjigazetesi.ist\/en\/wp-json\/wp\/v2\/categories?post=200846"},{"taxonomy":"post_tag","embeddable":true,"href":"https:\/\/www.enerjigazetesi.ist\/en\/wp-json\/wp\/v2\/tags?post=200846"}],"curies":[{"name":"wp","href":"https:\/\/api.w.org\/{rel}","templated":true}]}}