{"id":200749,"date":"2025-10-08T17:05:27","date_gmt":"2025-10-08T14:05:27","guid":{"rendered":"https:\/\/www.enerjigazetesi.ist\/?p=200749"},"modified":"2025-10-08T17:05:27","modified_gmt":"2025-10-08T14:05:27","slug":"kooperatiflerle-iklim-dostu-ve-ucuz-elektrik-mumkun","status":"publish","type":"post","link":"https:\/\/www.enerjigazetesi.ist\/en\/kooperatiflerle-iklim-dostu-ve-ucuz-elektrik-mumkun\/","title":{"rendered":"(Turkish) Kooperatiflerle \u0130klim Dostu ve Ucuz Elektrik M\u00fcmk\u00fcn"},"content":{"rendered":"<p class=\"qtranxs-available-languages-message qtranxs-available-languages-message-en\">Sorry, this entry is only available in <a href=\"https:\/\/www.enerjigazetesi.ist\/tr\/wp-json\/wp\/v2\/posts\/200749\" class=\"qtranxs-available-language-link qtranxs-available-language-link-tr\" title=\"Turkish\">Turkish<\/a>. For the sake of viewer convenience, the content is shown below in the alternative language. You may click the link to switch the active language.<\/p><p><\/p>\n<h2><strong>\u0130klim \u0130\u00e7in 350 Derne\u011fi,\u00a0&#8220;Yenilenebilir Enerji Kooperatifleri: Potansiyeller, Sorunlar ve \u00c7\u00f6z\u00fcm \u00d6nerileri&#8221; ba\u015fl\u0131kl\u0131 yeni raporu<\/strong>\u00a0ve\u00a0<strong>&#8220;G\u00fc\u00e7 Kat&#8221; kampanyas\u0131yla<\/strong>\u00a0T\u00fcrkiye&#8217;de yenilenebilir enerji kooperatiflerini yayg\u0131nla\u015ft\u0131rmak i\u00e7in \u00f6nemli bir kampanya ba\u015flatt\u0131. Ara\u015ft\u0131rmac\u0131 Ya\u011f\u0131z Eren Abanus&#8217;un raporu, enerji kooperatiflerinin elektrik faturalar\u0131n\u0131 d\u00fc\u015f\u00fcrme ve yerel kalk\u0131nmay\u0131 destekleme potansiyelini ortaya koyarken, G\u00fc\u00e7 Kat kampanyas\u0131 interaktif bir platformla kampanyaya destek verenleri, s\u00fcrece sanal olarak dahil etmeyi hedefliyor.<\/h2>\n<p><img loading=\"lazy\" class=\"aligncenter wp-image-200750 size-full\" src=\"https:\/\/www.enerjigazetesi.ist\/wp-content\/uploads\/2025\/10\/images.jpg\" alt=\"\" width=\"550\" height=\"330\" srcset=\"https:\/\/www.enerjigazetesi.ist\/wp-content\/uploads\/2025\/10\/images.jpg 550w, https:\/\/www.enerjigazetesi.ist\/wp-content\/uploads\/2025\/10\/images-300x180.jpg 300w, https:\/\/www.enerjigazetesi.ist\/wp-content\/uploads\/2025\/10\/images-500x300.jpg 500w, https:\/\/www.enerjigazetesi.ist\/wp-content\/uploads\/2025\/10\/images-80x48.jpg 80w\" sizes=\"(max-width: 550px) 100vw, 550px\" \/><\/p>\n<p>Rapor, T\u00fcrkiye&#8217;nin 82,5 GW olan g\u00fcne\u015f ve r\u00fczg\u00e2r kapasitesini 120 GW&#8217;ye \u00e7\u0131karma hedefinin umut verici oldu\u011funu ancak bu hedefin kal\u0131c\u0131 ve adil bir d\u00f6n\u00fc\u015f\u00fcme d\u00f6n\u00fc\u015febilmesi i\u00e7in enerji kooperatiflerinin devreye girmesi gerekti\u011fini vurguluyor. Model, ekonomik, toplumsal ve \u00e7evresel bir\u00e7ok fayda sa\u011flarken;\u00a0<strong>yerelde kalk\u0131nmay\u0131 ve enerjide demokrasiye ge\u00e7i\u015fi m\u00fcmk\u00fcn k\u0131l\u0131yor.<\/strong><\/p>\n<h3><strong>\u0130talya&#8217;da faturalar y\u00fczde 30 d\u00fc\u015ft\u00fc<\/strong><\/h3>\n<p>Raporda, enerji kooperatiflerinin d\u00fcnyadaki \u00f6rnekleriyle sa\u011flayabilece\u011fi faydalar vurgulan\u0131rken, T\u00fcrkiye i\u00e7in ta\u015f\u0131d\u0131\u011f\u0131 potansiyele dikkat \u00e7ekildi.<\/p>\n<p><strong>&#8211; Ekonomik fayda:<\/strong>\u00a0\u0130talya&#8217;da yar\u0131m milyondan fazla insan\u0131n kooperatiflerden ald\u0131\u011f\u0131 enerji sayesinde faturalar\u0131 %30 d\u00fc\u015ft\u00fc. \u015eu an 421 kooperatif 500 bin ki\u015fiye hizmet veriyor.<br \/>\n<strong>&#8211; \u0130stihdam:<\/strong>\u00a0Almanya ve Bel\u00e7ika&#8217;da kooperatiflerle yerel y\u00f6netimlerin i\u015fbirli\u011fi sayesinde 50.000&#8217;den fazla haneye yenilenebilir enerji sa\u011flan\u0131rken, yerel istihdam ve ekonomik kalk\u0131nma g\u00fc\u00e7lendi.<br \/>\n<strong>&#8211; Dayan\u0131kl\u0131l\u0131k:<\/strong>\u00a0Yemen&#8217;de kad\u0131nlar taraf\u0131ndan kurulan mikro g\u00fcne\u015f \u015febekesi sayesinde \u00e7at\u0131\u015fmalar ve a\u015f\u0131r\u0131 hava olaylar\u0131na ra\u011fmen 53 haneye dizel jenerat\u00f6rden daha d\u00fc\u015f\u00fck maliyetle temiz enerji sa\u011flan\u0131yor.<\/p>\n<h3><strong>Sen de &#8220;G\u00fc\u00e7 Kat&#8221;, kendi kooperatifini kur!<\/strong><\/h3>\n<p><strong>\u0130klim \u0130\u00e7in 350 Derne\u011fi&#8217;nden Efe Baysal<\/strong>\u00a0konuyla ilgili \u015funlar\u0131 s\u00f6yledi: &#8220;T\u00fcrkiye&#8217;de ne yaz\u0131k ki gerekli mevzuat d\u00fczenlemelerine tak\u0131lan enerji kooperatifleri, \u00f6n\u00fcn\u00fcn a\u00e7\u0131lmas\u0131 durumunda d\u00fcnyadaki \u00f6rnekler gibi enerji yoksullu\u011funa, merkeziyet\u00e7i enerji sistemine ve artan maliyetlere kar\u015f\u0131 g\u00fc\u00e7l\u00fc bir \u00e7\u00f6z\u00fcm sunma potansiyeline sahip. Bu kalk\u0131nman\u0131n ger\u00e7ekle\u015fmesi i\u00e7in enerji kooperatiflerinin \u00f6n\u00fcn\u00fcn h\u0131zla a\u00e7\u0131lmas\u0131 gerekiyor.&#8221;<\/p>\n<h3>Raporda, T\u00fcrkiye&#8217;de yenilenebilir enerji kooperatiflerinin \u00f6n\u00fcn\u00fcn a\u00e7\u0131labilmesi i\u00e7in \u015fu \u00f6nerileri \u00f6ne \u00e7\u0131kar\u0131ld\u0131:<\/h3>\n<p>&#8211; Kooperatiflere finansman ve tarife garantileri sa\u011flanmas\u0131,<br \/>\n&#8211; Mevzuat\u0131n yerelde \u00fcretim ve t\u00fcketimi te\u015fvik edecek \u015fekilde revize edilmesi,<br \/>\n&#8211; Enerji depolama ve verimlilik yat\u0131r\u0131mlar\u0131n\u0131n desteklenmesi,<br \/>\n&#8211; Yurtta\u015flar\u0131n karar alma s\u00fcre\u00e7lerine kat\u0131l\u0131m\u0131n\u0131n g\u00fc\u00e7lendirilmesi.<\/p>\n<p>Yay\u0131na Alan: Alperen ERTA\u015e-<a href=\"http:\/\/alperen.ertas@enerjigazetesi.ist\">alperen.ertas@enerjigazetesi.ist<\/a><\/p>","protected":false},"excerpt":{"rendered":"<p>Sorry, this entry is only available in Turkish. For the sake of viewer convenience, the content is shown below in the alternative language. You may click the link to switch the active language. \u0130klim \u0130\u00e7in 350 Derne\u011fi,\u00a0&#8220;Yenilenebilir Enerji Kooperatifleri: Potansiyeller, Sorunlar ve \u00c7\u00f6z\u00fcm \u00d6nerileri&#8221; ba\u015fl\u0131kl\u0131 yeni raporu\u00a0ve\u00a0&#8220;G\u00fc\u00e7 Kat&#8221; kampanyas\u0131yla\u00a0T\u00fcrkiye&#8217;de yenilenebilir enerji kooperatiflerini yayg\u0131nla\u015ft\u0131rmak i\u00e7in \u00f6nemli [&hellip;]<\/p>\n","protected":false},"author":19,"featured_media":200750,"comment_status":"open","ping_status":"open","sticky":false,"template":"","format":"standard","meta":[],"categories":[51,53,49,50],"tags":[106824,38310],"views":20,"_links":{"self":[{"href":"https:\/\/www.enerjigazetesi.ist\/en\/wp-json\/wp\/v2\/posts\/200749"}],"collection":[{"href":"https:\/\/www.enerjigazetesi.ist\/en\/wp-json\/wp\/v2\/posts"}],"about":[{"href":"https:\/\/www.enerjigazetesi.ist\/en\/wp-json\/wp\/v2\/types\/post"}],"author":[{"embeddable":true,"href":"https:\/\/www.enerjigazetesi.ist\/en\/wp-json\/wp\/v2\/users\/19"}],"replies":[{"embeddable":true,"href":"https:\/\/www.enerjigazetesi.ist\/en\/wp-json\/wp\/v2\/comments?post=200749"}],"version-history":[{"count":0,"href":"https:\/\/www.enerjigazetesi.ist\/en\/wp-json\/wp\/v2\/posts\/200749\/revisions"}],"wp:featuredmedia":[{"embeddable":true,"href":"https:\/\/www.enerjigazetesi.ist\/en\/wp-json\/wp\/v2\/media\/200750"}],"wp:attachment":[{"href":"https:\/\/www.enerjigazetesi.ist\/en\/wp-json\/wp\/v2\/media?parent=200749"}],"wp:term":[{"taxonomy":"category","embeddable":true,"href":"https:\/\/www.enerjigazetesi.ist\/en\/wp-json\/wp\/v2\/categories?post=200749"},{"taxonomy":"post_tag","embeddable":true,"href":"https:\/\/www.enerjigazetesi.ist\/en\/wp-json\/wp\/v2\/tags?post=200749"}],"curies":[{"name":"wp","href":"https:\/\/api.w.org\/{rel}","templated":true}]}}