{"id":200739,"date":"2025-10-01T14:44:49","date_gmt":"2025-10-01T11:44:49","guid":{"rendered":"https:\/\/www.enerjigazetesi.ist\/?p=200739"},"modified":"2025-10-01T14:45:22","modified_gmt":"2025-10-01T11:45:22","slug":"gonulluler-ve-cocuklar-dunya-icin-lazim-greenfestte-bulusuyor","status":"publish","type":"post","link":"https:\/\/www.enerjigazetesi.ist\/en\/gonulluler-ve-cocuklar-dunya-icin-lazim-greenfestte-bulusuyor\/","title":{"rendered":"(Turkish) G\u00f6n\u00fcll\u00fcler ve \u00c7ocuklar &#8220;D\u00fcnya \u0130\u00e7in Laz\u0131m GreenFest&#8217;te&#8221; Bulu\u015fuyor"},"content":{"rendered":"<p class=\"qtranxs-available-languages-message qtranxs-available-languages-message-en\">Sorry, this entry is only available in <a href=\"https:\/\/www.enerjigazetesi.ist\/tr\/wp-json\/wp\/v2\/posts\/200739\" class=\"qtranxs-available-language-link qtranxs-available-language-link-tr\" title=\"Turkish\">Turkish<\/a>. For the sake of viewer convenience, the content is shown below in the alternative language. You may click the link to switch the active language.<\/p><p><\/p>\n<h2><strong>Vodafone, WWF-T\u00fcrkiye ve Habitat Derne\u011fi\u2019nin \u00e7ocuklarda s\u00fcrd\u00fcr\u00fclebilirlik\u00a0<\/strong><strong>fark\u0131ndal\u0131\u011f\u0131 yaratmak amac\u0131yla\u00a0<\/strong><strong>hayata ge\u00e7irdi\u011fi \u201cD\u00fcnya \u0130\u00e7in Laz\u0131m\u201d projesi kapsam\u0131nda d\u00fczenlenen \u201c<em>D\u00fcnya \u0130\u00e7in Laz\u0131m &#8211; GreenFest\u201d etkinli\u011fi 2 Ekim\u2019de \u0130stanbul&#8217;da ger\u00e7ekle\u015ftirilecek.<\/em><\/strong><em><strong>\u00a0Festival kapsam\u0131nda\u00a0<\/strong><\/em><strong><em>\u201cD\u00fcnyan\u0131n Bir \u00c7a\u011fr\u0131s\u0131 Var!\u201d<\/em> temal\u0131 resim yar\u0131\u015fmas\u0131 finali de d\u00fczenlenecek.<\/strong><strong>\u00a0<\/strong><\/h2>\n<p><img loading=\"lazy\" class=\"aligncenter wp-image-200740\" src=\"https:\/\/www.enerjigazetesi.ist\/wp-content\/uploads\/2025\/10\/1759219536_D__L_greenfest_KV.jpg\" alt=\"\" width=\"550\" height=\"550\" srcset=\"https:\/\/www.enerjigazetesi.ist\/wp-content\/uploads\/2025\/10\/1759219536_D__L_greenfest_KV.jpg 480w, https:\/\/www.enerjigazetesi.ist\/wp-content\/uploads\/2025\/10\/1759219536_D__L_greenfest_KV-300x300.jpg 300w, https:\/\/www.enerjigazetesi.ist\/wp-content\/uploads\/2025\/10\/1759219536_D__L_greenfest_KV-150x150.jpg 150w, https:\/\/www.enerjigazetesi.ist\/wp-content\/uploads\/2025\/10\/1759219536_D__L_greenfest_KV-400x400.jpg 400w, https:\/\/www.enerjigazetesi.ist\/wp-content\/uploads\/2025\/10\/1759219536_D__L_greenfest_KV-50x50.jpg 50w, https:\/\/www.enerjigazetesi.ist\/wp-content\/uploads\/2025\/10\/1759219536_D__L_greenfest_KV-100x100.jpg 100w\" sizes=\"(max-width: 550px) 100vw, 550px\" \/><\/p>\n<p>Vodafone, WWF-T\u00fcrkiye ve Habitat Derne\u011fi ortakl\u0131\u011f\u0131nda hayata ge\u00e7irilen D\u00fcnya \u0130\u00e7in Laz\u0131m projesi, do\u011faya duyarl\u0131 ve s\u00fcrd\u00fcr\u00fclebilirlik fark\u0131ndal\u0131\u011f\u0131na sahip nesiller yeti\u015ftirmeye devam ediyor. Proje kapsam\u0131nda d\u00fczenlenen <strong>\u201cD\u00fcnya \u0130\u00e7in Laz\u0131m &#8211; GreenFest\u201d<\/strong>\u00a0etkinli\u011fi\u00a0<strong>2 Ekim<\/strong>\u00a0<strong>Per\u015fembe<\/strong>\u00a0g\u00fcn\u00fc\u00a0<strong>\u0130stanbul&#8217;da<\/strong>\u00a0ger\u00e7ekle\u015ftirilecek. \u00c7ocuklarda do\u011fa bilincinin art\u0131r\u0131lmas\u0131n\u0131n hedeflendi\u011fi festivalde,\u00a0<strong>\u201cD\u00fcnyan\u0131n Bir \u00c7a\u011fr\u0131s\u0131 Var!\u201d<\/strong>\u00a0temal\u0131 resim yar\u0131\u015fmas\u0131 finalinin yan\u0131 s\u0131ra \u00e7e\u015fitli at\u00f6lyeler de d\u00fczenlenecek. Festivale civar okullardan ve\u00a0farkl\u0131 illerden\u00a0y\u00fczlerce \u00e7ocu\u011fun kat\u0131lmas\u0131 bekleniyor.<\/p>\n<h3><strong>Resim yar\u0131\u015fmas\u0131 finalinde 6 eser yar\u0131\u015facak\u00a0<\/strong><\/h3>\n<p>Tam g\u00fcn s\u00fcrecek festivalin ilk yar\u0131s\u0131nda d\u00fczenlenecek resim yar\u0131\u015fmas\u0131 finalinde 6 eser de\u011ferlendirilecek. Her finalist eserini hangi duygularla ve teknikle yapt\u0131\u011f\u0131n\u0131 3 dakikal\u0131k bir sunumla j\u00fcri \u00fcyelerine anlatacak. \u0130\u015f, sanat ve s\u00fcrd\u00fcr\u00fclebilirlik d\u00fcnyas\u0131ndan se\u00e7ili isimlerin yer ald\u0131\u011f\u0131 j\u00fcri taraf\u0131ndan yap\u0131lacak final de\u011ferlendirmesi sonucu \u00f6d\u00fcller sahiplerini bulacak. Yar\u0131\u015fmada 6 kategoride \u00f6d\u00fcl kupalar\u0131 verilecek olup, her kategoride 30 bin TL\u2019lik teknoloji hediye \u00e7eki de sunulacak. \u00d6d\u00fcl kategorileri, 7\u201310 ya\u015f grubu i\u00e7in \u201cD\u00fcnya\u2019n\u0131n Sesi\u201d, \u201cHayal G\u00fcc\u00fc Kahraman\u0131\u201d, \u201cRenklerin B\u00fcy\u00fcs\u00fc\u201d; 11-14 ya\u015f grubu i\u00e7in ise \u201cD\u00fcnya\u2019ya Mesaj\u201d, \u201c\u00d6zg\u00fcn Bak\u0131\u015f\u201d, \u201cSanatsal Ustal\u0131k\u201d olarak belirlendi.<\/p>\n<h3><strong>Farkl\u0131 konularda at\u00f6lyeler d\u00fczenlenecek<\/strong><\/h3>\n<p>Festivalin ikinci yar\u0131s\u0131nda ise E-At\u0131k Sanat\u0131, E-At\u0131k Dedektifleri (\u0130nceleme ve Tan\u0131ma), Biyo\u00e7e\u015fitlilik, Tohum Topu Yap\u0131m, Geri D\u00f6n\u00fc\u015ft\u00fcr\u00fclm\u00fc\u015f Ka\u011f\u0131t, Do\u011fa ve Canl\u0131lar Ke\u015ffi, Bez \u00c7anta Tasarlama, Dans, Y\u00fcz Boyama Alan\u0131, Do\u011fa Dostlar\u0131n\u0131n Sesi Alan\u0131 gibi birbirinden ilgin\u00e7 konularda at\u00f6lyeler d\u00fczenlenecek. Hem e\u011fitici hem de e\u011flendirici bir ortam\u0131n sunulaca\u011f\u0131 bu at\u00f6lyelerle \u00e7ocuk ve gen\u00e7lere do\u011fayla ilgili temel kavramlar\u0131n deneyimletilmesi, bireysel ve toplumsal sorumluluk bilincinin art\u0131r\u0131lmas\u0131 hedefleniyor. At\u00f6lyeler, 7-14 ya\u015f aras\u0131 \u00e7ocuk ve gen\u00e7lerin kat\u0131l\u0131m\u0131 ile ger\u00e7ekle\u015fecek.<\/p>\n<h3><strong>\u201cD\u00fcnya \u0130\u00e7in Laz\u0131m\u201d projesine herkes dahil olabiliyor<\/strong><\/h3>\n<p>\u201cD\u00fcnya \u0130\u00e7in Laz\u0131m\u201d projesi kapsam\u0131nda, T\u00fcrkiye genelinde 7-14 ya\u015f aras\u0131ndaki \u00e7ocuklara, e-at\u0131k ve s\u00fcrd\u00fcr\u00fclebilirlik bilinci kazand\u0131rmak amac\u0131yla e-at\u0131k nedir, neden geri d\u00f6n\u00fc\u015ft\u00fcr\u00fclmeli, e-at\u0131klar nas\u0131l geri d\u00f6n\u00fc\u015ft\u00fcr\u00fcl\u00fcr, geri d\u00f6n\u00fc\u015f\u00fcm nedir, neler geri d\u00f6n\u00fc\u015ft\u00fcr\u00fclebilir, geri d\u00f6n\u00fc\u015f\u00fcme gelene kadar neler yap\u0131labilir (yeniden kullan\u0131m, tamir, vb.), iklim de\u011fi\u015fikli\u011fi nedir, bizi nas\u0131l etkiliyor, s\u00fcrd\u00fcr\u00fclebilirlik nedir, bizler neler yapabiliriz gibi konularda e\u011fitimler veriliyor. Projeyle sadece do\u011fan\u0131n korunmas\u0131 de\u011fil, do\u011fay\u0131 s\u00fcrekli koruyabilecek bilin\u00e7li bir topluluk yarat\u0131lmas\u0131 da hedefleniyor. Bu do\u011frultuda, projeye e-at\u0131klar\u0131n\u0131 geri d\u00f6n\u00fc\u015ft\u00fcrmek isteyen herkes dahil olabiliyor. \u00dclke genelinde y\u00fcr\u00fct\u00fclen projede, Vodafone ma\u011fazalar\u0131 veya \u00fccretsiz kargo arac\u0131l\u0131\u011f\u0131yla toplanan e-at\u0131klar\u0131n tamam\u0131 geri d\u00f6n\u00fc\u015ft\u00fcr\u00fclerek do\u011fan\u0131n korunmas\u0131na katk\u0131 sa\u011flan\u0131yor.\u00a0Projeye kat\u0131lan Vodafone m\u00fc\u015fterilerine g\u00f6nderdikleri e-at\u0131klar kar\u015f\u0131l\u0131\u011f\u0131nda bir te\u015fekk\u00fcr hediyesi olarak 5 g\u00fcn ge\u00e7erli 5 GB mobil internet sunuluyor.\u00a0Projenin\u00a0ilk y\u0131l\u0131nda 60 bin ki\u015fiye do\u011fa e\u011fitimi verilmesi ve 15 ton e-at\u0131\u011f\u0131n geri d\u00f6n\u00fc\u015ft\u00fcr\u00fclmesi\u00a0hedefleniyor.<\/p>\n<p>Yay\u0131na Alan: Alperen ERTA\u015e-<a href=\"http:\/\/alperen.ertas@enerjigazetesi.ist\">alperen.ertas@enerjigazetesi.ist<\/a><\/p>","protected":false},"excerpt":{"rendered":"<p>Sorry, this entry is only available in Turkish. For the sake of viewer convenience, the content is shown below in the alternative language. You may click the link to switch the active language. Vodafone, WWF-T\u00fcrkiye ve Habitat Derne\u011fi\u2019nin \u00e7ocuklarda s\u00fcrd\u00fcr\u00fclebilirlik\u00a0fark\u0131ndal\u0131\u011f\u0131 yaratmak amac\u0131yla\u00a0hayata ge\u00e7irdi\u011fi \u201cD\u00fcnya \u0130\u00e7in Laz\u0131m\u201d projesi kapsam\u0131nda d\u00fczenlenen \u201cD\u00fcnya \u0130\u00e7in Laz\u0131m &#8211; GreenFest\u201d etkinli\u011fi [&hellip;]<\/p>\n","protected":false},"author":19,"featured_media":200740,"comment_status":"open","ping_status":"open","sticky":false,"template":"","format":"standard","meta":[],"categories":[53],"tags":[5951,117199],"views":19,"_links":{"self":[{"href":"https:\/\/www.enerjigazetesi.ist\/en\/wp-json\/wp\/v2\/posts\/200739"}],"collection":[{"href":"https:\/\/www.enerjigazetesi.ist\/en\/wp-json\/wp\/v2\/posts"}],"about":[{"href":"https:\/\/www.enerjigazetesi.ist\/en\/wp-json\/wp\/v2\/types\/post"}],"author":[{"embeddable":true,"href":"https:\/\/www.enerjigazetesi.ist\/en\/wp-json\/wp\/v2\/users\/19"}],"replies":[{"embeddable":true,"href":"https:\/\/www.enerjigazetesi.ist\/en\/wp-json\/wp\/v2\/comments?post=200739"}],"version-history":[{"count":0,"href":"https:\/\/www.enerjigazetesi.ist\/en\/wp-json\/wp\/v2\/posts\/200739\/revisions"}],"wp:featuredmedia":[{"embeddable":true,"href":"https:\/\/www.enerjigazetesi.ist\/en\/wp-json\/wp\/v2\/media\/200740"}],"wp:attachment":[{"href":"https:\/\/www.enerjigazetesi.ist\/en\/wp-json\/wp\/v2\/media?parent=200739"}],"wp:term":[{"taxonomy":"category","embeddable":true,"href":"https:\/\/www.enerjigazetesi.ist\/en\/wp-json\/wp\/v2\/categories?post=200739"},{"taxonomy":"post_tag","embeddable":true,"href":"https:\/\/www.enerjigazetesi.ist\/en\/wp-json\/wp\/v2\/tags?post=200739"}],"curies":[{"name":"wp","href":"https:\/\/api.w.org\/{rel}","templated":true}]}}