{"id":200736,"date":"2025-10-01T14:39:08","date_gmt":"2025-10-01T11:39:08","guid":{"rendered":"https:\/\/www.enerjigazetesi.ist\/?p=200736"},"modified":"2025-10-01T14:39:08","modified_gmt":"2025-10-01T11:39:08","slug":"isi-yalitiminda-yeni-standartla-verimlilik-yuzde-25-artacak","status":"publish","type":"post","link":"https:\/\/www.enerjigazetesi.ist\/en\/isi-yalitiminda-yeni-standartla-verimlilik-yuzde-25-artacak\/","title":{"rendered":"(Turkish) Is\u0131 Yal\u0131t\u0131m\u0131nda Yeni Standartla Verimlilik Y\u00fczde 25 Artacak"},"content":{"rendered":"<p class=\"qtranxs-available-languages-message qtranxs-available-languages-message-en\">Sorry, this entry is only available in <a href=\"https:\/\/www.enerjigazetesi.ist\/tr\/wp-json\/wp\/v2\/posts\/200736\" class=\"qtranxs-available-language-link qtranxs-available-language-link-tr\" title=\"Turkish\">Turkish<\/a>. For the sake of viewer convenience, the content is shown below in the alternative language. You may click the link to switch the active language.<\/p><p><\/p>\n<h2><strong>Enerji verimlili\u011finde \u00e7\u0131tay\u0131 y\u00fckselten T\u00fcrkiye, binalar\u0131n\u0131 daha verimli ve \u00e7evre dostu in\u015fa etmek i\u00e7in \u00f6nemli bir at\u0131l\u0131m ger\u00e7ekle\u015ftirdi. TS 825 \u201cBinalarda Is\u0131 Yal\u0131t\u0131m\u0131 Kurallar\u0131 Standard\u0131\u201d yenilendi ve 01 Nisan 2025 tarihinden itibaren ge\u00e7erli olmak \u00fczere y\u00fcr\u00fcrl\u00fc\u011fe girdi. Buna g\u00f6re yeni in\u015fa edilecek yap\u0131lar \u0131s\u0131tma ve so\u011futma ihtiya\u00e7lar\u0131 hesaplanarak tasarlanacak. Enerji tasarruflu, g\u00fcvenli, sa\u011fl\u0131kl\u0131 ve konforlu yap\u0131lar\u0131n vazge\u00e7ilmez unsuru olan yal\u0131t\u0131m, \u00fclkemizin enerji verimlili\u011fi hedeflerine ula\u015fmas\u0131nda anahtar rol \u00fcstleniyor. \u0130ZODER ile \u00c7evre, \u015eehircilik ve \u0130klim De\u011fi\u015fikli\u011fi Bakanl\u0131\u011f\u0131, T\u00fcrkiye \u00e7ap\u0131nda d\u00fczenlenen seminerler ile TS 825 revizyonunun getirdi\u011fi yenilikler ve hedefler konusunda sekt\u00f6r payda\u015flar\u0131n\u0131 bilgilendirmeye devam ediyor. Binalarda Enerji Verimlili\u011fi B\u00f6lgesel E\u011fitimleri; Gaziantep, Erzurum ve \u0130zmir\u2019in ard\u0131ndan Samsun\u2019da ger\u00e7ekle\u015ftirildi. E\u011fitimlerin y\u0131l sonuna kadar T\u00fcrkiye\u2019nin farkl\u0131 illerinde s\u00fcrmesi planlan\u0131yor. <\/strong><\/h2>\n<p><img loading=\"lazy\" class=\"aligncenter wp-image-200737 size-full\" src=\"https:\/\/www.enerjigazetesi.ist\/wp-content\/uploads\/2025\/10\/SamsunSeminer.jpg\" alt=\"\" width=\"550\" height=\"310\" srcset=\"https:\/\/www.enerjigazetesi.ist\/wp-content\/uploads\/2025\/10\/SamsunSeminer.jpg 550w, https:\/\/www.enerjigazetesi.ist\/wp-content\/uploads\/2025\/10\/SamsunSeminer-300x169.jpg 300w, https:\/\/www.enerjigazetesi.ist\/wp-content\/uploads\/2025\/10\/SamsunSeminer-500x282.jpg 500w, https:\/\/www.enerjigazetesi.ist\/wp-content\/uploads\/2025\/10\/SamsunSeminer-80x45.jpg 80w\" sizes=\"(max-width: 550px) 100vw, 550px\" \/><\/p>\n<p>\u00dclkemizin binalar\u0131nda enerjiyi en verimli kullanan geli\u015fmi\u015f \u00fclkeler seviyesine y\u00fckseltmede \u00f6nemli bir e\u015fik atlatan TS 825 Binalarda Is\u0131 Yal\u0131t\u0131m Kurallar\u0131 Standard\u0131\u2019nda yap\u0131lan revizyon, binalar\u0131n enerji de\u011ferlerinin hesaplanmas\u0131nda yeni bir d\u00f6nemi de beraberinde getirmi\u015fti. Binalar\u0131n tasar\u0131m ve in\u015fa a\u015famas\u0131nda sadece k\u0131\u015f\u0131n de\u011fil yaz\u0131n da t\u00fcketecekleri enerji miktar\u0131n\u0131n g\u00f6z \u00f6n\u00fcne al\u0131nacak olmas\u0131, sekt\u00f6r payda\u015flar\u0131n\u0131n yenilikler konusunda bilgilendirilmesi ihtiyac\u0131n\u0131 ortaya \u00e7\u0131kard\u0131. Bu konuda harekete ge\u00e7en <strong>\u0130ZODER Is\u0131 Su Ses ve Yang\u0131n Yal\u0131t\u0131mc\u0131lar\u0131 Derne\u011fi <\/strong>ve <strong>\u00c7evre, \u015eehircilik ve \u0130klim De\u011fi\u015fikli\u011fi Bakanl\u0131\u011f\u0131 Mesleki Hizmetler Genel M\u00fcd\u00fcrl\u00fc\u011f\u00fc<\/strong> i\u015f birli\u011fi ile d\u00fczenlenen \u201cBinalarda Enerji Verimlili\u011fi B\u00f6lgesel E\u011fitimleri\u201dnin d\u00f6rd\u00fcnc\u00fc dura\u011f\u0131 Samsun oldu.<\/p>\n<p>Seminerin a\u00e7\u0131l\u0131\u015f\u0131na Samsun Valisi Orhan Tavl\u0131, Samsun B\u00fcy\u00fck\u015fehir Belediye Ba\u015fkan\u0131 Halit Do\u011fan, \u00c7evre, \u015eehircilik ve \u0130klim De\u011fi\u015fikli\u011fi Bakanl\u0131\u011f\u0131 Mesleki Hizmetler Genel M\u00fcd\u00fcr\u00fc Banu Aslan, Samsun \u00c7evre, \u015eehircilik ve \u0130klim De\u011fi\u015fikli\u011fi \u0130l M\u00fcd\u00fcr\u00fc Tevfik Ak\u00e7ay, \u0130ZODER Y\u00f6netim Kurulu Ba\u015fkan\u0131 Emrullah Eruslu kat\u0131ld\u0131. Bonus Yal\u0131t\u0131m, CFN Kimya, Dalma\u00e7yal\u0131 ve \u015ei\u015fecam\u2019\u0131n destekleriyle d\u00fczenlenen etkinli\u011fe Amasya, \u00c7orum, Giresun, Kastamonu, Ordu, Rize, Sinop, Sivas, Tokat ve Trabzon il m\u00fcd\u00fcrleri, teknik personeller, mimarlar ve m\u00fchendislerden olu\u015fan yakla\u015f\u0131k 350 ki\u015fi yo\u011fun ilgi g\u00f6sterdi.<\/p>\n<p>\u00dclkemiz a\u00e7\u0131s\u0131ndan \u00f6nemli kazan\u0131mlar sa\u011flayan binalarda enerji verimlili\u011fine odaklan\u0131lan e\u011fitim program\u0131nda konu\u015fan <strong>\u00c7evre, \u015eehircilik ve \u0130klim De\u011fi\u015fikli\u011fi Bakanl\u0131\u011f\u0131 Mesleki Hizmetler Genel M\u00fcd\u00fcr\u00fc Banu Aslan<\/strong>, yap\u0131lan \u00e7al\u0131\u015fmalar\u0131n uzun vadede b\u00fcy\u00fck ekonomik katk\u0131lar yapaca\u011f\u0131n\u0131 vurgulad\u0131. <strong>Banu Aslan<\/strong>, <em>\u201cTSE, Enerji ve Tabii Kaynaklar Bakanl\u0131\u011f\u0131 ve \u0130ZODER ile ortak yapt\u0131\u011f\u0131m\u0131z \u00e7al\u0131\u015fma hayata ge\u00e7ti. Bu y\u00f6netmeli\u011fin hayata ge\u00e7mesi ile yakla\u015f\u0131k 10 y\u0131lda 50 milyar liraya yak\u0131n tasarruf edece\u011fimizi \u00f6ng\u00f6r\u00fcyoruz\u201d<\/em> diye konu\u015ftu.<\/p>\n<p><strong>\u0130ZODER Is\u0131 Su Ses ve Yang\u0131n Yal\u0131t\u0131mc\u0131lar\u0131 Derne\u011fi Y\u00f6netim Kurulu Ba\u015fkan\u0131 Emrullah Eruslu<\/strong>, gerek standard\u0131n revize edilmesi gerekse T\u00fcrkiye \u00e7ap\u0131nda d\u00fczenlenen e\u011fitim seminerlerindeki i\u015f birlikleri i\u00e7in \u00c7evre, \u015eehircilik ve \u0130klim De\u011fi\u015fikli\u011fi Bakanl\u0131\u011f\u0131\u2019na te\u015fekk\u00fcr ederek \u015funlar\u0131 s\u00f6yledi: <em>\u201cBakanl\u0131\u011f\u0131m\u0131z ve \u0130ZODER\u2019in katk\u0131lar\u0131yla revize edilen TS 825 Binalarda Is\u0131 Yal\u0131t\u0131m\u0131 Kurallar\u0131 Standard\u0131, 1 Nisan 2025 tarihi itibar\u0131yla y\u00fcr\u00fcrl\u00fc\u011fe girdi. Bu \u00f6nemli d\u00fczenlemenin do\u011fru \u015fekilde anla\u015f\u0131lmas\u0131 ve etkin bi\u00e7imde uygulanmas\u0131 amac\u0131yla Bakanl\u0131\u011f\u0131m\u0131zla birlikte \u201cBinalarda Enerji Verimlili\u011fi B\u00f6lgesel E\u011fitimleri\u201d d\u00fczenliyoruz. Gaziantep, Erzurum ve \u0130zmir\u2019den sonra e\u011fitim seminerimizi Samsun\u2019da ger\u00e7ekle\u015ftirmekten dolay\u0131 mutluyuz. Samsun\u2019un yan\u0131 s\u0131ra b\u00f6lge illerinden geni\u015f bir kat\u0131l\u0131m ve ilgi oldu\u011funu g\u00f6rmekten memnuniyet duyduk. \u00d6n\u00fcm\u00fczdeki aylarda hedefledi\u011fimiz di\u011fer illerde sekt\u00f6r payda\u015flar\u0131m\u0131zla bulu\u015fmak i\u00e7in heyecanl\u0131y\u0131z<\/em>\u201d dedi.<\/p>\n<p>Seminerdeki konu\u015fmas\u0131nda TS 825 ile tan\u0131mlanan yeni enerji limitleri hakk\u0131nda bilgiler payla\u015fan<strong> \u0130ZODER Ba\u015fkan\u0131 Emrullah Eruslu<\/strong>, \u015funlar\u0131 s\u00f6yledi: \u201c<em>Revize TS 825 Standard\u0131 ile U (Is\u0131l Ge\u00e7irgenlik) de\u011ferlerinde \u00f6nemli iyile\u015ftirmeler yap\u0131ld\u0131, daha kal\u0131n ve nitelikli yal\u0131t\u0131m uygulamalar\u0131n\u0131n \u00f6n\u00fc a\u00e7\u0131ld\u0131. D\u00f6rt mevsimin ya\u015fand\u0131\u011f\u0131 \u00fclkemizde so\u011futma ihtiyac\u0131n\u0131n da \u0131s\u0131tma ihtiyac\u0131 ile birlikte tasar\u0131m a\u015famas\u0131nda dikkate al\u0131nmas\u0131na olanak sa\u011fland\u0131. Yeni standard\u0131n eskiye k\u0131yasla binalarda enerji verimlili\u011fini y\u00fczde 25 oran\u0131nda art\u0131rmas\u0131n\u0131 bekliyoruz. Revize edilen TS 825\u2019e g\u00f6re 3. iklim b\u00f6lgesine giren Samsun ilimizde asgari yal\u0131t\u0131m kal\u0131nl\u0131klar\u0131; d\u0131\u015f cephede 4-5 santimetre yerine 8-9 santimetre, \u00e7at\u0131larda 8-9 santimetre yerine 12-14 santimetre, d\u00f6\u015femelerde 5-6 santimetre yerine 8-9 santimetre olarak g\u00fcncellendi. Yeni TS 825 Standard\u0131\u2019n\u0131n \u00fclkemizin enerji ithalat\u0131n\u0131 azaltma ve net s\u0131f\u0131r hedeflerine ula\u015fmaya b\u00fcy\u00fck katk\u0131lar sa\u011flayaca\u011f\u0131na inan\u0131yoruz.\u201d<\/em> dedi.<\/p>\n<p>Konu\u015fmalar\u0131n ard\u0131ndan binalarda enerji verimlili\u011fi ile ilgili yap\u0131lan yasal d\u00fczenlemeler, standartlar ve g\u00fcncellenen uygulamalar hakk\u0131nda bilgi vermek amac\u0131yla d\u00fczenlenen e\u011fitimlere ge\u00e7ildi. \u0130ZODER Genel Sekreteri Timur Diz, yeni TS 825:2024 Standard\u0131 ve Is\u0131 Yal\u0131t\u0131m\u0131\u201d ba\u015fl\u0131kl\u0131 oturumda; TS 825 Standard\u0131\u2019n\u0131n getirdi\u011fi yenilikler ve \u0131s\u0131 yal\u0131t\u0131m\u0131 projesi haz\u0131rlarken ve onaylarken dikkat edilmesi gereken konular hakk\u0131nda kat\u0131l\u0131mc\u0131lara bilgi verdi.<\/p>\n<p>G\u00fcncel TS 825 Standard\u0131\u2019n\u0131n getirdi\u011fi yeniliklerle ilgili bilgilerin yan\u0131 s\u0131ra standard\u0131n uygulanmas\u0131nda b\u00fcy\u00fck \u00f6nem ta\u015f\u0131yan \u0130ZODER TS 825 Hesap Program\u0131\u2019na \u0130ZODER web sitesi \u00fczerinden \u00fccretsiz olarak ula\u015f\u0131labilir.<\/p>\n<p>Yay\u0131na Alan: Alperen ERTA\u015e-<a href=\"http:\/\/alperen.ertas@enerjigazetesi.ist\">alperen.ertas@enerjigazetesi.ist<\/a><\/p>","protected":false},"excerpt":{"rendered":"<p>Sorry, this entry is only available in Turkish. For the sake of viewer convenience, the content is shown below in the alternative language. You may click the link to switch the active language. Enerji verimlili\u011finde \u00e7\u0131tay\u0131 y\u00fckselten T\u00fcrkiye, binalar\u0131n\u0131 daha verimli ve \u00e7evre dostu in\u015fa etmek i\u00e7in \u00f6nemli bir at\u0131l\u0131m ger\u00e7ekle\u015ftirdi. TS 825 \u201cBinalarda Is\u0131 [&hellip;]<\/p>\n","protected":false},"author":19,"featured_media":200737,"comment_status":"open","ping_status":"open","sticky":false,"template":"","format":"standard","meta":[],"categories":[53,52],"tags":[117198,675],"views":21,"_links":{"self":[{"href":"https:\/\/www.enerjigazetesi.ist\/en\/wp-json\/wp\/v2\/posts\/200736"}],"collection":[{"href":"https:\/\/www.enerjigazetesi.ist\/en\/wp-json\/wp\/v2\/posts"}],"about":[{"href":"https:\/\/www.enerjigazetesi.ist\/en\/wp-json\/wp\/v2\/types\/post"}],"author":[{"embeddable":true,"href":"https:\/\/www.enerjigazetesi.ist\/en\/wp-json\/wp\/v2\/users\/19"}],"replies":[{"embeddable":true,"href":"https:\/\/www.enerjigazetesi.ist\/en\/wp-json\/wp\/v2\/comments?post=200736"}],"version-history":[{"count":0,"href":"https:\/\/www.enerjigazetesi.ist\/en\/wp-json\/wp\/v2\/posts\/200736\/revisions"}],"wp:featuredmedia":[{"embeddable":true,"href":"https:\/\/www.enerjigazetesi.ist\/en\/wp-json\/wp\/v2\/media\/200737"}],"wp:attachment":[{"href":"https:\/\/www.enerjigazetesi.ist\/en\/wp-json\/wp\/v2\/media?parent=200736"}],"wp:term":[{"taxonomy":"category","embeddable":true,"href":"https:\/\/www.enerjigazetesi.ist\/en\/wp-json\/wp\/v2\/categories?post=200736"},{"taxonomy":"post_tag","embeddable":true,"href":"https:\/\/www.enerjigazetesi.ist\/en\/wp-json\/wp\/v2\/tags?post=200736"}],"curies":[{"name":"wp","href":"https:\/\/api.w.org\/{rel}","templated":true}]}}