{"id":200720,"date":"2025-10-01T13:53:44","date_gmt":"2025-10-01T10:53:44","guid":{"rendered":"https:\/\/www.enerjigazetesi.ist\/?p=200720"},"modified":"2025-10-01T13:53:44","modified_gmt":"2025-10-01T10:53:44","slug":"yeni-sondaj-gemilerinden-ilki-mavi-vatanda","status":"publish","type":"post","link":"https:\/\/www.enerjigazetesi.ist\/en\/yeni-sondaj-gemilerinden-ilki-mavi-vatanda\/","title":{"rendered":"(Turkish) Yeni Sondaj Gemilerinden \u0130lki Mavi Vatan\u2019da"},"content":{"rendered":"<p class=\"qtranxs-available-languages-message qtranxs-available-languages-message-en\">Sorry, this entry is only available in <a href=\"https:\/\/www.enerjigazetesi.ist\/tr\/wp-json\/wp\/v2\/posts\/200720\" class=\"qtranxs-available-language-link qtranxs-available-language-link-tr\" title=\"Turkish\">Turkish<\/a>. For the sake of viewer convenience, the content is shown below in the alternative language. You may click the link to switch the active language.<\/p><p><\/p>\n<h2>T\u00fcrkiye\u2019nin arama ve sondaj kabiliyetlerini g\u00fc\u00e7lendirmek amac\u0131yla enerji filosuna katt\u0131\u011f\u0131 ikiz gemilerden ilki, Mavi Vatan\u2019a ula\u015ft\u0131. Enerji ve Tabii Kaynaklar Bakan\u0131 Alpaslan Bayraktar, \u201c<em>Filomuza katt\u0131\u011f\u0131m\u0131z iki yeni sondaj gemimizden ilki Mersin Ta\u015fucu\u2019na ula\u015ft\u0131. 12 bin metreye kadar sondaj yapabilme kabiliyetine sahip 7. nesil ultra derin deniz sondaj gemimiz Akdeniz\u2019deki operasyonlar\u0131m\u0131zda g\u00f6rev yapacak.\u201d<\/em> dedi.<\/h2>\n<p><img loading=\"lazy\" class=\"size-full wp-image-200721 aligncenter\" src=\"https:\/\/www.enerjigazetesi.ist\/wp-content\/uploads\/2025\/10\/dynupload_202509301420.jpg\" alt=\"\" width=\"550\" height=\"362\" srcset=\"https:\/\/www.enerjigazetesi.ist\/wp-content\/uploads\/2025\/10\/dynupload_202509301420.jpg 550w, https:\/\/www.enerjigazetesi.ist\/wp-content\/uploads\/2025\/10\/dynupload_202509301420-300x197.jpg 300w, https:\/\/www.enerjigazetesi.ist\/wp-content\/uploads\/2025\/10\/dynupload_202509301420-500x329.jpg 500w, https:\/\/www.enerjigazetesi.ist\/wp-content\/uploads\/2025\/10\/dynupload_202509301420-76x50.jpg 76w\" sizes=\"(max-width: 550px) 100vw, 550px\" \/><\/p>\n<p>Cumhurba\u015fkan\u0131 Recep Tayyip Erdo\u011fan, Temmuz ay\u0131nda yapt\u0131\u011f\u0131 a\u00e7\u0131klamada, T\u00fcrkiye\u2019nin 4 olan derin deniz sondaj gemisi say\u0131s\u0131n\u0131n 6\u2019ya \u00e7\u0131kar\u0131ld\u0131\u011f\u0131n\u0131 a\u00e7\u0131klam\u0131\u015ft\u0131. Enerji ve Tabii Kaynaklar Bakanl\u0131\u011f\u0131\u2019n\u0131n ilgili kurulu\u015fu T\u00fcrkiye Petrolleri\u2019nin b\u00fcnyesine kat\u0131lan ikiz gemilerden ilki T\u00fcrkiye\u2019ye geldi.<\/p>\n<h3><strong>12 Bin Metrede Sondaj Kabiliyeti<\/strong><\/h3>\n<p>\u0130n\u015fas\u0131 2024 y\u0131l\u0131nda G\u00fcney Kore\u2019de tamamlanan gemi, derin denizde 12 bin metreye kadar sondaj yapabiliyor. \u20187. nesil ultra derin deniz sondaj gemisi\u2019 olarak adland\u0131r\u0131lan gemi, 228 metre uzunlu\u011fu ve 42 metre geni\u015fli\u011fe sahip. Helikopter pisti bulunan gemi ayr\u0131ca 200 personele ya\u015fam alan\u0131 da sunuyor.<\/p>\n<h3><strong>Akdeniz\u2019deki Operasyonlarda G\u00f6rev Yapacak<\/strong><\/h3>\n<p><strong>Enerji ve Tabii Kaynaklar Bakan\u0131 Alparslan Bayraktar,<\/strong> yeni sondaj gemisinin Akdeniz\u2019deki operasyonlarda g\u00f6rev yapaca\u011f\u0131n\u0131 a\u00e7\u0131klad\u0131. Bakan Bayraktar, \u201c<em>Filomuza katt\u0131\u011f\u0131m\u0131z iki yeni sondaj gemimizden ilki Mersin Ta\u015fucu\u2019na ula\u015ft\u0131. 12 bin metreye kadar sondaj yapabilme kabiliyetine sahip 7. nesil ultra derin deniz sondaj gemimiz Akdeniz\u2019deki operasyonlar\u0131m\u0131zda g\u00f6rev yapacak.\u201d<\/em> dedi.<\/p>\n<h3><strong>\u0130kinci Gemi Y\u0131l Sonuna Kadar Gelecek<\/strong><\/h3>\n<p>Bakan Bayraktar, <em>\u201c\u0130kinci sondaj gemimiz de y\u0131l sonuna kadar \u00fclkemize ula\u015facak. B\u00f6ylece T\u00fcrkiye, d\u00fcnyan\u0131n en b\u00fcy\u00fck 4. derin deniz sondaj filosuna sahip \u00fclkesi konumuna y\u00fckselecek. Bu b\u00fcy\u00fck hamle, enerjide tam ba\u011f\u0131ms\u0131zl\u0131k hedefimize bir ad\u0131m daha yakla\u015ft\u0131\u011f\u0131m\u0131z\u0131n g\u00fc\u00e7l\u00fc bir g\u00f6stergesi. Mavi Vatan\u2019da kararl\u0131l\u0131kla yolumuza devam ediyoruz.\u201d<\/em> \u0130fadelerini kulland\u0131.<\/p>\n<h3><strong>Enerji Filosu<\/strong><\/h3>\n<p>Yeni gemilerin al\u0131m\u0131 \u00f6ncesi T\u00fcrkiye, d\u00fcnyadaki en b\u00fcy\u00fck 5\u2019inci enerji filosuna sahip \u00fclke konumundayd\u0131. Enerji filosunda bulunan Fatih, Yavuz, Kanuni ve Abd\u00fclhamid Han derin deniz sondaj gemileri, halihaz\u0131rda Karadeniz\u2019de Sakarya Gaz Sahas\u0131\u2019nda g\u00f6rev yap\u0131yor. Somali\u2019deki ilk k\u0131talararas\u0131 g\u00f6revinden Mavi Vatan\u2019a d\u00f6nen Oru\u00e7 Reis Sismik Ara\u015ft\u0131rma Gemisi yeni g\u00f6revine Filyos\u2019ta haz\u0131rlan\u0131rken Barbaros Hayrettin Pa\u015fa Sismik Ara\u015ft\u0131rma Gemisi de Karadeniz\u2019de kullan\u0131l\u0131yor. T\u00fcrkiye\u2019nin enerji filosunda derin deniz sondaj ve sismik ara\u015ft\u0131rma gemilerine ilave olarak 11 destek gemisi, bir in\u015faat gemisi ve bir de y\u00fczer \u00fcretim platformu bulunuyor.<\/p>\n<p>Kaynak:\u00a0<a href=\"https:\/\/enerji.gov.tr\/haber-detay?id=31589\">ETKB<\/a><\/p>\n<p>Yay\u0131na Alan: Alperen ERTA\u015e-<a href=\"http:\/\/alperen.ertas@enerjigazetesi.ist\">alperen.ertas@enerjigazetesi.ist<\/a><\/p>","protected":false},"excerpt":{"rendered":"<p>Sorry, this entry is only available in Turkish. For the sake of viewer convenience, the content is shown below in the alternative language. You may click the link to switch the active language. T\u00fcrkiye\u2019nin arama ve sondaj kabiliyetlerini g\u00fc\u00e7lendirmek amac\u0131yla enerji filosuna katt\u0131\u011f\u0131 ikiz gemilerden ilki, Mavi Vatan\u2019a ula\u015ft\u0131. Enerji ve Tabii Kaynaklar Bakan\u0131 Alpaslan [&hellip;]<\/p>\n","protected":false},"author":19,"featured_media":200721,"comment_status":"open","ping_status":"open","sticky":false,"template":"","format":"standard","meta":[],"categories":[53,44],"tags":[117196,117195],"views":17,"_links":{"self":[{"href":"https:\/\/www.enerjigazetesi.ist\/en\/wp-json\/wp\/v2\/posts\/200720"}],"collection":[{"href":"https:\/\/www.enerjigazetesi.ist\/en\/wp-json\/wp\/v2\/posts"}],"about":[{"href":"https:\/\/www.enerjigazetesi.ist\/en\/wp-json\/wp\/v2\/types\/post"}],"author":[{"embeddable":true,"href":"https:\/\/www.enerjigazetesi.ist\/en\/wp-json\/wp\/v2\/users\/19"}],"replies":[{"embeddable":true,"href":"https:\/\/www.enerjigazetesi.ist\/en\/wp-json\/wp\/v2\/comments?post=200720"}],"version-history":[{"count":0,"href":"https:\/\/www.enerjigazetesi.ist\/en\/wp-json\/wp\/v2\/posts\/200720\/revisions"}],"wp:featuredmedia":[{"embeddable":true,"href":"https:\/\/www.enerjigazetesi.ist\/en\/wp-json\/wp\/v2\/media\/200721"}],"wp:attachment":[{"href":"https:\/\/www.enerjigazetesi.ist\/en\/wp-json\/wp\/v2\/media?parent=200720"}],"wp:term":[{"taxonomy":"category","embeddable":true,"href":"https:\/\/www.enerjigazetesi.ist\/en\/wp-json\/wp\/v2\/categories?post=200720"},{"taxonomy":"post_tag","embeddable":true,"href":"https:\/\/www.enerjigazetesi.ist\/en\/wp-json\/wp\/v2\/tags?post=200720"}],"curies":[{"name":"wp","href":"https:\/\/api.w.org\/{rel}","templated":true}]}}