{"id":2007,"date":"2012-09-13T09:42:30","date_gmt":"2012-09-13T06:42:30","guid":{"rendered":"https:\/\/www.enerjigazetesi.ist\/?p=2007"},"modified":"2012-09-13T09:45:02","modified_gmt":"2012-09-13T06:45:02","slug":"azerbaycan-enerji-de-stratejik-ortagimiz","status":"publish","type":"post","link":"https:\/\/www.enerjigazetesi.ist\/en\/azerbaycan-enerji-de-stratejik-ortagimiz\/","title":{"rendered":"(Turkish) Azerbaycan Enerji de Stratejik Orta\u011f\u0131m\u0131z"},"content":{"rendered":"<p class=\"qtranxs-available-languages-message qtranxs-available-languages-message-en\">Sorry, this entry is only available in <a href=\"https:\/\/www.enerjigazetesi.ist\/tr\/wp-json\/wp\/v2\/posts\/2007\" class=\"qtranxs-available-language-link qtranxs-available-language-link-tr\" title=\"Turkish\">Turkish<\/a>. For the sake of viewer convenience, the content is shown below in the alternative language. You may click the link to switch the active language.<\/p><p><strong>Enerji Bakan\u0131 TanerY\u0131ld\u0131z, Ba\u015fbakan&#8217;\u0131n temaslar\u0131 \u00e7ercevesinde bulundu\u011fu Azerbaycan&#8217;da &#8216;Suna Vidinli ile Perspektif&#8217;e konu\u015ftu.<\/strong><\/p>\n<p><img loading=\"lazy\" class=\"alignright size-medium wp-image-2008\" title=\"bakan-yildiz-azerbaycan-enerji-stratejik-ortagimiz\" src=\"https:\/\/www.enerjigazetesi.ist\/wp-content\/uploads\/2012\/09\/bakan-yildiz-azerbaycan-enerji-stratejik-ortagimiz-300x225.jpg\" alt=\"\" width=\"300\" height=\"225\" srcset=\"https:\/\/www.enerjigazetesi.ist\/wp-content\/uploads\/2012\/09\/bakan-yildiz-azerbaycan-enerji-stratejik-ortagimiz-300x225.jpg 300w, https:\/\/www.enerjigazetesi.ist\/wp-content\/uploads\/2012\/09\/bakan-yildiz-azerbaycan-enerji-stratejik-ortagimiz-66x50.jpg 66w, https:\/\/www.enerjigazetesi.ist\/wp-content\/uploads\/2012\/09\/bakan-yildiz-azerbaycan-enerji-stratejik-ortagimiz.jpg 400w\" sizes=\"(max-width: 300px) 100vw, 300px\" \/>BakanY\u0131ld\u0131z, Azerbaycan&#8217;\u0131n T\u00fcrkiye&#8217;nin enerjide stratejik orta\u011f\u0131 oldu\u011funun alt\u0131n\u0131 \u00e7izdi ve ticaret hacminin<strong> 3.5 milyar<\/strong> dolardan<strong> 5 milyara<\/strong> \u00e7\u0131karmay\u0131 hedeflediklerini belirtti.TANAP projesinin b\u00f6lgedeki en somut proje oldu\u011funa dikkat \u00e7eken Y\u0131ld\u0131z, <strong>&#8216;Bu projeyle as\u0131l istedi\u011fimiz yap\u0131 kurgulanm\u0131\u015f oluyor&#8217;<\/strong> dedi.<\/p>\n<p>Projenin kayna\u011f\u0131n\u0131n, \u015eahdeniz <strong>2 Konsorsiyomu<\/strong> olarak haz\u0131r oldu\u011funu vurgulayan BakanY\u0131ld\u0131z, Ba\u015fbakan&#8217;\u0131n temaslar\u0131 \u00e7ercevesinde ek anla\u015fmalar imzaland\u0131\u011f\u0131n\u0131, iki \u00fclkenin siyasi idaresinin rahat karar verdi\u011fini dile getirdi.<\/p>\n<p>BakanY\u0131ld\u0131z, do\u011falgaz fiyatland\u0131rmas\u0131ndaen ucuz gaz\u0131n Azerbaycan&#8217;dan al\u0131nmas\u0131na kar\u015f\u0131n \u0130ran ile fiyat konusunda tahkim s\u00fcrecinin i\u015fledi\u011fine ancak gaz al\u0131m\u0131n\u0131n devam etti\u011fine dikkat \u00e7ekti.<\/p>\n<p>Rusya ve \u0130ran ile ya\u015fanan siyasi gerginliklerin do\u011falgaz fiyatlar\u0131nda bu k\u0131\u015f herhangi bir sorun \u00e7\u0131karaca\u011f\u0131n\u0131 beklemediklerini belirten Bakan Y\u0131ld\u0131z, <strong>&#8220;Enerji ili\u015fkileri siyaset i\u00e7in kataliz\u00f6r olabilir&#8221; <\/strong>\u00a0dedi.<\/p>\n<p>Suriye ile ya\u015fanan siyasi gerginli\u011fe ra\u011fmen T\u00fcrkiye&#8217;nin elektrik satmaya devam etti\u011fini, Kuzey Irak y\u00f6netiminin petrol tedariki talebine olumlu kar\u015f\u0131l\u0131k verildi\u011fini belirten Y\u0131ld\u0131z, merkezi Irak h\u00fck\u00fcmetiyle enerji ili\u015fkilerinin olumlu seyretti\u011fini, Basra b\u00f6lgesiyle de en az Irak&#8217;\u0131n kuzeyi kadar proje ger\u00e7ekle\u015fti\u011fine dikkat \u00e7ekti.<\/p>\n<p>G\u00fcneydo\u011fu&#8217;ya planlanan <strong>11 ile do\u011falgaz da\u011f\u0131t\u0131m\u0131<\/strong> projesiyle ilgili olarak BDP&#8217;li belediyeleri net bir tav\u0131r koymaya \u00e7a\u011f\u0131ran Y\u0131ld\u0131z, olumsuz tav\u0131r sergilemeleri durumunda belediyelerin by-pass edilece\u011fini belirtti. B\u00f6lgedeki havaalan\u0131 in\u015faat\u0131nda kullan\u0131lan 21 i\u015f makinesinin yak\u0131lmas\u0131n\u0131 sert bir dille ele\u015ftiren Y\u0131ld\u0131z, <strong>&#8220;BDP do\u011falgaz yat\u0131r\u0131mlar\u0131m\u0131za kar\u015f\u0131 \u00e7\u0131karsa vatanda\u015fa kar\u015f\u0131 \u00e7\u0131km\u0131s olur&#8221;<\/strong> dedi.<\/p>\n<p>Bakan Y\u0131ld\u0131z, yerli k\u00f6m\u00fcr\u00fcn \u00fclkeye kazand\u0131r\u0131lmas\u0131 konusunda yeni modellemeler \u00fczerinde \u00e7al\u0131\u015ft\u0131klar\u0131n\u0131 ve baz\u0131 sahalar\u0131n bedelsiz verilmesinin g\u00fcndemde oldu\u011funu belirtti.<\/p>\n<p>Bakan Y\u0131ld\u0131z, \u00f6n\u00fcm\u00fczdeki d\u00f6nemde do\u011falgaz da\u011f\u0131t\u0131m\u0131nda \u00f6zel sekt\u00f6r\u00fcn daha \u00e7ok devreye sokulaca\u011f\u0131n\u0131 vurgulad\u0131.<\/p>\n<p>Kaynak: <a href=\"http:\/\/www.haberciniz.biz\/azerbaycan-enerjide-stratejik-ortagimiz-1630951h.htm\" target=\"_blank\">Haberciniz<\/a><\/p>","protected":false},"excerpt":{"rendered":"<p>Sorry, this entry is only available in Turkish. For the sake of viewer convenience, the content is shown below in the alternative language. You may click the link to switch the active language.Enerji Bakan\u0131 TanerY\u0131ld\u0131z, Ba\u015fbakan&#8217;\u0131n temaslar\u0131 \u00e7ercevesinde bulundu\u011fu Azerbaycan&#8217;da &#8216;Suna Vidinli ile Perspektif&#8217;e konu\u015ftu. BakanY\u0131ld\u0131z, Azerbaycan&#8217;\u0131n T\u00fcrkiye&#8217;nin enerjide stratejik orta\u011f\u0131 oldu\u011funun alt\u0131n\u0131 \u00e7izdi ve [&hellip;]<\/p>\n","protected":false},"author":1,"featured_media":2008,"comment_status":"open","ping_status":"open","sticky":false,"template":"","format":"standard","meta":[],"categories":[46,51,53],"tags":[67,535,125,536],"views":674,"_links":{"self":[{"href":"https:\/\/www.enerjigazetesi.ist\/en\/wp-json\/wp\/v2\/posts\/2007"}],"collection":[{"href":"https:\/\/www.enerjigazetesi.ist\/en\/wp-json\/wp\/v2\/posts"}],"about":[{"href":"https:\/\/www.enerjigazetesi.ist\/en\/wp-json\/wp\/v2\/types\/post"}],"author":[{"embeddable":true,"href":"https:\/\/www.enerjigazetesi.ist\/en\/wp-json\/wp\/v2\/users\/1"}],"replies":[{"embeddable":true,"href":"https:\/\/www.enerjigazetesi.ist\/en\/wp-json\/wp\/v2\/comments?post=2007"}],"version-history":[{"count":4,"href":"https:\/\/www.enerjigazetesi.ist\/en\/wp-json\/wp\/v2\/posts\/2007\/revisions"}],"predecessor-version":[{"id":2011,"href":"https:\/\/www.enerjigazetesi.ist\/en\/wp-json\/wp\/v2\/posts\/2007\/revisions\/2011"}],"wp:featuredmedia":[{"embeddable":true,"href":"https:\/\/www.enerjigazetesi.ist\/en\/wp-json\/wp\/v2\/media\/2008"}],"wp:attachment":[{"href":"https:\/\/www.enerjigazetesi.ist\/en\/wp-json\/wp\/v2\/media?parent=2007"}],"wp:term":[{"taxonomy":"category","embeddable":true,"href":"https:\/\/www.enerjigazetesi.ist\/en\/wp-json\/wp\/v2\/categories?post=2007"},{"taxonomy":"post_tag","embeddable":true,"href":"https:\/\/www.enerjigazetesi.ist\/en\/wp-json\/wp\/v2\/tags?post=2007"}],"curies":[{"name":"wp","href":"https:\/\/api.w.org\/{rel}","templated":true}]}}