{"id":200692,"date":"2025-09-30T00:05:54","date_gmt":"2025-09-29T21:05:54","guid":{"rendered":"https:\/\/www.enerjigazetesi.ist\/?p=200692"},"modified":"2025-09-30T00:05:54","modified_gmt":"2025-09-29T21:05:54","slug":"dicle-elektrik-dronlari-kacak-trafoyu-yakaladi","status":"publish","type":"post","link":"https:\/\/www.enerjigazetesi.ist\/en\/dicle-elektrik-dronlari-kacak-trafoyu-yakaladi\/","title":{"rendered":"(Turkish) Dicle Elektrik Dronlar\u0131 Ka\u00e7ak Trafoyu Yakalad\u0131"},"content":{"rendered":"<p class=\"qtranxs-available-languages-message qtranxs-available-languages-message-en\">Sorry, this entry is only available in <a href=\"https:\/\/www.enerjigazetesi.ist\/tr\/wp-json\/wp\/v2\/posts\/200692\" class=\"qtranxs-available-language-link qtranxs-available-language-link-tr\" title=\"Turkish\">Turkish<\/a>. For the sake of viewer convenience, the content is shown below in the alternative language. You may click the link to switch the active language.<\/p><p><\/p>\n<h2><strong>\u015eanl\u0131urfa\u2019n\u0131n Siverek il\u00e7esinde yapay zeka destekli saha kontrollerinde kullan\u0131lan Dicle Elektrik dronlar\u0131, bu kez m\u0131s\u0131r tarlas\u0131n\u0131n sulamas\u0131nda kuyudan su \u00e7ekmek i\u00e7in kullan\u0131lan 160 KVA g\u00fcc\u00fcnde bir trafo tespit etti. Tarlan\u0131n biti\u015fi\u011findeki bir evin dam\u0131nda gizlendi\u011fi tespit edilen ka\u00e7ak trafoya el konulabilmesi i\u00e7in savc\u0131l\u0131\u011fa su\u00e7 duyurusunda bulunuldu.<\/strong><\/h2>\n<p><img loading=\"lazy\" class=\"size-full wp-image-200693 aligncenter\" src=\"https:\/\/www.enerjigazetesi.ist\/wp-content\/uploads\/2025\/09\/1759132273_izili_ka__ak_trafo.jpg\" alt=\"\" width=\"550\" height=\"339\" srcset=\"https:\/\/www.enerjigazetesi.ist\/wp-content\/uploads\/2025\/09\/1759132273_izili_ka__ak_trafo.jpg 550w, https:\/\/www.enerjigazetesi.ist\/wp-content\/uploads\/2025\/09\/1759132273_izili_ka__ak_trafo-300x185.jpg 300w, https:\/\/www.enerjigazetesi.ist\/wp-content\/uploads\/2025\/09\/1759132273_izili_ka__ak_trafo-500x308.jpg 500w, https:\/\/www.enerjigazetesi.ist\/wp-content\/uploads\/2025\/09\/1759132273_izili_ka__ak_trafo-80x50.jpg 80w\" sizes=\"(max-width: 550px) 100vw, 550px\" \/><\/p>\n<p>Kay\u0131ps\u0131z, kesintisiz ve kaliteli enerji arz\u0131n\u0131 sa\u011flama hedefiyle s\u00fcrd\u00fcrd\u00fc\u011f\u00fc yat\u0131r\u0131mlar\u0131n\u0131n yan\u0131nda ka\u00e7ak t\u00fcketimle kararl\u0131l\u0131kla m\u00fccadele eden Dicle Elektrik, tar\u0131msal sulama alanlar\u0131nda kay\u0131t d\u0131\u015f\u0131 trafolar\u0131 tespit etmek i\u00e7in \u00e7al\u0131\u015fmalar\u0131n\u0131 s\u00fcrd\u00fcr\u00fcyor. \u015eirkete ait dronlar son olarak, \u015eanl\u0131urfa\u2019n\u0131n Siverek il\u00e7esinde m\u0131s\u0131r sulamas\u0131nda kullan\u0131lan 160 KVA g\u00fcc\u00fcnde bir ka\u00e7ak trafo tespit etti.<\/p>\n<h3><strong>Yapay zeka destekli dronlar etkin sonu\u00e7lar al\u0131yor<\/strong><\/h3>\n<p>Sorumluluk b\u00f6lgesinde hizmetlerini Enerji ve Tabii Kaynaklar Bakanl\u0131\u011f\u0131 ile Enerji Piyasas\u0131 D\u00fczenleme Kurumu\u2019nun (EPDK) reg\u00fclasyonlar\u0131 \u00e7er\u00e7evesinde s\u00fcrd\u00fcren Dicle Elektrik, enerji kalitesini d\u00fc\u015f\u00fcren ve milli ekonomiye zarar veren ka\u00e7ak elektrik kullan\u0131m\u0131na kar\u015f\u0131 \u00e7al\u0131\u015fmalar\u0131n\u0131 aral\u0131ks\u0131z olarak s\u00fcrd\u00fcr\u00fcyor. Yapay zeka destekli olarak kullan\u0131lan dronlar sayesinde, \u00f6zellikle tar\u0131msal sulama alanlar\u0131nda etkin sonu\u00e7lar al\u0131narak ka\u00e7ak trafolar bir bir tespit ediliyor.<\/p>\n<h3><strong>200 d\u00f6n\u00fcm m\u0131s\u0131r tarlas\u0131n\u0131 ka\u00e7ak elektrikle sulad\u0131lar<\/strong><\/h3>\n<p>Bu kapsamda Dicle Elektrik ka\u00e7ak ekipleri dronlarla havan yapt\u0131klar\u0131 kontroller s\u0131ras\u0131nda \u015eanl\u0131urfa\u2019n\u0131n Siverek il\u00e7esine ba\u011fl\u0131 k\u0131rsal Uzunp\u0131nar Mahallesi\u2019nde bir evin dam\u0131ndaki eklentiye gizlenmi\u015f vaziyette 160 KVA g\u00fcc\u00fcnde bir ka\u00e7ak trafo tespit etti. Evin biti\u015fi\u011findeki 200 d\u00f6n\u00fcml\u00fck m\u0131s\u0131r tarlas\u0131n\u0131 sulayabilmek \u00fczere kuyudan su \u00e7ekmek i\u00e7in kullan\u0131lan trafo ile ilgili detayl\u0131 g\u00f6r\u00fcnt\u00fcler al\u0131narak koordinat\u0131 saptand\u0131.<\/p>\n<p>Yap\u0131lan tespitin ard\u0131ndan \u015firket avukatlar\u0131, eldeki mevcut g\u00f6r\u00fcnt\u00fclerle birlikte ka\u00e7ak trafoya el konulabilmesi i\u00e7in cumhuriyet savc\u0131l\u0131\u011f\u0131na ba\u015fvurdu.<\/p>\n<p>Yay\u0131na Alan: Alperen ERTA\u015e-<a href=\"http:\/\/alperen.ertas@enerjigazetesi.ist\">alperen.ertas@enerjigazetesi.ist<\/a><\/p>","protected":false},"excerpt":{"rendered":"<p>Sorry, this entry is only available in Turkish. For the sake of viewer convenience, the content is shown below in the alternative language. You may click the link to switch the active language. \u015eanl\u0131urfa\u2019n\u0131n Siverek il\u00e7esinde yapay zeka destekli saha kontrollerinde kullan\u0131lan Dicle Elektrik dronlar\u0131, bu kez m\u0131s\u0131r tarlas\u0131n\u0131n sulamas\u0131nda kuyudan su \u00e7ekmek i\u00e7in kullan\u0131lan [&hellip;]<\/p>\n","protected":false},"author":19,"featured_media":200693,"comment_status":"open","ping_status":"open","sticky":false,"template":"","format":"standard","meta":[],"categories":[51,53],"tags":[117187,117186],"views":13,"_links":{"self":[{"href":"https:\/\/www.enerjigazetesi.ist\/en\/wp-json\/wp\/v2\/posts\/200692"}],"collection":[{"href":"https:\/\/www.enerjigazetesi.ist\/en\/wp-json\/wp\/v2\/posts"}],"about":[{"href":"https:\/\/www.enerjigazetesi.ist\/en\/wp-json\/wp\/v2\/types\/post"}],"author":[{"embeddable":true,"href":"https:\/\/www.enerjigazetesi.ist\/en\/wp-json\/wp\/v2\/users\/19"}],"replies":[{"embeddable":true,"href":"https:\/\/www.enerjigazetesi.ist\/en\/wp-json\/wp\/v2\/comments?post=200692"}],"version-history":[{"count":0,"href":"https:\/\/www.enerjigazetesi.ist\/en\/wp-json\/wp\/v2\/posts\/200692\/revisions"}],"wp:featuredmedia":[{"embeddable":true,"href":"https:\/\/www.enerjigazetesi.ist\/en\/wp-json\/wp\/v2\/media\/200693"}],"wp:attachment":[{"href":"https:\/\/www.enerjigazetesi.ist\/en\/wp-json\/wp\/v2\/media?parent=200692"}],"wp:term":[{"taxonomy":"category","embeddable":true,"href":"https:\/\/www.enerjigazetesi.ist\/en\/wp-json\/wp\/v2\/categories?post=200692"},{"taxonomy":"post_tag","embeddable":true,"href":"https:\/\/www.enerjigazetesi.ist\/en\/wp-json\/wp\/v2\/tags?post=200692"}],"curies":[{"name":"wp","href":"https:\/\/api.w.org\/{rel}","templated":true}]}}