{"id":200687,"date":"2025-09-30T00:02:46","date_gmt":"2025-09-29T21:02:46","guid":{"rendered":"https:\/\/www.enerjigazetesi.ist\/?p=200687"},"modified":"2025-10-01T13:47:10","modified_gmt":"2025-10-01T10:47:10","slug":"dogru-kombiyi-secenler-yuzde-20ye-varan-tasarruf-sagliyor","status":"publish","type":"post","link":"https:\/\/www.enerjigazetesi.ist\/en\/dogru-kombiyi-secenler-yuzde-20ye-varan-tasarruf-sagliyor\/","title":{"rendered":"(Turkish) Do\u011fru Kombiyi Se\u00e7enler Y\u00fczde 20&#8217;ye Varan Tasarruf Sa\u011fl\u0131yor"},"content":{"rendered":"<p class=\"qtranxs-available-languages-message qtranxs-available-languages-message-en\">Sorry, this entry is only available in <a href=\"https:\/\/www.enerjigazetesi.ist\/tr\/wp-json\/wp\/v2\/posts\/200687\" class=\"qtranxs-available-language-link qtranxs-available-language-link-tr\" title=\"Turkish\">Turkish<\/a>. For the sake of viewer convenience, the content is shown below in the alternative language. You may click the link to switch the active language.<\/p><p><\/p>\n<h2>T\u00fcrkiye\u2019deki en yayg\u0131n konut \u0131s\u0131tma sistemi olan kombiler, eskidi\u011finde y\u00fcksek do\u011falgaz faturalar\u0131na, konfor kayb\u0131na ve g\u00fcvenlik risklerine yol a\u00e7abiliyor. Ancak yaln\u0131zca eskiyen kombiler de\u011fil, yanl\u0131\u015f se\u00e7ilen kombiler de benzer sorunlara neden olabiliyor.<\/h2>\n<p><img loading=\"lazy\" class=\"size-full wp-image-200688 aligncenter\" src=\"https:\/\/www.enerjigazetesi.ist\/wp-content\/uploads\/2025\/09\/kombi_kurulum_1_105755233.jpg\" alt=\"\" width=\"550\" height=\"347\" srcset=\"https:\/\/www.enerjigazetesi.ist\/wp-content\/uploads\/2025\/09\/kombi_kurulum_1_105755233.jpg 550w, https:\/\/www.enerjigazetesi.ist\/wp-content\/uploads\/2025\/09\/kombi_kurulum_1_105755233-300x189.jpg 300w, https:\/\/www.enerjigazetesi.ist\/wp-content\/uploads\/2025\/09\/kombi_kurulum_1_105755233-500x315.jpg 500w, https:\/\/www.enerjigazetesi.ist\/wp-content\/uploads\/2025\/09\/kombi_kurulum_1_105755233-80x50.jpg 80w\" sizes=\"(max-width: 550px) 100vw, 550px\" \/><\/p>\n<p><strong>\u00dc\u00e7ay M\u00fchendislik Operasyon Direkt\u00f6r\u00fc<\/strong> <strong>Zafer \u00c7\u00fcman<\/strong>, do\u011fru kombi se\u00e7imiyle hem <strong>y\u00fczde 20<\/strong>\u2019lere varan oranlarda tasarruf sa\u011flanabilece\u011fini hem de konforlu ve g\u00fcvenli bir k\u0131\u015f ge\u00e7irilebilece\u011fini belirtiyor.<\/p>\n<p>T\u00fcrkiye\u2019de konut \u0131s\u0131tmas\u0131nda ilk s\u0131rada yer alan kombiler, k\u0131\u015f mevsiminin yakla\u015fmas\u0131yla yeniden g\u00fcndeme geliyor. \u00c7\u00fcnk\u00fc eski kombiler hem y\u00fcksek do\u011falgaz faturalar\u0131na hem de konfor kayb\u0131na ve g\u00fcvenlik sorunlar\u0131na yol a\u00e7abiliyor. Bu sorunu \u00e7\u00f6zmek i\u00e7in kombisini yenilemek isteyen kullan\u0131c\u0131lar\u0131n, do\u011fru kombi se\u00e7imi konusunda uzman deste\u011fi almas\u0131 b\u00fcy\u00fck \u00f6nem ta\u015f\u0131yor.<\/p>\n<div id=\"attachment_200690\" style=\"width: 560px\" class=\"wp-caption aligncenter\"><img aria-describedby=\"caption-attachment-200690\" loading=\"lazy\" class=\"wp-image-200690 size-full\" src=\"https:\/\/www.enerjigazetesi.ist\/wp-content\/uploads\/2025\/09\/asdfgmjhgfdsdfvbbgfdfvbfd.jpg\" alt=\"\" width=\"550\" height=\"301\" srcset=\"https:\/\/www.enerjigazetesi.ist\/wp-content\/uploads\/2025\/09\/asdfgmjhgfdsdfvbbgfdfvbfd.jpg 550w, https:\/\/www.enerjigazetesi.ist\/wp-content\/uploads\/2025\/09\/asdfgmjhgfdsdfvbbgfdfvbfd-300x164.jpg 300w, https:\/\/www.enerjigazetesi.ist\/wp-content\/uploads\/2025\/09\/asdfgmjhgfdsdfvbbgfdfvbfd-500x274.jpg 500w, https:\/\/www.enerjigazetesi.ist\/wp-content\/uploads\/2025\/09\/asdfgmjhgfdsdfvbbgfdfvbfd-80x44.jpg 80w\" sizes=\"(max-width: 550px) 100vw, 550px\" \/><p id=\"caption-attachment-200690\" class=\"wp-caption-text\">\u00dc\u00e7ay M\u00fchendislik Operasyon Direkt\u00f6r\u00fc Zafer \u00c7\u00fcman<\/p><\/div>\n<p>&nbsp;<\/p>\n<p>\u201c<em>Do\u011fru kombi se\u00e7imi ile do\u011falgaz faturalar\u0131ndan\u00a0<strong>y\u00fczde 20<\/strong>\u2019lere varan oranlarda tasarruf sa\u011flamak, konforlu ve g\u00fcvenli bir k\u0131\u015f ge\u00e7irmek m\u00fcmk\u00fcn\u201d<\/em> diyen <strong>\u00dc\u00e7ay M\u00fchendislik Operasyon Direkt\u00f6r\u00fc<\/strong> <strong>Zafer \u00c7\u00fcman<\/strong>, kombi se\u00e7iminde dikkat edilmesi gereken kriterler konusunda kullan\u0131c\u0131lar\u0131 uyard\u0131.<\/p>\n<h3><strong>Uzman deste\u011fi al\u0131nmal\u0131\u00a0\u00a0\u00a0\u00a0\u00a0\u00a0\u00a0\u00a0\u00a0 <\/strong><\/h3>\n<p>\u201cDo\u011fru kombi se\u00e7imi yapmak i\u00e7in uzman deste\u011fi almak b\u00fcy\u00fck \u00f6nem ta\u015f\u0131yor; \u00e7\u00fcnk\u00fc bu s\u00fcre\u00e7te bir\u00e7ok teknik fakt\u00f6r\u00fc do\u011fru \u015fekilde de\u011ferlendirmek gerekiyor.<\/p>\n<h3><strong>Kapasite hesab\u0131 do\u011fru yap\u0131lmal\u0131<\/strong><\/h3>\n<p>Kombi se\u00e7imi yap\u0131l\u0131rken \u00f6ncelikle evin; metrekaresi, konumu, izolasyon durumu, pencere yap\u0131s\u0131, banyo say\u0131s\u0131 ve s\u0131cak su kullan\u0131m miktar\u0131, radyat\u00f6r say\u0131s\u0131 g\u00f6z \u00f6n\u00fcnde bulundurulmal\u0131<\/p>\n<h3><strong>Enerji verimlili\u011fine dikkat edilmeli<\/strong><\/h3>\n<p>Enerji verimlili\u011fi de se\u00e7im s\u00fcrecinde dikkat edilmesi gereken \u00f6nemli unsurlar aras\u0131nda yer al\u0131yor. Bu noktada, yanma s\u0131ras\u0131nda ortaya \u00e7\u0131kan buhar\u0131 yeniden enerjiye d\u00f6n\u00fc\u015ft\u00fcrerek daha az yak\u0131tla daha fazla \u0131s\u0131nma sa\u011flayan yo\u011fu\u015fmal\u0131 kombiler, konvansiyonel modellere g\u00f6re \u00e7ok daha ekonomik bir \u00e7\u00f6z\u00fcm sunuyor.<\/p>\n<h3><strong>Mod\u00fclasyon \u00f6zelli\u011fi olmal\u0131<\/strong><\/h3>\n<p>Bununla birlikte kombinin mod\u00fclasyon \u00f6zelli\u011fine sahip olmas\u0131na da dikkat etmek gerekiyor. Bu \u00f6zellik, kombinin ihtiyaca uygun \u015fekilde \u00e7al\u0131\u015fmas\u0131n\u0131 sa\u011flayarak hem daha ekonomik \u0131s\u0131nma sunuyor hem de cihaz\u0131n \u00f6mr\u00fcn\u00fc uzat\u0131yor.<\/p>\n<h3><strong>Kullan\u0131m\u0131 kolayl\u0131\u011f\u0131 sunmal\u0131<\/strong><\/h3>\n<p>Programlanabilir termostat ve uzaktan kumanda gibi \u00f6zellikler ise g\u00fcnl\u00fck kullan\u0131mda b\u00fcy\u00fck bir konfor ve ek tasarruf imk\u00e2n\u0131 sunuyor.<\/p>\n<h3><strong>G\u00fcvenilir markalar tercih edilmeli<\/strong><\/h3>\n<p>Kombi se\u00e7iminde teknik \u00f6zellikler kadar \u00f6nemli bir di\u011fer unsur ise marka bilinirli\u011fi oluyor. G\u00fcvenilir bir marka tercih etmek, uzun vadede daha az sorun ya\u015fanmas\u0131n\u0131 sa\u011flarken, yedek par\u00e7a ve servis a\u011f\u0131na kolay eri\u015fim sayesinde periyodik bak\u0131m s\u00fcre\u00e7lerini de kolayla\u015ft\u0131r\u0131yor.\u201d dedi.<\/p>\n<p>Yay\u0131na Alan: Alperen ERTA\u015e-<a href=\"http:\/\/alperen.ertas@enerjigazetesi.ist\">alperen.ertas@enerjigazetesi.ist<\/a><\/p>","protected":false},"excerpt":{"rendered":"<p>Sorry, this entry is only available in Turkish. For the sake of viewer convenience, the content is shown below in the alternative language. You may click the link to switch the active language. T\u00fcrkiye\u2019deki en yayg\u0131n konut \u0131s\u0131tma sistemi olan kombiler, eskidi\u011finde y\u00fcksek do\u011falgaz faturalar\u0131na, konfor kayb\u0131na ve g\u00fcvenlik risklerine yol a\u00e7abiliyor. Ancak yaln\u0131zca eskiyen [&hellip;]<\/p>\n","protected":false},"author":19,"featured_media":200688,"comment_status":"open","ping_status":"open","sticky":false,"template":"","format":"standard","meta":[],"categories":[46,53],"tags":[27179,117185],"views":15,"_links":{"self":[{"href":"https:\/\/www.enerjigazetesi.ist\/en\/wp-json\/wp\/v2\/posts\/200687"}],"collection":[{"href":"https:\/\/www.enerjigazetesi.ist\/en\/wp-json\/wp\/v2\/posts"}],"about":[{"href":"https:\/\/www.enerjigazetesi.ist\/en\/wp-json\/wp\/v2\/types\/post"}],"author":[{"embeddable":true,"href":"https:\/\/www.enerjigazetesi.ist\/en\/wp-json\/wp\/v2\/users\/19"}],"replies":[{"embeddable":true,"href":"https:\/\/www.enerjigazetesi.ist\/en\/wp-json\/wp\/v2\/comments?post=200687"}],"version-history":[{"count":0,"href":"https:\/\/www.enerjigazetesi.ist\/en\/wp-json\/wp\/v2\/posts\/200687\/revisions"}],"wp:featuredmedia":[{"embeddable":true,"href":"https:\/\/www.enerjigazetesi.ist\/en\/wp-json\/wp\/v2\/media\/200688"}],"wp:attachment":[{"href":"https:\/\/www.enerjigazetesi.ist\/en\/wp-json\/wp\/v2\/media?parent=200687"}],"wp:term":[{"taxonomy":"category","embeddable":true,"href":"https:\/\/www.enerjigazetesi.ist\/en\/wp-json\/wp\/v2\/categories?post=200687"},{"taxonomy":"post_tag","embeddable":true,"href":"https:\/\/www.enerjigazetesi.ist\/en\/wp-json\/wp\/v2\/tags?post=200687"}],"curies":[{"name":"wp","href":"https:\/\/api.w.org\/{rel}","templated":true}]}}