{"id":200653,"date":"2025-09-27T18:06:19","date_gmt":"2025-09-27T15:06:19","guid":{"rendered":"https:\/\/www.enerjigazetesi.ist\/?p=200653"},"modified":"2025-09-27T18:06:19","modified_gmt":"2025-09-27T15:06:19","slug":"muhendis-tek-sen-enerji-sendikasi-iki-yasinda","status":"publish","type":"post","link":"https:\/\/www.enerjigazetesi.ist\/en\/muhendis-tek-sen-enerji-sendikasi-iki-yasinda\/","title":{"rendered":"(Turkish) M\u00fchendis Tek-Sen ENERJ\u0130 Sendikas\u0131 \u0130ki Ya\u015f\u0131nda"},"content":{"rendered":"<p class=\"qtranxs-available-languages-message qtranxs-available-languages-message-en\">Sorry, this entry is only available in <a href=\"https:\/\/www.enerjigazetesi.ist\/tr\/wp-json\/wp\/v2\/posts\/200653\" class=\"qtranxs-available-language-link qtranxs-available-language-link-tr\" title=\"Turkish\">Turkish<\/a>. For the sake of viewer convenience, the content is shown below in the alternative language. You may click the link to switch the active language.<\/p><p><\/p>\n<h2><strong>M\u00fchendis Tek-Sen ENERJ\u0130 Sendikas\u0131; enerji, sanayi ve madencilik hizmet kollar\u0131nda g\u00f6rev yapan m\u00fchendis, mimar, \u015fehir planc\u0131s\u0131, tekniker ve t\u00fcm teknik hizmet personelinin haklar\u0131n\u0131 savunmak amac\u0131yla ikinci ya\u015f\u0131n\u0131 kutluyor. <\/strong><strong>Sadece iki y\u0131l i\u00e7inde T\u00fcrkiye\u2019nin en h\u0131zl\u0131 b\u00fcy\u00fcyen ve en etkili sendikalar\u0131ndan biri haline gelen M\u00fchendis Tek-Sen ENERJ\u0130, liyakatten adil \u00fccretlendirmeye, sa\u011fl\u0131kl\u0131 \u00e7al\u0131\u015fma ko\u015fullar\u0131ndan mesleki geli\u015fim f\u0131rsatlar\u0131na ve \u00fcyelerinin hukuki haklar\u0131n\u0131 yasal yollardan aramaya kadar bir\u00e7ok alanda \u00fcyelerinin sesini duyurmaya ve taleplerini savunmaya devam ediyor. <\/strong><strong>Sendikal m\u00fccadelesinde \u00fc\u00e7\u00fcnc\u00fc y\u0131llar\u0131na girerken, te\u015fkilat yap\u0131s\u0131n\u0131 kurumsalla\u015ft\u0131rmak ad\u0131na alt\u0131 \u015fube kurmay\u0131 hedefleyen Sendika, <\/strong><strong>kamu m\u00fchendisleri ve teknik personelin<\/strong> <strong>toplumdaki sayg\u0131nl\u0131\u011f\u0131n\u0131n art\u0131r\u0131lmas\u0131 ve maa\u015flar\u0131n hak edilen seviyeye ula\u015fmas\u0131 i\u00e7in m\u00fccadele ediyor.<\/strong><\/h2>\n<p><img loading=\"lazy\" class=\"aligncenter wp-image-200655 size-full\" src=\"https:\/\/www.enerjigazetesi.ist\/wp-content\/uploads\/2025\/09\/MuhendisTekSen_LOGO.jpg\" alt=\"\" width=\"550\" height=\"309\" srcset=\"https:\/\/www.enerjigazetesi.ist\/wp-content\/uploads\/2025\/09\/MuhendisTekSen_LOGO.jpg 550w, https:\/\/www.enerjigazetesi.ist\/wp-content\/uploads\/2025\/09\/MuhendisTekSen_LOGO-300x169.jpg 300w, https:\/\/www.enerjigazetesi.ist\/wp-content\/uploads\/2025\/09\/MuhendisTekSen_LOGO-500x281.jpg 500w, https:\/\/www.enerjigazetesi.ist\/wp-content\/uploads\/2025\/09\/MuhendisTekSen_LOGO-80x45.jpg 80w\" sizes=\"(max-width: 550px) 100vw, 550px\" \/><\/p>\n<p>&nbsp;<\/p>\n<p>T\u00fcrkiye\u2019deki kamu m\u00fchendisleri ve teknik personelin sesi olan <strong>M\u00fchendis Tek-Sen ENERJ\u0130 Sendikas\u0131<\/strong>, kurulu\u015funun 2\u2019nci y\u0131l\u0131n\u0131 kutluyor. Kuruldu\u011fu g\u00fcnden bu yana \u00fcyelerinin haklar\u0131n\u0131 savunmak ve kamu m\u00fchendisli\u011finin gelece\u011fine y\u00f6n vermek i\u00e7in \u00f6nemli ad\u0131mlar atan Sendika, kamu m\u00fchendisleri ve teknik personelin toplumdaki sayg\u0131nl\u0131\u011f\u0131n\u0131n art\u0131r\u0131lmas\u0131 ve maa\u015flar\u0131n hak edilen seviyeye ula\u015fmas\u0131 i\u00e7in \u00e7al\u0131\u015fmalar\u0131n\u0131 s\u00fcrd\u00fcr\u00fcyor.<\/p>\n<p><img loading=\"lazy\" class=\"aligncenter wp-image-200654 size-full\" src=\"https:\/\/www.enerjigazetesi.ist\/wp-content\/uploads\/2025\/09\/Muhendis_Tek_Sen_Enerji_Sendikasi_Toplu1.jpg\" alt=\"\" width=\"550\" height=\"412\" srcset=\"https:\/\/www.enerjigazetesi.ist\/wp-content\/uploads\/2025\/09\/Muhendis_Tek_Sen_Enerji_Sendikasi_Toplu1.jpg 550w, https:\/\/www.enerjigazetesi.ist\/wp-content\/uploads\/2025\/09\/Muhendis_Tek_Sen_Enerji_Sendikasi_Toplu1-300x225.jpg 300w, https:\/\/www.enerjigazetesi.ist\/wp-content\/uploads\/2025\/09\/Muhendis_Tek_Sen_Enerji_Sendikasi_Toplu1-500x375.jpg 500w, https:\/\/www.enerjigazetesi.ist\/wp-content\/uploads\/2025\/09\/Muhendis_Tek_Sen_Enerji_Sendikasi_Toplu1-67x50.jpg 67w\" sizes=\"(max-width: 550px) 100vw, 550px\" \/><\/p>\n<h3><strong>\u0130ki y\u0131lda b\u00fcy\u00fck i\u015flere imza att\u0131k<\/strong><\/h3>\n<p><strong>M\u00fchendis Tek-Sen ENERJ\u0130 Sendikas\u0131 Ba\u015fkan\u0131 M\u00fcmin G\u00fcler, <\/strong>iki y\u0131l gibi k\u0131sa bir s\u00fcrede \u00f6nemli mesafe kat ederek b\u00fcy\u00fck i\u015flere imza att\u0131klar\u0131n\u0131 ifade etti. Bug\u00fcne kadar \u00fcyeleriyle birlikte \u00f6nemli i\u015flere imza att\u0131klar\u0131n\u0131 s\u00f6yleyen <strong>G\u00fcler<\/strong>, liyakat, adalet, yetersiz \u00fccret art\u0131\u015flar\u0131 ve mesleki haklar konular\u0131nda kamuoyunda ses getiren \u00e7al\u0131\u015fmalar ger\u00e7ekle\u015ftirdiklerini belirtti. En b\u00fcy\u00fck \u00f6nceliklerinin Meslek Kanunu\u2019nun \u00e7\u0131kar\u0131lmas\u0131 oldu\u011funu belirten <strong>G\u00fcler<\/strong>, <em>\u201cKamu m\u00fchendisleri ve teknik hizmet personelinin e\u011fitim, sorumluluk ve eme\u011finin kar\u015f\u0131l\u0131\u011f\u0131n\u0131 alabilmesi i\u00e7in \u00e7a\u011f\u0131n gerekliliklerine g\u00f6re d\u00fczenlenmi\u015f kapsaml\u0131 bir Meslek Kanunu gerekiyor. Ayr\u0131ca adil \u00fccretlendirme, enflasyon kar\u015f\u0131s\u0131nda d\u00fczenli maa\u015f art\u0131\u015flar\u0131 ve ek \u00f6demelerin art\u0131r\u0131lmas\u0131n\u0131 da talep ediyoruz\u201d<\/em> dedi.<\/p>\n<h3><strong>Kurulacak \u015fubelerle kamu m\u00fchendislerinin ve teknik personelin sesi olaca\u011f\u0131z<\/strong><\/h3>\n<p>Sendikal m\u00fccadelesinde \u00fc\u00e7\u00fcnc\u00fc y\u0131llar\u0131na girerken te\u015fkilat yap\u0131s\u0131n\u0131 kurumsalla\u015ft\u0131rarak alt\u0131 \u015fube kurmay\u0131 hedeflediklerini belirten <strong>G\u00fcler<\/strong>, \u201c<em>T\u00fcrkiye genelinde daha geni\u015f kitlelere ula\u015fmak istiyoruz. Kurulacak \u015fubelerimiz arac\u0131l\u0131\u011f\u0131yla, \u00fcyelerimizin taleplerini yak\u0131ndan takip edebilece\u011fiz. Bu da sorunlara h\u0131zl\u0131 \u00e7\u00f6z\u00fcmler \u00fcretmemize ve merkezi \u00e7al\u0131\u015fmalar\u0131m\u0131za katk\u0131 sa\u011flayacak. \u00d6te yandan, sendikam\u0131z\u0131n etkisini ve temsil g\u00fcc\u00fcn\u00fc art\u0131rmak i\u00e7in \u00fcye say\u0131m\u0131z\u0131 da art\u0131rmaya devam ediyoruz. Her bir \u00fcyemiz, hak m\u00fccadelemizde daha g\u00fc\u00e7l\u00fc bir ses olu\u015fturmam\u0131za ve kamu m\u00fchendisleri ile teknik personelin haklar\u0131n\u0131n her platformda g\u00f6r\u00fcn\u00fcr olmas\u0131na destek oluyor. B\u00f6ylece hem sahadaki etkimizi daha da art\u0131racak hem de kamu m\u00fchendislerinin ve teknik personelin sesi oldu\u011fumuzu her b\u00f6lgede g\u00fc\u00e7l\u00fc bir \u015fekilde hissettirmeye devam edece\u011fiz\u201d<\/em> diye konu\u015ftu.<\/p>\n<h3><strong>Mesle\u011fimizin hak etti\u011fi sayg\u0131nl\u0131\u011fa kavu\u015fmas\u0131 i\u00e7in m\u00fccadelemiz devam edecek<\/strong><\/h3>\n<p>Gelecek d\u00f6nem hedefleriyle ilgili de bilgi veren <strong>G\u00fcler<\/strong>, \u015fu a\u00e7\u0131klamalarda bulundu: <em>\u201c\u00dcyelerimizin g\u00fcvenli ve sa\u011fl\u0131kl\u0131 ko\u015fullarda \u00e7al\u0131\u015fabilmesi i\u00e7in koruyucu giyim hakk\u0131 ve i\u015f sa\u011fl\u0131\u011f\u0131-g\u00fcvenli\u011fi standartlar\u0131n\u0131n y\u00fckseltilmesi konular\u0131nda \u00e7al\u0131\u015fmalar yapmaya devam edece\u011fiz. Ayn\u0131 zamanda m\u00fchendislik mesle\u011finin toplumdaki sayg\u0131nl\u0131\u011f\u0131n\u0131n art\u0131r\u0131lmas\u0131, toplumsal katk\u0131s\u0131n\u0131n g\u00f6r\u00fcn\u00fcr k\u0131l\u0131nmas\u0131 da \u00f6ncelikli hedeflerimiz aras\u0131nda yer al\u0131yor. \u00dcyelerimizin ekonomik, sosyal ve mesleki haklar\u0131n\u0131 her platformda savunmay\u0131 s\u00fcrd\u00fcrecek, mesleki s\u0131k\u0131nt\u0131lar\u0131nda ise g\u00fc\u00e7l\u00fc hukuk ekibimizle kanunlar\u0131n tan\u0131d\u0131\u011f\u0131 t\u00fcm imk\u00e2nlarla yanlar\u0131nda olmay\u0131 s\u00fcrd\u00fcrece\u011fiz. \u0130htiya\u00e7 duyulan ko\u015fullarda i\u015f b\u0131rakma eylemlerimize devam edece\u011fiz. Ekonomik \u015fartlar kar\u015f\u0131s\u0131nda maa\u015flar\u0131n korunmas\u0131 i\u00e7in E\u015fel-Mobil sisteme ge\u00e7ilmesi i\u00e7in pes etmeden sesimizi y\u00fckseltece\u011fiz. \u0130ki y\u0131lda hayata ge\u00e7irdi\u011fimiz t\u00fcm etkinlikleri daha da art\u0131rarak, m\u00fccadelemizi s\u00fcrd\u00fcrece\u011fiz.\u201d<\/em> dedi.<\/p>\n<p>Yay\u0131na Alan: Alperen ERTA\u015e-<a href=\"http:\/\/alperen.ertas@enerjigazetesi.ist\">alperen.ertas@enerjigazetesi.ist<\/a><\/p>","protected":false},"excerpt":{"rendered":"<p>Sorry, this entry is only available in Turkish. For the sake of viewer convenience, the content is shown below in the alternative language. You may click the link to switch the active language. M\u00fchendis Tek-Sen ENERJ\u0130 Sendikas\u0131; enerji, sanayi ve madencilik hizmet kollar\u0131nda g\u00f6rev yapan m\u00fchendis, mimar, \u015fehir planc\u0131s\u0131, tekniker ve t\u00fcm teknik hizmet personelinin [&hellip;]<\/p>\n","protected":false},"author":19,"featured_media":200655,"comment_status":"open","ping_status":"open","sticky":false,"template":"","format":"standard","meta":[],"categories":[51,53],"tags":[117177,115797],"views":14,"_links":{"self":[{"href":"https:\/\/www.enerjigazetesi.ist\/en\/wp-json\/wp\/v2\/posts\/200653"}],"collection":[{"href":"https:\/\/www.enerjigazetesi.ist\/en\/wp-json\/wp\/v2\/posts"}],"about":[{"href":"https:\/\/www.enerjigazetesi.ist\/en\/wp-json\/wp\/v2\/types\/post"}],"author":[{"embeddable":true,"href":"https:\/\/www.enerjigazetesi.ist\/en\/wp-json\/wp\/v2\/users\/19"}],"replies":[{"embeddable":true,"href":"https:\/\/www.enerjigazetesi.ist\/en\/wp-json\/wp\/v2\/comments?post=200653"}],"version-history":[{"count":0,"href":"https:\/\/www.enerjigazetesi.ist\/en\/wp-json\/wp\/v2\/posts\/200653\/revisions"}],"wp:featuredmedia":[{"embeddable":true,"href":"https:\/\/www.enerjigazetesi.ist\/en\/wp-json\/wp\/v2\/media\/200655"}],"wp:attachment":[{"href":"https:\/\/www.enerjigazetesi.ist\/en\/wp-json\/wp\/v2\/media?parent=200653"}],"wp:term":[{"taxonomy":"category","embeddable":true,"href":"https:\/\/www.enerjigazetesi.ist\/en\/wp-json\/wp\/v2\/categories?post=200653"},{"taxonomy":"post_tag","embeddable":true,"href":"https:\/\/www.enerjigazetesi.ist\/en\/wp-json\/wp\/v2\/tags?post=200653"}],"curies":[{"name":"wp","href":"https:\/\/api.w.org\/{rel}","templated":true}]}}