{"id":200649,"date":"2025-09-27T00:57:58","date_gmt":"2025-09-26T21:57:58","guid":{"rendered":"https:\/\/www.enerjigazetesi.ist\/?p=200649"},"modified":"2025-09-27T00:57:58","modified_gmt":"2025-09-26T21:57:58","slug":"turkcell-surdurulebilirlikte-sektorunun-dunya-lideri","status":"publish","type":"post","link":"https:\/\/www.enerjigazetesi.ist\/en\/turkcell-surdurulebilirlikte-sektorunun-dunya-lideri\/","title":{"rendered":"(Turkish) &#8217;Turkcell&#8217; S\u00fcrd\u00fcr\u00fclebilirlikte Sekt\u00f6r\u00fcn\u00fcn D\u00fcnya Lideri"},"content":{"rendered":"<p class=\"qtranxs-available-languages-message qtranxs-available-languages-message-en\">Sorry, this entry is only available in <a href=\"https:\/\/www.enerjigazetesi.ist\/tr\/wp-json\/wp\/v2\/posts\/200649\" class=\"qtranxs-available-language-link qtranxs-available-language-link-tr\" title=\"Turkish\">Turkish<\/a>. For the sake of viewer convenience, the content is shown below in the alternative language. You may click the link to switch the active language.<\/p><p><\/p>\n<h2><strong>Turkcell, Londra Borsas\u0131 Grubu (LSEG) taraf\u0131ndan yay\u0131mlanan \u00c7SY (\u00c7evresel, Sosyal, Y\u00f6neti\u015fim) s\u00fcrd\u00fcr\u00fclebilirlik derecelendirmesinde k\u00fcresel telekom lideri oldu. BM \u0130klim Haftas\u0131 kapsam\u0131nda de\u011ferlendirmelerde bulunan Turkcell\u2019in Finanstan Sorumlu Genel M\u00fcd\u00fcr Yard\u0131mc\u0131s\u0131 Kamil Kalyon, 286 telekom \u015firketi aras\u0131nda Turkcell\u2019in 1\u2019inci oldu\u011funu belirterek, <em>\u201cLSEG \u00c7SY derecelendirmesinde elde etti\u011fimiz bu ba\u015far\u0131, \u00e7evre vizyonumuzu finansal ba\u015far\u0131yla bulu\u015fturan stratejimizin uluslararas\u0131 bir teyididir. Hedefimiz hem karbon ayak izimizi azaltmak hem de gelecek nesillere daha temiz ve daha ye\u015fil bir d\u00fcnya miras b\u0131rakmak\u201d<\/em> dedi.\u00a0<\/strong><\/h2>\n<p><img loading=\"lazy\" class=\"aligncenter wp-image-200650 size-full\" src=\"https:\/\/www.enerjigazetesi.ist\/wp-content\/uploads\/2025\/09\/1758870955_Turkcell_Surdurulebilirlik_Gorsel.jpg\" alt=\"\" width=\"550\" height=\"321\" srcset=\"https:\/\/www.enerjigazetesi.ist\/wp-content\/uploads\/2025\/09\/1758870955_Turkcell_Surdurulebilirlik_Gorsel.jpg 550w, https:\/\/www.enerjigazetesi.ist\/wp-content\/uploads\/2025\/09\/1758870955_Turkcell_Surdurulebilirlik_Gorsel-300x175.jpg 300w, https:\/\/www.enerjigazetesi.ist\/wp-content\/uploads\/2025\/09\/1758870955_Turkcell_Surdurulebilirlik_Gorsel-500x292.jpg 500w, https:\/\/www.enerjigazetesi.ist\/wp-content\/uploads\/2025\/09\/1758870955_Turkcell_Surdurulebilirlik_Gorsel-80x47.jpg 80w\" sizes=\"(max-width: 550px) 100vw, 550px\" \/><\/p>\n<p>S\u00fcrd\u00fcr\u00fclebilirlik ve \u00e7evre alan\u0131ndaki \u00e7al\u0131\u015fmalar\u0131yla sekt\u00f6re \u00f6nc\u00fcl\u00fck eden Turkcell,\u00a0Londra Borsas\u0131 Grubu\u00a0LSEG (London Stock Exchange Group) taraf\u0131ndan yay\u0131mlanan \u00c7SY (\u00c7evresel, Sosyal, Y\u00f6neti\u015fim) s\u00fcrd\u00fcr\u00fclebilirlik derecelendirmesinde k\u00fcresel telekom lideri oldu. Turkcell, LSEG \u00c7SY Endeksi\u2019nde d\u00fcnya genelindeki 286 telekom \u015firketi aras\u0131nda 1\u2019inci s\u0131raya yerle\u015ferek, sekt\u00f6r\u00fcn\u00fcn en y\u00fcksek \u00c7SY skoruna sahip \u015firketi oldu.<\/p>\n<p>Borsa \u0130stanbul S\u00fcrd\u00fcr\u00fclebilirlik 25 Endeksi\u2019nde \u015firketlerin s\u00fcrd\u00fcr\u00fclebilirlik puanlar\u0131 belirlenirken do\u011frudan referans al\u0131nan LSEG \u00c7SY skoru, yat\u0131r\u0131mc\u0131lar i\u00e7in \u00f6ncelikli bir kriter. De\u011ferlendirme, Turkcell\u2019in \u00c7evresel, Sosyal ve Y\u00f6neti\u015fim stratejisinin, uluslararas\u0131 arenada takdir edilmesi a\u00e7\u0131s\u0131ndan da \u00f6nem ta\u015f\u0131yor.<\/p>\n<div id=\"attachment_200651\" style=\"width: 560px\" class=\"wp-caption aligncenter\"><img aria-describedby=\"caption-attachment-200651\" loading=\"lazy\" class=\"wp-image-200651 size-full\" src=\"https:\/\/www.enerjigazetesi.ist\/wp-content\/uploads\/2025\/09\/444444444444444444444.jpg\" alt=\"\" width=\"550\" height=\"404\" srcset=\"https:\/\/www.enerjigazetesi.ist\/wp-content\/uploads\/2025\/09\/444444444444444444444.jpg 550w, https:\/\/www.enerjigazetesi.ist\/wp-content\/uploads\/2025\/09\/444444444444444444444-300x220.jpg 300w, https:\/\/www.enerjigazetesi.ist\/wp-content\/uploads\/2025\/09\/444444444444444444444-500x367.jpg 500w, https:\/\/www.enerjigazetesi.ist\/wp-content\/uploads\/2025\/09\/444444444444444444444-68x50.jpg 68w\" sizes=\"(max-width: 550px) 100vw, 550px\" \/><p id=\"caption-attachment-200651\" class=\"wp-caption-text\">Turkcell Finanstan Sorumlu Genel M\u00fcd\u00fcr Yard\u0131mc\u0131s\u0131 Kamil Kalyon<\/p><\/div>\n<h3><strong>Ba\u015far\u0131m\u0131z uluslararas\u0131 arenada da teyit edildi<\/strong><\/h3>\n<p>BM \u0130klim Haftas\u0131 kapsam\u0131nda de\u011ferlendirmelerde bulunan\u00a0<strong>Turkcell Finanstan Sorumlu Genel M\u00fcd\u00fcr Yard\u0131mc\u0131s\u0131 Kamil Kalyon,<\/strong> Turkcell\u2019in elektrik ihtiyac\u0131n\u0131n tamam\u0131n\u0131 y\u00fczde 100 yenilenebilir enerji kaynaklar\u0131ndan kar\u015f\u0131lad\u0131\u011f\u0131na ve T\u00fcrkiye telekom sekt\u00f6r\u00fcnde karbon n\u00f6tr operasyonlara imza atan ilk ve tek \u015firket oldu\u011funa de\u011findi. Kalyon \u015funlar\u0131 s\u00f6yledi: \u201c<em>Turkcell olarak t\u00fcm i\u015f s\u00fcre\u00e7lerimizin \u00e7evreye ve topluma olan etkisini hassasiyetle g\u00f6zetiyoruz. LSEG \u00c7SY derecelendirmesinde k\u00fcresel telekom liderli\u011fine ula\u015fmam\u0131z, bu alanlardaki vizyonumuzu finansal ba\u015far\u0131yla bulu\u015fturan stratejimizin uluslararas\u0131 boyutta teyididir. Bu, yaln\u0131zca \u015firketimiz ve sekt\u00f6r\u00fcm\u00fcz i\u00e7in de\u011fil, \u00fclkemiz ad\u0131na da son derece prestijli bir ba\u015far\u0131. Borsa \u0130stanbul (BIST) ve New York Borsas\u0131\u2019nda (NYSE) \u00e7ift kote olan ilk ve tek \u015firket olarak, yenilenebilir enerji yat\u0131r\u0131mlar\u0131m\u0131z ve SBTi onayl\u0131 karbon ayak izi azalt\u0131m hedeflerimizle iklim eylemine liderlik ediyoruz. \u015eeffaf ve hesap verilebilir raporlamam\u0131zla t\u00fcm payda\u015flar\u0131m\u0131za ilham vermeyi s\u00fcrd\u00fcr\u00fcyoruz.\u201d<\/em> dedi.<\/p>\n<h3><strong>Hedefimiz, gelecek nesillere daha ye\u015fil bir d\u00fcnya b\u0131rakmak\u00a0 \u00a0 \u00a0 \u00a0 \u00a0\u00a0<\/strong><\/h3>\n<p>Turkcell\u2019in telekom\u00fcnikasyon sekt\u00f6r\u00fcnde TSRS\u2019ye (T\u00fcrkiye S\u00fcrd\u00fcr\u00fclebilirlik Raporlama Standartlar\u0131) uyumlu ilk Entegre Faaliyet Raporu\u2019na imza att\u0131\u011f\u0131n\u0131 ve y\u0131l ba\u015f\u0131nda ihra\u00e7 etti\u011fi 500 Milyon dolar b\u00fcy\u00fckl\u00fc\u011f\u00fcndeki s\u00fcrd\u00fcr\u00fclebilir tahviliyle yat\u0131r\u0131mc\u0131ya g\u00fc\u00e7l\u00fc bir mesaj verdi\u011fini hat\u0131rlatan\u00a0<strong>Kamil Kalyon<\/strong>, \u201c<em>Turkcell\u2019in d\u00f6rt farkl\u0131 ilde bulunan be\u015finci g\u00fcne\u015f enerjisi santrali, bu ay i\u00e7erisinde Yozgat\u2019ta devreye al\u0131nd\u0131. Yak\u0131nda farkl\u0131 lokasyonlarda yeni santrallerimizi devreye alarak kurulu g\u00fcc\u00fcm\u00fcz\u00fc daha da art\u0131raca\u011f\u0131z. BM \u0130klim Haftas\u0131 vesilesiyle iklim eylemine y\u00f6nelik kararl\u0131l\u0131\u011f\u0131m\u0131z\u0131 bir kez daha vurguluyoruz. Hedefimiz hem karbon ayak izimizi azaltmak hem de gelecek nesillere daha temiz ve daha ye\u015fil bir d\u00fcnya miras b\u0131rakmak\u201d<\/em> dedi.<\/p>\n<p>Yay\u0131na Alan: Alperen ERTA\u015e-<a href=\"http:\/\/alperen.ertas@enerjigazetesi.ist\">alperen.ertas@enerjigazetesi.ist<\/a><\/p>","protected":false},"excerpt":{"rendered":"<p>Sorry, this entry is only available in Turkish. For the sake of viewer convenience, the content is shown below in the alternative language. You may click the link to switch the active language. Turkcell, Londra Borsas\u0131 Grubu (LSEG) taraf\u0131ndan yay\u0131mlanan \u00c7SY (\u00c7evresel, Sosyal, Y\u00f6neti\u015fim) s\u00fcrd\u00fcr\u00fclebilirlik derecelendirmesinde k\u00fcresel telekom lideri oldu. BM \u0130klim Haftas\u0131 kapsam\u0131nda de\u011ferlendirmelerde [&hellip;]<\/p>\n","protected":false},"author":19,"featured_media":200650,"comment_status":"open","ping_status":"open","sticky":false,"template":"","format":"standard","meta":[],"categories":[53,49],"tags":[117176,138],"views":25,"_links":{"self":[{"href":"https:\/\/www.enerjigazetesi.ist\/en\/wp-json\/wp\/v2\/posts\/200649"}],"collection":[{"href":"https:\/\/www.enerjigazetesi.ist\/en\/wp-json\/wp\/v2\/posts"}],"about":[{"href":"https:\/\/www.enerjigazetesi.ist\/en\/wp-json\/wp\/v2\/types\/post"}],"author":[{"embeddable":true,"href":"https:\/\/www.enerjigazetesi.ist\/en\/wp-json\/wp\/v2\/users\/19"}],"replies":[{"embeddable":true,"href":"https:\/\/www.enerjigazetesi.ist\/en\/wp-json\/wp\/v2\/comments?post=200649"}],"version-history":[{"count":0,"href":"https:\/\/www.enerjigazetesi.ist\/en\/wp-json\/wp\/v2\/posts\/200649\/revisions"}],"wp:featuredmedia":[{"embeddable":true,"href":"https:\/\/www.enerjigazetesi.ist\/en\/wp-json\/wp\/v2\/media\/200650"}],"wp:attachment":[{"href":"https:\/\/www.enerjigazetesi.ist\/en\/wp-json\/wp\/v2\/media?parent=200649"}],"wp:term":[{"taxonomy":"category","embeddable":true,"href":"https:\/\/www.enerjigazetesi.ist\/en\/wp-json\/wp\/v2\/categories?post=200649"},{"taxonomy":"post_tag","embeddable":true,"href":"https:\/\/www.enerjigazetesi.ist\/en\/wp-json\/wp\/v2\/tags?post=200649"}],"curies":[{"name":"wp","href":"https:\/\/api.w.org\/{rel}","templated":true}]}}