{"id":200644,"date":"2025-09-27T00:51:36","date_gmt":"2025-09-26T21:51:36","guid":{"rendered":"https:\/\/www.enerjigazetesi.ist\/?p=200644"},"modified":"2025-09-27T00:51:36","modified_gmt":"2025-09-26T21:51:36","slug":"aksa-duzce-eregli-dogalgazda-yeni-atama","status":"publish","type":"post","link":"https:\/\/www.enerjigazetesi.ist\/en\/aksa-duzce-eregli-dogalgazda-yeni-atama\/","title":{"rendered":"(Turkish) Aksa D\u00fczce Ere\u011fli Do\u011falgaz\u2019da Yeni Atama"},"content":{"rendered":"<p class=\"qtranxs-available-languages-message qtranxs-available-languages-message-en\">Sorry, this entry is only available in <a href=\"https:\/\/www.enerjigazetesi.ist\/tr\/wp-json\/wp\/v2\/posts\/200644\" class=\"qtranxs-available-language-link qtranxs-available-language-link-tr\" title=\"Turkish\">Turkish<\/a>. For the sake of viewer convenience, the content is shown below in the alternative language. You may click the link to switch the active language.<\/p><p><\/p>\n<h2><strong>D\u00fczce ve Ere\u011fli b\u00f6lgesinde do\u011fal gaz da\u011f\u0131t\u0131m hizmeti veren Aksa D\u00fczce Ere\u011fli Do\u011falgaz\u2019\u0131n yeni \u015eirket M\u00fcd\u00fcr\u00fc Evren Tepelio\u011flu oldu.<\/strong><\/h2>\n<p><img loading=\"lazy\" class=\"size-full wp-image-200647 aligncenter\" src=\"https:\/\/www.enerjigazetesi.ist\/wp-content\/uploads\/2025\/09\/dogalgaz-1501329.jpg\" alt=\"\" width=\"550\" height=\"309\" srcset=\"https:\/\/www.enerjigazetesi.ist\/wp-content\/uploads\/2025\/09\/dogalgaz-1501329.jpg 550w, https:\/\/www.enerjigazetesi.ist\/wp-content\/uploads\/2025\/09\/dogalgaz-1501329-300x169.jpg 300w, https:\/\/www.enerjigazetesi.ist\/wp-content\/uploads\/2025\/09\/dogalgaz-1501329-500x281.jpg 500w, https:\/\/www.enerjigazetesi.ist\/wp-content\/uploads\/2025\/09\/dogalgaz-1501329-80x45.jpg 80w\" sizes=\"(max-width: 550px) 100vw, 550px\" \/><\/p>\n<p>T\u00fcrkiye\u2019nin lider, Avrupa\u2019n\u0131n en b\u00fcy\u00fck d\u00f6rd\u00fcnc\u00fc do\u011fal gaz da\u011f\u0131t\u0131m \u015firketi Aksa Do\u011falgaz\u2019\u0131n D\u00fczce ve Ere\u011fli b\u00f6lgesinde yeni atama ger\u00e7ekle\u015fti. Hizmet verdi\u011fi b\u00f6lgelerde vatanda\u015flar\u0131n konforlu bir ya\u015fam s\u00fcrmesine katk\u0131 sa\u011flarken, s\u00fcrekli geli\u015fim ve g\u00fc\u00e7l\u00fc b\u00fcy\u00fcme ilkesiyle hareket eden \u015eirket\u2019in D\u00fczce Ere\u011fli b\u00f6lgesine \u015eirket M\u00fcd\u00fcr\u00fc olarak Evren Tepelio\u011flu<strong>\u00a0<\/strong>atand\u0131. Tepelio\u011flu, Aksa Bilecik Bolu Do\u011falgaz\u2019da 2025 Eyl\u00fcl ay\u0131na kadar Bolu \u0130\u015fletme M\u00fcd\u00fcr\u00fc olarak g\u00f6rev yap\u0131yordu.<\/p>\n<p><img loading=\"lazy\" class=\"aligncenter wp-image-200646\" src=\"https:\/\/www.enerjigazetesi.ist\/wp-content\/uploads\/2025\/09\/asdfghjklcomnbvcxzasdfghj.jpg\" alt=\"\" width=\"550\" height=\"482\" srcset=\"https:\/\/www.enerjigazetesi.ist\/wp-content\/uploads\/2025\/09\/asdfghjklcomnbvcxzasdfghj.jpg 548w, https:\/\/www.enerjigazetesi.ist\/wp-content\/uploads\/2025\/09\/asdfghjklcomnbvcxzasdfghj-300x263.jpg 300w, https:\/\/www.enerjigazetesi.ist\/wp-content\/uploads\/2025\/09\/asdfghjklcomnbvcxzasdfghj-457x400.jpg 457w, https:\/\/www.enerjigazetesi.ist\/wp-content\/uploads\/2025\/09\/asdfghjklcomnbvcxzasdfghj-57x50.jpg 57w, https:\/\/www.enerjigazetesi.ist\/wp-content\/uploads\/2025\/09\/asdfghjklcomnbvcxzasdfghj-500x438.jpg 500w\" sizes=\"(max-width: 550px) 100vw, 550px\" \/><\/p>\n<p>&nbsp;<\/p>\n<h3><strong>Evren Tepelio\u011flu kimdir?<\/strong><\/h3>\n<p>Sel\u00e7uk \u00dcniversitesi Makine M\u00fchendisli\u011fi B\u00f6l\u00fcm\u00fc mezunu olan Evren Tepelio\u011flu, profesyonel i\u015f hayat\u0131na 2005 y\u0131l\u0131nda U\u015fak Do\u011falgaz Da\u011f\u0131t\u0131m A.\u015e.\u2019de i\u00e7 tesisat m\u00fchendisi olarak ba\u015flad\u0131. 2007-2008 y\u0131llar\u0131nda Aksa Bilecik Bolu Do\u011falgaz b\u00fcnyesinde Bolu Yap\u0131m \u0130\u015fletme M\u00fchendisi g\u00f6revini y\u00fcr\u00fctt\u00fc. 2009\u2019dan itibaren Bolu \u0130\u015fletme M\u00fcd\u00fcr\u00fc olarak g\u00f6rev alan Tepelio\u011flu, 2025 y\u0131l\u0131nda Aksa D\u00fczce Ere\u011fli Do\u011falgaz\u2019\u0131n \u015eirket M\u00fcd\u00fcr\u00fc olarak atand\u0131.<\/p>\n<h3><strong>Aksa Do\u011falgaz Hakk\u0131nda<\/strong><\/h3>\n<p>Faaliyet alan\u0131nda yer alan 29 il merkezi, 339 il\u00e7e ve beldede yakla\u015f\u0131k 21,6 milyon n\u00fcfusa, 9 milyon potansiyel aboneye hizmet veren Aksa Do\u011falgaz, T\u00fcrkiye\u2019nin en b\u00fcy\u00fck do\u011fal gaz da\u011f\u0131t\u0131m \u015firketi konumunda bulunmaktad\u0131r. Yat\u0131r\u0131mlar\u0131n\u0131 \u201c\u015eehirler Do\u011fal Gazla Nefes Al\u0131yor\u201d slogan\u0131yla T\u00fcrkiye\u2019nin her yerine h\u0131zla ula\u015ft\u0131rmay\u0131 ama\u00e7layan Aksa Do\u011falgaz, geni\u015fleyen da\u011f\u0131t\u0131m b\u00f6lgelerine y\u00f6nelik yat\u0131r\u0131mlar\u0131yla \u00fclke ekonomisine katk\u0131da bulunmay\u0131 s\u00fcrd\u00fcrmektedir.<\/p>\n<p>Yay\u0131na Alan: Alperen ERTA\u015e-<a href=\"http:\/\/alperen.ertas@enerjigazetesi.ist\">alperen.ertas@enerjigazetesi.ist<\/a><\/p>","protected":false},"excerpt":{"rendered":"<p>Sorry, this entry is only available in Turkish. For the sake of viewer convenience, the content is shown below in the alternative language. You may click the link to switch the active language. D\u00fczce ve Ere\u011fli b\u00f6lgesinde do\u011fal gaz da\u011f\u0131t\u0131m hizmeti veren Aksa D\u00fczce Ere\u011fli Do\u011falgaz\u2019\u0131n yeni \u015eirket M\u00fcd\u00fcr\u00fc Evren Tepelio\u011flu oldu. T\u00fcrkiye\u2019nin lider, Avrupa\u2019n\u0131n [&hellip;]<\/p>\n","protected":false},"author":19,"featured_media":200647,"comment_status":"open","ping_status":"open","sticky":false,"template":"","format":"standard","meta":[],"categories":[46,53],"tags":[117175,117174],"views":11,"_links":{"self":[{"href":"https:\/\/www.enerjigazetesi.ist\/en\/wp-json\/wp\/v2\/posts\/200644"}],"collection":[{"href":"https:\/\/www.enerjigazetesi.ist\/en\/wp-json\/wp\/v2\/posts"}],"about":[{"href":"https:\/\/www.enerjigazetesi.ist\/en\/wp-json\/wp\/v2\/types\/post"}],"author":[{"embeddable":true,"href":"https:\/\/www.enerjigazetesi.ist\/en\/wp-json\/wp\/v2\/users\/19"}],"replies":[{"embeddable":true,"href":"https:\/\/www.enerjigazetesi.ist\/en\/wp-json\/wp\/v2\/comments?post=200644"}],"version-history":[{"count":0,"href":"https:\/\/www.enerjigazetesi.ist\/en\/wp-json\/wp\/v2\/posts\/200644\/revisions"}],"wp:featuredmedia":[{"embeddable":true,"href":"https:\/\/www.enerjigazetesi.ist\/en\/wp-json\/wp\/v2\/media\/200647"}],"wp:attachment":[{"href":"https:\/\/www.enerjigazetesi.ist\/en\/wp-json\/wp\/v2\/media?parent=200644"}],"wp:term":[{"taxonomy":"category","embeddable":true,"href":"https:\/\/www.enerjigazetesi.ist\/en\/wp-json\/wp\/v2\/categories?post=200644"},{"taxonomy":"post_tag","embeddable":true,"href":"https:\/\/www.enerjigazetesi.ist\/en\/wp-json\/wp\/v2\/tags?post=200644"}],"curies":[{"name":"wp","href":"https:\/\/api.w.org\/{rel}","templated":true}]}}