{"id":200604,"date":"2025-09-26T15:36:16","date_gmt":"2025-09-26T12:36:16","guid":{"rendered":"https:\/\/www.enerjigazetesi.ist\/?p=200604"},"modified":"2025-09-26T15:36:16","modified_gmt":"2025-09-26T12:36:16","slug":"fotovoltaik-arastirmalarinda-gucler-birlestiriliyor","status":"publish","type":"post","link":"https:\/\/www.enerjigazetesi.ist\/en\/fotovoltaik-arastirmalarinda-gucler-birlestiriliyor\/","title":{"rendered":"(Turkish) Fotovoltaik Ara\u015ft\u0131rmalar\u0131nda G\u00fc\u00e7ler Birle\u015ftiriliyor"},"content":{"rendered":"<p class=\"qtranxs-available-languages-message qtranxs-available-languages-message-en\">Sorry, this entry is only available in <a href=\"https:\/\/www.enerjigazetesi.ist\/tr\/wp-json\/wp\/v2\/posts\/200604\" class=\"qtranxs-available-language-link qtranxs-available-language-link-tr\" title=\"Turkish\">Turkish<\/a>. For the sake of viewer convenience, the content is shown below in the alternative language. You may click the link to switch the active language.<\/p><p><\/p>\n<h2><strong>O<\/strong><strong>rta Do\u011fu Teknik \u00dcniversitesi G\u00fcne\u015f Enerjisi Ara\u015ft\u0131rma ve Uygulama Merkezi (ODT\u00dc-G\u00dcNAM, Ankara) ile Almanya\u2019n\u0131n Freiburg kentinde bulunan Fraunhofer G\u00fcne\u015f Enerjisi Sistemleri Enstit\u00fcs\u00fc (Fraunhofer ISE), 42. Avrupa Fotovoltaik G\u00fcne\u015f Enerjisi Konferans\u0131 ve Sergisi (EU PVSEC 2025) kapsam\u0131nda bir Mutabakat Zapt\u0131 imzalad\u0131. \u0130ki ara\u015ft\u0131rma kurumu, uygulamal\u0131 g\u00fcne\u015f enerjisi (PV) ara\u015ft\u0131rmalar\u0131ndaki i\u015f birli\u011fini g\u00fc\u00e7lendirmeyi hedefliyor. Bu i\u015f birli\u011fi ile Avrupa\u2019da PV \u00fcr\u00fcnlerinin t\u00fcm de\u011fer zincirinde teknoloji transferi ve sanayile\u015fmenin h\u0131zland\u0131r\u0131lmas\u0131 ama\u00e7lan\u0131yor.<\/strong><\/h2>\n<p><img loading=\"lazy\" class=\"aligncenter wp-image-200605 size-full\" src=\"https:\/\/www.enerjigazetesi.ist\/wp-content\/uploads\/2025\/09\/gunam-1.jpg\" alt=\"\" width=\"550\" height=\"356\" srcset=\"https:\/\/www.enerjigazetesi.ist\/wp-content\/uploads\/2025\/09\/gunam-1.jpg 550w, https:\/\/www.enerjigazetesi.ist\/wp-content\/uploads\/2025\/09\/gunam-1-300x194.jpg 300w, https:\/\/www.enerjigazetesi.ist\/wp-content\/uploads\/2025\/09\/gunam-1-500x324.jpg 500w, https:\/\/www.enerjigazetesi.ist\/wp-content\/uploads\/2025\/09\/gunam-1-77x50.jpg 77w\" sizes=\"(max-width: 550px) 100vw, 550px\" \/><\/p>\n<p>\u0130\u015f birli\u011fi; PV \u00fcretim hatlar\u0131n\u0131n planlanmas\u0131 ve kurulumu, teknoloji yol haritalar\u0131 haz\u0131rlanmas\u0131, ekipman ve malzeme se\u00e7imi, prototipleme ve g\u00f6sterim projeleri, sertifikasyon ve test s\u00fcre\u00e7leri ile silikon gofret, h\u00fccre ve mod\u00fcllere y\u00f6nelik Ar-Ge \u00e7al\u0131\u015fmalar\u0131n\u0131 ve proses optimizasyonunu kaps\u0131yor.<\/p>\n<p>T\u00fcrkiye son y\u0131llarda fotovoltaik sekt\u00f6r\u00fcne \u00f6nemli yat\u0131r\u0131mlar yapt\u0131 ve bug\u00fcn Avrupa\u2019da birinci, d\u00fcnyada ise d\u00f6rd\u00fcnc\u00fc en y\u00fcksek PV mod\u00fcl \u00fcretim kapasitesine sahip konuma geldi. G\u00fcne\u015f h\u00fccresi \u00fcretiminin de yerli olarak geli\u015ftirilmesi i\u00e7in h\u00fck\u00fcmet, Y\u00fcksek Teknoloji Yat\u0131r\u0131m Program\u0131 (HIT-30) kapsam\u0131nda 2,5 milyar dolarl\u0131k destek b\u00fct\u00e7esi ay\u0131rd\u0131. Almanya ise fotovoltaik alan\u0131nda uzun bir ge\u00e7mi\u015fe sahip olmas\u0131na ra\u011fmen, \u00fcretim de\u011fer zincirinin erken a\u015famalar\u0131n\u0131 \u00fclkede tutmakta zorlan\u0131yor.<\/p>\n<p>\u201cUygulamal\u0131 ara\u015ft\u0131rmalar bo\u015flukta ger\u00e7ekle\u015fmez; PV end\u00fcstrisinden gelen geri bildirim d\u00f6ng\u00fclerine, onlar\u0131n ihtiya\u00e7 ve zorluklar\u0131n\u0131 anlamak i\u00e7in ihtiyac\u0131m\u0131z var\u201d diyen Fraunhofer ISE Direkt\u00f6r\u00fc Prof. Andreas Bett, \u201cODT\u00dc-G\u00dcNAM ile kurulacak etkile\u015fim ve T\u00fcrkiye PV end\u00fcstrisinden elde edilen deneyimler bizim i\u00e7in \u00e7ok de\u011ferli\u201d ifadelerini kulland\u0131.<\/p>\n<p>ODT\u00dc-G\u00dcNAM Silikon Fotovoltaikler B\u00f6l\u00fcm Koordinat\u00f6r\u00fc Prof. Ra\u015fit Turan ise \u015funlar\u0131 ekledi:<br \/>\n\u201cFraunhofer ISE, 40 y\u0131l\u0131 a\u015fk\u0131n s\u00fcredir g\u00fcne\u015f enerjisinin t\u00fcm alanlar\u0131nda ara\u015ft\u0131rma ve geli\u015ftirme \u00e7al\u0131\u015fmalar\u0131 y\u00fcr\u00fct\u00fcyor. \u0130lk bilimsel i\u015f birliklerimiz son derece ba\u015far\u0131l\u0131 ge\u00e7ti, bundan sonraki ortak ara\u015ft\u0131rma projelerini sab\u0131rs\u0131zl\u0131kla bekliyoruz.\u201d<\/p>\n<p>Ortaklar, birlikte at\u00f6lye \u00e7al\u0131\u015fmalar\u0131 ve e\u011fitim programlar\u0131 d\u00fczenleyecek, yeni teknolojilerin \u00f6l\u00e7eklendirilmeden \u00f6nce risklerini azaltmaya y\u00f6nelik pilot projeler geli\u015ftirecek, ulusal ve uluslararas\u0131 fonlara birlikte ba\u015fvuracak, pazar ara\u015ft\u0131rmalar\u0131 yapacak ve sanayi, akademi ve kamu payda\u015flar\u0131 ile daha geni\u015f bir etkile\u015fim y\u00fcr\u00fctecek.<\/p>\n<p>Bu kapsamda ilk etkinlik, \u201cT\u00fcrkiye\u2019de End\u00fcstriyel G\u00fcne\u015f H\u00fccresi ve Mod\u00fcl \u00dcretimi\u201d ba\u015fl\u0131kl\u0131 at\u00f6lye \u00e7al\u0131\u015fmas\u0131 olacak ve 30 Ekim 2025\u2019te ODT\u00dc-G\u00dcNAM\u2019da ger\u00e7ekle\u015ftirilecek. Ayr\u0131ca Mart 2026\u2019da ortak bir G\u00dcNAM\/ISE \u00e7al\u0131\u015ftay\u0131 planlan\u0131yor.<\/p>\n<p>\u00c7eviri:\u00a0<a href=\"https:\/\/www.solar.ist\/odtu-gunam-ve-fraunhofer-ise-fotovoltaik-arastirmalarinda-guclerini-birlestiriyor\/\">solar.ist<\/a><\/p>\n<p>Yay\u0131na Alan: Alperen ERTA\u015e-<a href=\"http:\/\/alperen.ertas@enerjigazetesi.ist\">alperen.ertas@enerjigazetesi.ist<\/a><\/p>","protected":false},"excerpt":{"rendered":"<p>Sorry, this entry is only available in Turkish. For the sake of viewer convenience, the content is shown below in the alternative language. You may click the link to switch the active language. Orta Do\u011fu Teknik \u00dcniversitesi G\u00fcne\u015f Enerjisi Ara\u015ft\u0131rma ve Uygulama Merkezi (ODT\u00dc-G\u00dcNAM, Ankara) ile Almanya\u2019n\u0131n Freiburg kentinde bulunan Fraunhofer G\u00fcne\u015f Enerjisi Sistemleri Enstit\u00fcs\u00fc [&hellip;]<\/p>\n","protected":false},"author":19,"featured_media":200605,"comment_status":"open","ping_status":"open","sticky":false,"template":"","format":"standard","meta":[],"categories":[53,49],"tags":[117167,117166],"views":9,"_links":{"self":[{"href":"https:\/\/www.enerjigazetesi.ist\/en\/wp-json\/wp\/v2\/posts\/200604"}],"collection":[{"href":"https:\/\/www.enerjigazetesi.ist\/en\/wp-json\/wp\/v2\/posts"}],"about":[{"href":"https:\/\/www.enerjigazetesi.ist\/en\/wp-json\/wp\/v2\/types\/post"}],"author":[{"embeddable":true,"href":"https:\/\/www.enerjigazetesi.ist\/en\/wp-json\/wp\/v2\/users\/19"}],"replies":[{"embeddable":true,"href":"https:\/\/www.enerjigazetesi.ist\/en\/wp-json\/wp\/v2\/comments?post=200604"}],"version-history":[{"count":0,"href":"https:\/\/www.enerjigazetesi.ist\/en\/wp-json\/wp\/v2\/posts\/200604\/revisions"}],"wp:featuredmedia":[{"embeddable":true,"href":"https:\/\/www.enerjigazetesi.ist\/en\/wp-json\/wp\/v2\/media\/200605"}],"wp:attachment":[{"href":"https:\/\/www.enerjigazetesi.ist\/en\/wp-json\/wp\/v2\/media?parent=200604"}],"wp:term":[{"taxonomy":"category","embeddable":true,"href":"https:\/\/www.enerjigazetesi.ist\/en\/wp-json\/wp\/v2\/categories?post=200604"},{"taxonomy":"post_tag","embeddable":true,"href":"https:\/\/www.enerjigazetesi.ist\/en\/wp-json\/wp\/v2\/tags?post=200604"}],"curies":[{"name":"wp","href":"https:\/\/api.w.org\/{rel}","templated":true}]}}