{"id":200590,"date":"2025-09-26T15:13:10","date_gmt":"2025-09-26T12:13:10","guid":{"rendered":"https:\/\/www.enerjigazetesi.ist\/?p=200590"},"modified":"2025-09-26T15:13:10","modified_gmt":"2025-09-26T12:13:10","slug":"hareket-turkiyenin-en-uzun-ruzgar-turbini-kanatlarini-tasidi","status":"publish","type":"post","link":"https:\/\/www.enerjigazetesi.ist\/en\/hareket-turkiyenin-en-uzun-ruzgar-turbini-kanatlarini-tasidi\/","title":{"rendered":"(Turkish) Hareket T\u00fcrkiye\u2019nin En Uzun R\u00fczg\u00e2r T\u00fcrbini Kanatlar\u0131n\u0131 Ta\u015f\u0131d\u0131"},"content":{"rendered":"<p class=\"qtranxs-available-languages-message qtranxs-available-languages-message-en\">Sorry, this entry is only available in <a href=\"https:\/\/www.enerjigazetesi.ist\/tr\/wp-json\/wp\/v2\/posts\/200590\" class=\"qtranxs-available-language-link qtranxs-available-language-link-tr\" title=\"Turkish\">Turkish<\/a>. For the sake of viewer convenience, the content is shown below in the alternative language. You may click the link to switch the active language.<\/p><p><\/p>\n<h2><strong>T\u00fcrkiye\u2019nin a\u011f\u0131r y\u00fck kald\u0131rma, proje ta\u015f\u0131mac\u0131l\u0131\u011f\u0131 ve y\u00fck m\u00fchendisli\u011fi alan\u0131nda lider firmas\u0131 Hareket, T\u00fcrkiye\u2019nin bug\u00fcne kadarki en uzun r\u00fczgar t\u00fcrbinini ta\u015f\u0131yarak yeni bir rekora daha imza att\u0131. Hareket, 90 metrelik r\u00fczgar t\u00fcrbini kanatlar\u0131n\u0131, hassas m\u00fchendislik yetenekleriyle 520 kilometrelik rota \u00fczerinden ba\u015far\u0131yla ta\u015f\u0131yarak montaj sahas\u0131na ula\u015ft\u0131rd\u0131. <\/strong><\/h2>\n<p><strong> <img loading=\"lazy\" class=\"aligncenter wp-image-200591 size-full\" src=\"https:\/\/www.enerjigazetesi.ist\/wp-content\/uploads\/2025\/09\/Hareket-Turkiyenin-En-Uzun-Ruzgar-Turbini-Kanatlarini-Tasidi-2.jpg\" alt=\"\" width=\"550\" height=\"309\" srcset=\"https:\/\/www.enerjigazetesi.ist\/wp-content\/uploads\/2025\/09\/Hareket-Turkiyenin-En-Uzun-Ruzgar-Turbini-Kanatlarini-Tasidi-2.jpg 550w, https:\/\/www.enerjigazetesi.ist\/wp-content\/uploads\/2025\/09\/Hareket-Turkiyenin-En-Uzun-Ruzgar-Turbini-Kanatlarini-Tasidi-2-300x169.jpg 300w, https:\/\/www.enerjigazetesi.ist\/wp-content\/uploads\/2025\/09\/Hareket-Turkiyenin-En-Uzun-Ruzgar-Turbini-Kanatlarini-Tasidi-2-500x281.jpg 500w, https:\/\/www.enerjigazetesi.ist\/wp-content\/uploads\/2025\/09\/Hareket-Turkiyenin-En-Uzun-Ruzgar-Turbini-Kanatlarini-Tasidi-2-80x45.jpg 80w\" sizes=\"(max-width: 550px) 100vw, 550px\" \/><\/strong><\/p>\n<p>R\u00fczgar enerjisi projeleriyle T\u00fcrkiye\u2019nin s\u00fcrd\u00fcr\u00fclebilir enerji d\u00f6n\u00fc\u015f\u00fcm\u00fcne katk\u0131 sa\u011flayan Hareket, 90 metrelik t\u00fcrbin kanat ta\u015f\u0131ma operasyonunda uygulad\u0131\u011f\u0131 m\u00fchendislik \u00e7\u00f6z\u00fcmleriyle sekt\u00f6re \u00f6nc\u00fc olmaya devam ediyor. Sekt\u00f6rde yeni bir rekor anlam\u0131na gelen \u00c7ank\u0131r\u0131 \u00c7erke\u015f\u2019teki proje kapsam\u0131nda, 90,29 metre uzunlu\u011funda ve 28,76 ton a\u011f\u0131rl\u0131\u011f\u0131ndaki dev kanatlar\u0131, 520 km\u2019lik bir g\u00fczerg\u00e2hta g\u00fcvenle ta\u015f\u0131yan Hareket, en a\u011f\u0131r par\u00e7as\u0131 88 ton olan toplam 15 r\u00fczgar t\u00fcrbininin komponentlerini de sorunsuz bir \u015fekilde sahaya ula\u015ft\u0131rd\u0131. Operasyon boyunca, lojistikte en y\u00fcksek g\u00fcvenlik ve verimlilik standartlar\u0131 g\u00f6zetilirken; yol sim\u00fclasyon \u00e7al\u0131\u015fmas\u0131, g\u00fczerg\u00e2h et\u00fcd\u00fc \u00e7al\u0131\u015fmalar\u0131, ters \u015ferit kullan\u0131m\u0131, tarihi k\u00f6pr\u00fcleri korumak i\u00e7in panel k\u00f6pr\u00fc uygulamalar\u0131 ve yol \u00fcst\u00fc modifikasyon operasyonlar\u0131 uzman ekipler taraf\u0131ndan ba\u015far\u0131yla tamamland\u0131.<\/p>\n<p>Hareket, 2007 y\u0131l\u0131ndan bu yana yenilenebilir enerji alan\u0131nda sundu\u011fu entegre ta\u015f\u0131ma, kurulum, montaj ve liman hizmetleriyle T\u00fcrkiye\u2019nin kurulu r\u00fczgar enerjisi kapasitesine 6.108,95 MW katk\u0131 sa\u011flad\u0131. T\u00fcrkiye\u2019de ortalama 5 milyon haneye Hareket\u2019in katk\u0131s\u0131 bulunan yenilenebilir enerji projeleriyle elektrik sa\u011flan\u0131yor.<\/p>\n<p>Yay\u0131na Alan: Alperen ERTA\u015e-<a href=\"http:\/\/alperen.ertas@enerjigazetesi.ist\">alperen.ertas@enerjigazetesi.ist<\/a><\/p>","protected":false},"excerpt":{"rendered":"<p>Sorry, this entry is only available in Turkish. For the sake of viewer convenience, the content is shown below in the alternative language. You may click the link to switch the active language. T\u00fcrkiye\u2019nin a\u011f\u0131r y\u00fck kald\u0131rma, proje ta\u015f\u0131mac\u0131l\u0131\u011f\u0131 ve y\u00fck m\u00fchendisli\u011fi alan\u0131nda lider firmas\u0131 Hareket, T\u00fcrkiye\u2019nin bug\u00fcne kadarki en uzun r\u00fczgar t\u00fcrbinini ta\u015f\u0131yarak yeni [&hellip;]<\/p>\n","protected":false},"author":19,"featured_media":200591,"comment_status":"open","ping_status":"open","sticky":false,"template":"","format":"standard","meta":[],"categories":[53,50],"tags":[65293,846],"views":12,"_links":{"self":[{"href":"https:\/\/www.enerjigazetesi.ist\/en\/wp-json\/wp\/v2\/posts\/200590"}],"collection":[{"href":"https:\/\/www.enerjigazetesi.ist\/en\/wp-json\/wp\/v2\/posts"}],"about":[{"href":"https:\/\/www.enerjigazetesi.ist\/en\/wp-json\/wp\/v2\/types\/post"}],"author":[{"embeddable":true,"href":"https:\/\/www.enerjigazetesi.ist\/en\/wp-json\/wp\/v2\/users\/19"}],"replies":[{"embeddable":true,"href":"https:\/\/www.enerjigazetesi.ist\/en\/wp-json\/wp\/v2\/comments?post=200590"}],"version-history":[{"count":0,"href":"https:\/\/www.enerjigazetesi.ist\/en\/wp-json\/wp\/v2\/posts\/200590\/revisions"}],"wp:featuredmedia":[{"embeddable":true,"href":"https:\/\/www.enerjigazetesi.ist\/en\/wp-json\/wp\/v2\/media\/200591"}],"wp:attachment":[{"href":"https:\/\/www.enerjigazetesi.ist\/en\/wp-json\/wp\/v2\/media?parent=200590"}],"wp:term":[{"taxonomy":"category","embeddable":true,"href":"https:\/\/www.enerjigazetesi.ist\/en\/wp-json\/wp\/v2\/categories?post=200590"},{"taxonomy":"post_tag","embeddable":true,"href":"https:\/\/www.enerjigazetesi.ist\/en\/wp-json\/wp\/v2\/tags?post=200590"}],"curies":[{"name":"wp","href":"https:\/\/api.w.org\/{rel}","templated":true}]}}