{"id":20057,"date":"2013-12-28T20:00:29","date_gmt":"2013-12-28T17:00:29","guid":{"rendered":"https:\/\/www.enerjigazetesi.ist\/?p=20057"},"modified":"2013-12-28T20:27:13","modified_gmt":"2013-12-28T17:27:13","slug":"ozbekistan-ilk-gunes-santralini-guney-kore-ile-yapacak","status":"publish","type":"post","link":"https:\/\/www.enerjigazetesi.ist\/en\/ozbekistan-ilk-gunes-santralini-guney-kore-ile-yapacak\/","title":{"rendered":"(Turkish) \u00d6zbekistan \u0130lk G\u00fcne\u015f Santralini G\u00fcney Kore \u0130le Yapacak&#8230;"},"content":{"rendered":"<p class=\"qtranxs-available-languages-message qtranxs-available-languages-message-en\">Sorry, this entry is only available in <a href=\"https:\/\/www.enerjigazetesi.ist\/tr\/wp-json\/wp\/v2\/posts\/20057\" class=\"qtranxs-available-language-link qtranxs-available-language-link-tr\" title=\"Turkish\">Turkish<\/a>. For the sake of viewer convenience, the content is shown below in the alternative language. You may click the link to switch the active language.<\/p><p><strong>\u00d6zbekistan ve G\u00fcney Kore y\u00f6netimleri 100 MW\u2019l\u0131k g\u00fcne\u015f enerjisi projesi i\u00e7in\u00a0 mutabakat imzalad\u0131lar. \u00d6zbekistan\u2019\u0131n ilk g\u00fcne\u015f enerjisi santralini G\u00fcney Kore <a href=\"https:\/\/www.enerjigazetesi.ist\/wp-content\/uploads\/2013\/12\/ozbekistan-ilk-gunes-santralini-guney-kore-ile-yapacak.jpg\"><img loading=\"lazy\" class=\"alignleft size-medium wp-image-20058\" title=\"ozbekistan-ilk-gunes-santralini-guney-kore-ile-yapacak\" src=\"https:\/\/www.enerjigazetesi.ist\/wp-content\/uploads\/2013\/12\/ozbekistan-ilk-gunes-santralini-guney-kore-ile-yapacak-300x198.jpg\" alt=\"\" width=\"300\" height=\"198\" srcset=\"https:\/\/www.enerjigazetesi.ist\/wp-content\/uploads\/2013\/12\/ozbekistan-ilk-gunes-santralini-guney-kore-ile-yapacak-300x198.jpg 300w, https:\/\/www.enerjigazetesi.ist\/wp-content\/uploads\/2013\/12\/ozbekistan-ilk-gunes-santralini-guney-kore-ile-yapacak-75x50.jpg 75w, https:\/\/www.enerjigazetesi.ist\/wp-content\/uploads\/2013\/12\/ozbekistan-ilk-gunes-santralini-guney-kore-ile-yapacak.jpg 378w\" sizes=\"(max-width: 300px) 100vw, 300px\" \/><\/a>i\u015fbirli\u011fi ile hayata\u00a0 ge\u00e7irece\u011fi a\u00e7\u0131kland\u0131.\u00a0<\/strong><\/p>\n<p>G\u00fcney Kore haber ajans\u0131 Yonhpa taraf\u0131ndan duyurulan habere g\u00f6re Seul ve\u00a0 Ta\u015fkent y\u00f6netimleri ge\u00e7en hafta Per\u015fembe g\u00fcn\u00fc yat\u0131r\u0131m ile ilgili bir mutabakat\u00a0 anla\u015fmas\u0131 imzalad\u0131lar.<\/p>\n<p>Anla\u015fma kapsam\u0131nda G\u00fcney Kore \u00d6zbekistan\u2019a teknolojik destek sa\u011flayacak,\u00a0 g\u00fcne\u015f enerjisi santralleri i\u00e7in en iyi konumlar\u0131n belirlenmesine y\u00f6nelik\u00a0 \u00e7al\u0131\u015fmalara \u00f6nc\u00fcl\u00fck edecek ve proje i\u00e7in G\u00fcney Kore Ekonomik Kalk\u0131nma \u0130\u015fbirli\u011fi\u00a0 Fonu arac\u0131l\u0131\u011f\u0131 ile 75 milyon ABD dolar\u0131 tutar\u0131nda kredi sa\u011flayacak.<\/p>\n<p>Semerkant b\u00f6lgesinde kurulacak olan santralin ve 2019 y\u0131l\u0131n\u0131n mart ay\u0131nda\u00a0 tamamlanarak devreye al\u0131nmas\u0131 planlan\u0131yor.<\/p>\n<p><strong>Haberin <a href=\"http:\/\/www.yesilekonomi.com\/finans\/ozbekistan-ilk-gunes-santralini-guney-kore-ile-yapacak\" target=\"_blank\">Devam\u0131 \u0130\u00e7in TIKLAYIN&gt;&gt;<\/a><\/strong><\/p>\n<p>Kaynak: Ye\u015fil Ekonomi<\/p>","protected":false},"excerpt":{"rendered":"<p>Sorry, this entry is only available in Turkish. For the sake of viewer convenience, the content is shown below in the alternative language. You may click the link to switch the active language.\u00d6zbekistan ve G\u00fcney Kore y\u00f6netimleri 100 MW\u2019l\u0131k g\u00fcne\u015f enerjisi projesi i\u00e7in\u00a0 mutabakat imzalad\u0131lar. \u00d6zbekistan\u2019\u0131n ilk g\u00fcne\u015f enerjisi santralini G\u00fcney Kore i\u015fbirli\u011fi ile hayata\u00a0 [&hellip;]<\/p>\n","protected":false},"author":1,"featured_media":20058,"comment_status":"open","ping_status":"open","sticky":false,"template":"","format":"standard","meta":[],"categories":[53,49],"tags":[63,67,1009,165,2326,227,13,2569,5363,10997],"views":701,"_links":{"self":[{"href":"https:\/\/www.enerjigazetesi.ist\/en\/wp-json\/wp\/v2\/posts\/20057"}],"collection":[{"href":"https:\/\/www.enerjigazetesi.ist\/en\/wp-json\/wp\/v2\/posts"}],"about":[{"href":"https:\/\/www.enerjigazetesi.ist\/en\/wp-json\/wp\/v2\/types\/post"}],"author":[{"embeddable":true,"href":"https:\/\/www.enerjigazetesi.ist\/en\/wp-json\/wp\/v2\/users\/1"}],"replies":[{"embeddable":true,"href":"https:\/\/www.enerjigazetesi.ist\/en\/wp-json\/wp\/v2\/comments?post=20057"}],"version-history":[{"count":1,"href":"https:\/\/www.enerjigazetesi.ist\/en\/wp-json\/wp\/v2\/posts\/20057\/revisions"}],"predecessor-version":[{"id":20059,"href":"https:\/\/www.enerjigazetesi.ist\/en\/wp-json\/wp\/v2\/posts\/20057\/revisions\/20059"}],"wp:featuredmedia":[{"embeddable":true,"href":"https:\/\/www.enerjigazetesi.ist\/en\/wp-json\/wp\/v2\/media\/20058"}],"wp:attachment":[{"href":"https:\/\/www.enerjigazetesi.ist\/en\/wp-json\/wp\/v2\/media?parent=20057"}],"wp:term":[{"taxonomy":"category","embeddable":true,"href":"https:\/\/www.enerjigazetesi.ist\/en\/wp-json\/wp\/v2\/categories?post=20057"},{"taxonomy":"post_tag","embeddable":true,"href":"https:\/\/www.enerjigazetesi.ist\/en\/wp-json\/wp\/v2\/tags?post=20057"}],"curies":[{"name":"wp","href":"https:\/\/api.w.org\/{rel}","templated":true}]}}