{"id":200560,"date":"2025-09-24T22:32:49","date_gmt":"2025-09-24T19:32:49","guid":{"rendered":"https:\/\/www.enerjigazetesi.ist\/?p=200560"},"modified":"2025-09-24T22:32:49","modified_gmt":"2025-09-24T19:32:49","slug":"termo-teknik-genel-muduru-ali-oraloglu-oldu","status":"publish","type":"post","link":"https:\/\/www.enerjigazetesi.ist\/en\/termo-teknik-genel-muduru-ali-oraloglu-oldu\/","title":{"rendered":"(Turkish) Termo Teknik Genel M\u00fcd\u00fcr\u00fc Ali Oralo\u011flu Oldu"},"content":{"rendered":"<p class=\"qtranxs-available-languages-message qtranxs-available-languages-message-en\">Sorry, this entry is only available in <a href=\"https:\/\/www.enerjigazetesi.ist\/tr\/wp-json\/wp\/v2\/posts\/200560\" class=\"qtranxs-available-language-link qtranxs-available-language-link-tr\" title=\"Turkish\">Turkish<\/a>. For the sake of viewer convenience, the content is shown below in the alternative language. You may click the link to switch the active language.<\/p><p><\/p>\n<h2>Radyat\u00f6r sistemleri alan\u0131nda d\u00fcnyan\u0131n lider \u015firketlerinden biri olan Termo Teknik\u2019te \u00fcst d\u00fczey atama ger\u00e7ekle\u015fti. \u015eirkette uzun y\u0131llard\u0131r \u00f6nemli g\u00f6revler \u00fcstlenen <strong>Ali Oralo\u011flu<\/strong><strong>,<\/strong> Termo Teknik Genel M\u00fcd\u00fcr\u00fc olarak atand\u0131.<\/h2>\n<p><img loading=\"lazy\" class=\"aligncenter wp-image-200561 size-full\" src=\"https:\/\/www.enerjigazetesi.ist\/wp-content\/uploads\/2025\/09\/Termo_Teknik_fabrika_123554454-1.jpg\" alt=\"\" width=\"550\" height=\"254\" srcset=\"https:\/\/www.enerjigazetesi.ist\/wp-content\/uploads\/2025\/09\/Termo_Teknik_fabrika_123554454-1.jpg 550w, https:\/\/www.enerjigazetesi.ist\/wp-content\/uploads\/2025\/09\/Termo_Teknik_fabrika_123554454-1-300x139.jpg 300w, https:\/\/www.enerjigazetesi.ist\/wp-content\/uploads\/2025\/09\/Termo_Teknik_fabrika_123554454-1-500x231.jpg 500w, https:\/\/www.enerjigazetesi.ist\/wp-content\/uploads\/2025\/09\/Termo_Teknik_fabrika_123554454-1-80x37.jpg 80w\" sizes=\"(max-width: 550px) 100vw, 550px\" \/><\/p>\n<p>Stelrad Group\u2019un T\u00fcrkiye i\u015ftiraki Termo Teknik\u2019in Genel M\u00fcd\u00fcrl\u00fc\u011f\u00fc g\u00f6revine, \u015firket i\u00e7i atamayla <strong>Ali Oralo\u011flu<\/strong> getirildi.<\/p>\n<p>Termo Teknik\u2019te uzun y\u0131llard\u0131r \u00f6nemli g\u00f6revler \u00fcstlenen <strong>Ali Oralo\u011flu,<\/strong> 2007 y\u0131l\u0131ndan bu yana D\u0131\u015f Ticaret Direkt\u00f6r\u00fc olarak s\u00fcrd\u00fcrd\u00fc\u011f\u00fc g\u00f6revinde, \u015firketin b\u00fcy\u00fcme yolculu\u011funa \u00f6nemli katk\u0131lar sa\u011flad\u0131.<\/p>\n<p><strong>Ali Oralo\u011flu<\/strong>, yeni g\u00f6reviyle ilgili \u015funlar\u0131 s\u00f6yledi: <em>\u201cAvrupa\u2019n\u0131n en b\u00fcy\u00fck radyat\u00f6r tedarik\u00e7isi Stelrad Group\u2019un T\u00fcrkiye\u2019deki i\u015ftiraki Termo Teknik\u2019in Genel M\u00fcd\u00fcrl\u00fck g\u00f6revini \u00fcstlenmekten b\u00fcy\u00fck bir gurur ve heyecan duyuyorum. Ekip arkada\u015flar\u0131m\u0131zla birlikte \u015firketimizin s\u00fcrd\u00fcr\u00fclebilir b\u00fcy\u00fcme hedeflerini yenilik\u00e7i stratejilerle peki\u015ftirerek hem sekt\u00f6r\u00fcm\u00fczde hem de m\u00fc\u015fterilerimiz nezdinde fark yaratmaya devam edece\u011fiz.\u201d<\/em> dedi.<\/p>\n<div id=\"attachment_200562\" style=\"width: 560px\" class=\"wp-caption aligncenter\"><img aria-describedby=\"caption-attachment-200562\" loading=\"lazy\" class=\"wp-image-200562 size-full\" src=\"https:\/\/www.enerjigazetesi.ist\/wp-content\/uploads\/2025\/09\/islkjhgfdsdfghjklkjhgfgggggggggggggg.jpg\" alt=\"\" width=\"550\" height=\"387\" srcset=\"https:\/\/www.enerjigazetesi.ist\/wp-content\/uploads\/2025\/09\/islkjhgfdsdfghjklkjhgfgggggggggggggg.jpg 550w, https:\/\/www.enerjigazetesi.ist\/wp-content\/uploads\/2025\/09\/islkjhgfdsdfghjklkjhgfgggggggggggggg-300x211.jpg 300w, https:\/\/www.enerjigazetesi.ist\/wp-content\/uploads\/2025\/09\/islkjhgfdsdfghjklkjhgfgggggggggggggg-500x352.jpg 500w, https:\/\/www.enerjigazetesi.ist\/wp-content\/uploads\/2025\/09\/islkjhgfdsdfghjklkjhgfgggggggggggggg-71x50.jpg 71w\" sizes=\"(max-width: 550px) 100vw, 550px\" \/><p id=\"caption-attachment-200562\" class=\"wp-caption-text\">Ali Oralo\u011flu<\/p><\/div>\n<h3><strong>Ali Oralo\u011flu kimdir?<\/strong><\/h3>\n<p>\u0130stanbul \u00dcniversitesi Ekonomi B\u00f6l\u00fcm\u00fc mezunu olan <strong>Ali Oralo\u011flu<\/strong>, Londra\u2019da bulunan Middlesex \u00dcniversitesi\u2019nde Pazarlama Y\u00f6netimi \u00fczerine y\u00fcksek lisans yapt\u0131.<\/p>\n<p>Is\u0131tma sekt\u00f6r\u00fcndeki kariyerine Termo Teknik\u2019te \u0130hracat M\u00fcd\u00fcr\u00fc olarak ba\u015flayan <strong>Ali Oralo\u011flu<\/strong>, sonras\u0131nda Stelrad Group\u2019ta Grup Pazarlama M\u00fcd\u00fcr\u00fc ve Termo Teknik \u2019te D\u0131\u015f Ticaret Direkt\u00f6r\u00fc olarak g\u00f6rev ald\u0131. <strong>Ali Oralo\u011flu<\/strong>, 19 A\u011fustos 2025 itibar\u0131yla da Termo Teknik\u2019e Genel M\u00fcd\u00fcr olarak atand\u0131.<\/p>\n<p>Yay\u0131na Alan: Alperen ERTA\u015e-<a href=\"http:\/\/alperen.ertas@enerjigazetesi.ist\">alperen.ertas@enerjigazetesi.ist<\/a><\/p>","protected":false},"excerpt":{"rendered":"<p>Sorry, this entry is only available in Turkish. For the sake of viewer convenience, the content is shown below in the alternative language. You may click the link to switch the active language. Radyat\u00f6r sistemleri alan\u0131nda d\u00fcnyan\u0131n lider \u015firketlerinden biri olan Termo Teknik\u2019te \u00fcst d\u00fczey atama ger\u00e7ekle\u015fti. \u015eirkette uzun y\u0131llard\u0131r \u00f6nemli g\u00f6revler \u00fcstlenen Ali Oralo\u011flu, [&hellip;]<\/p>\n","protected":false},"author":19,"featured_media":200561,"comment_status":"open","ping_status":"open","sticky":false,"template":"","format":"standard","meta":[],"categories":[46,53],"tags":[117159,117160],"views":7,"_links":{"self":[{"href":"https:\/\/www.enerjigazetesi.ist\/en\/wp-json\/wp\/v2\/posts\/200560"}],"collection":[{"href":"https:\/\/www.enerjigazetesi.ist\/en\/wp-json\/wp\/v2\/posts"}],"about":[{"href":"https:\/\/www.enerjigazetesi.ist\/en\/wp-json\/wp\/v2\/types\/post"}],"author":[{"embeddable":true,"href":"https:\/\/www.enerjigazetesi.ist\/en\/wp-json\/wp\/v2\/users\/19"}],"replies":[{"embeddable":true,"href":"https:\/\/www.enerjigazetesi.ist\/en\/wp-json\/wp\/v2\/comments?post=200560"}],"version-history":[{"count":0,"href":"https:\/\/www.enerjigazetesi.ist\/en\/wp-json\/wp\/v2\/posts\/200560\/revisions"}],"wp:featuredmedia":[{"embeddable":true,"href":"https:\/\/www.enerjigazetesi.ist\/en\/wp-json\/wp\/v2\/media\/200561"}],"wp:attachment":[{"href":"https:\/\/www.enerjigazetesi.ist\/en\/wp-json\/wp\/v2\/media?parent=200560"}],"wp:term":[{"taxonomy":"category","embeddable":true,"href":"https:\/\/www.enerjigazetesi.ist\/en\/wp-json\/wp\/v2\/categories?post=200560"},{"taxonomy":"post_tag","embeddable":true,"href":"https:\/\/www.enerjigazetesi.ist\/en\/wp-json\/wp\/v2\/tags?post=200560"}],"curies":[{"name":"wp","href":"https:\/\/api.w.org\/{rel}","templated":true}]}}