{"id":20038,"date":"2013-12-28T19:46:09","date_gmt":"2013-12-28T16:46:09","guid":{"rendered":"https:\/\/www.enerjigazetesi.ist\/?p=20038"},"modified":"2013-12-28T19:46:09","modified_gmt":"2013-12-28T16:46:09","slug":"bakan-yildiz-irak-merkezi-hukumetinin-hassasiyeti-dikkate-alinacak","status":"publish","type":"post","link":"https:\/\/www.enerjigazetesi.ist\/en\/bakan-yildiz-irak-merkezi-hukumetinin-hassasiyeti-dikkate-alinacak\/","title":{"rendered":"(Turkish) Bakan Y\u0131ld\u0131z: \u201cIrak Merkezi H\u00fck\u00fcmetinin Hassasiyeti Dikkate Al\u0131nacak&#8230;\u201d"},"content":{"rendered":"<p class=\"qtranxs-available-languages-message qtranxs-available-languages-message-en\">Sorry, this entry is only available in <a href=\"https:\/\/www.enerjigazetesi.ist\/tr\/wp-json\/wp\/v2\/posts\/20038\" class=\"qtranxs-available-language-link qtranxs-available-language-link-tr\" title=\"Turkish\">Turkish<\/a>. For the sake of viewer convenience, the content is shown below in the alternative language. You may click the link to switch the active language.<\/p><p><strong>Enerji ve Tabii Kaynaklar Bakan\u0131 Taner Y\u0131ld\u0131z, Kuzey Irak petrolleri konusunda Irak merkezi h\u00fck\u00fcmetinin hassasiyetinin dikkate al\u0131naca\u011f\u0131n\u0131 s\u00f6yledi. Enerji ve Tabii Kaynaklar Bakan\u0131 Taner Y\u0131ld\u0131z, Elektrik Da\u011f\u0131t\u0131m Hizmetleri (ELDER) Y\u00f6netim Kurulu \u00fcyeleriyle KCETA\u015e\u2019ta ger\u00e7ekle\u015ftirilen toplant\u0131 \u00f6ncesi gazetecilerin sorular\u0131n\u0131 cevaplad\u0131.<\/strong><\/p>\n<p>Bir gazetecinin, \u201cIrak K\u00fcrt B\u00f6lgesel Y\u00f6netimi\u2019yle Merkezi Y\u00f6netim Kuzey Irak petrol\u00fcn\u00fcn d\u00fcnya piyasalar\u0131na ta\u015f\u0131nmas\u0131yla ilgili mutabakata vard\u0131klar\u0131n\u0131 ilan ettiler. Bu geli\u015fmeye ili\u015fkin neler s\u00f6ylemek istersiniz?\u201d sorusuna Y\u0131ld\u0131z, \u201c3\u2032l\u00fc mekanizma ile ba\u015flam\u0131\u015ft\u0131. Irakl\u0131 karde\u015flerimiz, \u2018Biz geri kalan k\u0131sm\u0131n\u0131 kendi aram\u0131zda \u00e7\u00f6zeriz\u2019 diye s\u00f6ylediler ve Irak\u2019\u0131n tamam\u0131n\u0131 normalle\u015fmesiyle alakal\u0131 ve elde edilen her Petrol, do\u011falgaz gelirinin Irak\u2019a ait oldu\u011fu bir ortam yakalan\u0131yor. T\u00fcrkiye burada olumlu katk\u0131lar\u0131n\u0131 koymaya devam edecek ve Merkezi Irak H\u00fck\u00fcmeti\u2019nin hassasiyetlerine bu anla\u015ft\u0131klar\u0131 \u00e7e<a href=\"https:\/\/www.enerjigazetesi.ist\/wp-content\/uploads\/2013\/12\/bakan-yildiz-irak-merkezi-hukumetinin-hassasiyeti-dikkate-alinacak.jpg\"><img loading=\"lazy\" class=\"alignleft size-medium wp-image-20039\" title=\"bakan-yildiz-irak-merkezi-hukumetinin-hassasiyeti-dikkate-alinacak\" src=\"https:\/\/www.enerjigazetesi.ist\/wp-content\/uploads\/2013\/12\/bakan-yildiz-irak-merkezi-hukumetinin-hassasiyeti-dikkate-alinacak-300x212.jpg\" alt=\"\" width=\"300\" height=\"212\" srcset=\"https:\/\/www.enerjigazetesi.ist\/wp-content\/uploads\/2013\/12\/bakan-yildiz-irak-merkezi-hukumetinin-hassasiyeti-dikkate-alinacak-300x212.jpg 300w, https:\/\/www.enerjigazetesi.ist\/wp-content\/uploads\/2013\/12\/bakan-yildiz-irak-merkezi-hukumetinin-hassasiyeti-dikkate-alinacak-70x50.jpg 70w, https:\/\/www.enerjigazetesi.ist\/wp-content\/uploads\/2013\/12\/bakan-yildiz-irak-merkezi-hukumetinin-hassasiyeti-dikkate-alinacak.jpg 428w\" sizes=\"(max-width: 300px) 100vw, 300px\" \/><\/a>r\u00e7evede katk\u0131 koymaya T\u00fcrkiye devam edecek\u201d cevab\u0131n\u0131 verdi.<\/p>\n<p>Petrol gelirlerinin olu\u015faca\u011f\u0131 bir yap\u0131n\u0131n Irakl\u0131lar aras\u0131nda kuruldu\u011funa i\u015faret eden Y\u0131ld\u0131z, test \u00e7al\u0131\u015fmalar\u0131n\u0131n bitti\u011fini ve bununla alakal\u0131 Merkezi Irak H\u00fck\u00fcmeti\u2019nden kendilerinin tayin edece\u011fi bir elemanla beraber buradaki miktarlar\u0131n tespit edilece\u011fini hat\u0131rlatt\u0131. Y\u0131ld\u0131z, \u201c2014 y\u0131l\u0131na petrol\u00fcn al\u0131\u015f\u0131k olmad\u0131\u011f\u0131 bir bi\u00e7imde bar\u0131\u015f\u0131n gerek\u00e7esi olarak kullan\u0131lmas\u0131n\u0131 sa\u011flam\u0131\u015f olacakt\u0131r. T\u00fcrkiye ile Ankara ile Ba\u011fdat her zamankinden daha fazla yak\u0131nla\u015facakt\u0131r\u201d ifadelerini kulland\u0131.<\/p>\n<p>Halk Bankas\u0131\u2019n\u0131n durumunun s\u00fcreci etkilemeyece\u011fine dikkat \u00e7ekerek, \u201cHer ne kadar finansman yap\u0131s\u0131 a\u00e7\u0131s\u0131ndan etkilenmi\u015f olsa da kurumsal yap\u0131 itibar\u0131yla etkilenmeden yine normal bankac\u0131l\u0131k faaliyetiyle beraber kamu bankas\u0131nda toplanacak olan mevduat\u0131 Irakl\u0131 karde\u015flerimizle birlikte tasarrufta olacak. O y\u00fczden yol haritam\u0131zda herhangi bir de\u011fi\u015fiklik bulunmamaktad\u0131r\u201d dedi.<\/p>\n<p>TANAP\u2019taki hisse art\u0131\u015f\u0131n\u0131n sorulmas\u0131 \u00fczerine Y\u0131ld\u0131z, \u201cT\u00fcrkiye\u2019nin enerji politikalar\u0131nda Irak a\u00e7\u0131l\u0131m\u0131ndan sonra, bununla yetinmeyip Hazar petrol\u00fcyle ilgili yeni a\u00e7\u0131l\u0131mlar\u0131 hedefliyoruz. Bunlar\u0131n en \u00f6nemli ayaklar\u0131ndan bir tanesi, TANAP\u2019taki hisselerimizi y\u00fczde 30\u2032a \u00e7\u0131kart\u0131yoruz\u201d diye konu\u015ftu. T\u00fcketici olma hasebiyle ta\u015f\u0131ma \u00fccretinin \u00f6denece\u011fini ve bu \u00fccretten kar elde edilece\u011fini anlatan Y\u0131ld\u0131z, yakla\u015f\u0131k 2 milyon tonluk \u00e7elik borunun kullan\u0131laca\u011f\u0131n\u0131 ve istihdam\u0131n 5 bin ki\u015filerde olaca\u011f\u0131n\u0131 ve istihdam edilen ki\u015filerin 4 y\u0131l boyunca \u00e7al\u0131\u015ft\u0131r\u0131laca\u011f\u0131 bir ortam\u0131n olu\u015fturuldu\u011funu ifade etti. Bu boru hatt\u0131n\u0131n 19 ilden ge\u00e7ece\u011fini hat\u0131rlatan Y\u0131ld\u0131z, 19 ilde istihdam\u0131n hareketlendirilmesiyle ilgili i\u015flemlerin yap\u0131laca\u011f\u0131n\u0131 dile getirdi. Bu konuda b\u00fct\u00fcn taraflar\u0131n m\u00fcsterih olmas\u0131 gerekti\u011fine i\u015faret eden Y\u0131ld\u0131z, T\u00fcrkiye\u2019nin bir\u00e7ok badirelerden ge\u00e7ti\u011fini belirtti.<\/p>\n<p>Kaynak: <a href=\"http:\/\/enerjienstitusu.com\/2013\/12\/27\/bakan-yildiz-irak-merkezi-hukumetinin-hassasiyeti-dikkate-alinacak\/\" target=\"_blank\">Enerji Enstit\u00fcs\u00fc<\/a><\/p>","protected":false},"excerpt":{"rendered":"<p>Sorry, this entry is only available in Turkish. For the sake of viewer convenience, the content is shown below in the alternative language. You may click the link to switch the active language.Enerji ve Tabii Kaynaklar Bakan\u0131 Taner Y\u0131ld\u0131z, Kuzey Irak petrolleri konusunda Irak merkezi h\u00fck\u00fcmetinin hassasiyetinin dikkate al\u0131naca\u011f\u0131n\u0131 s\u00f6yledi. Enerji ve Tabii Kaynaklar Bakan\u0131 [&hellip;]<\/p>\n","protected":false},"author":1,"featured_media":20039,"comment_status":"open","ping_status":"open","sticky":false,"template":"","format":"standard","meta":[],"categories":[53,44],"tags":[710,63,67,1009,165,11656,945,11657,59,79,667,846],"views":640,"_links":{"self":[{"href":"https:\/\/www.enerjigazetesi.ist\/en\/wp-json\/wp\/v2\/posts\/20038"}],"collection":[{"href":"https:\/\/www.enerjigazetesi.ist\/en\/wp-json\/wp\/v2\/posts"}],"about":[{"href":"https:\/\/www.enerjigazetesi.ist\/en\/wp-json\/wp\/v2\/types\/post"}],"author":[{"embeddable":true,"href":"https:\/\/www.enerjigazetesi.ist\/en\/wp-json\/wp\/v2\/users\/1"}],"replies":[{"embeddable":true,"href":"https:\/\/www.enerjigazetesi.ist\/en\/wp-json\/wp\/v2\/comments?post=20038"}],"version-history":[{"count":1,"href":"https:\/\/www.enerjigazetesi.ist\/en\/wp-json\/wp\/v2\/posts\/20038\/revisions"}],"predecessor-version":[{"id":20040,"href":"https:\/\/www.enerjigazetesi.ist\/en\/wp-json\/wp\/v2\/posts\/20038\/revisions\/20040"}],"wp:featuredmedia":[{"embeddable":true,"href":"https:\/\/www.enerjigazetesi.ist\/en\/wp-json\/wp\/v2\/media\/20039"}],"wp:attachment":[{"href":"https:\/\/www.enerjigazetesi.ist\/en\/wp-json\/wp\/v2\/media?parent=20038"}],"wp:term":[{"taxonomy":"category","embeddable":true,"href":"https:\/\/www.enerjigazetesi.ist\/en\/wp-json\/wp\/v2\/categories?post=20038"},{"taxonomy":"post_tag","embeddable":true,"href":"https:\/\/www.enerjigazetesi.ist\/en\/wp-json\/wp\/v2\/tags?post=20038"}],"curies":[{"name":"wp","href":"https:\/\/api.w.org\/{rel}","templated":true}]}}