{"id":200362,"date":"2025-09-17T23:08:40","date_gmt":"2025-09-17T20:08:40","guid":{"rendered":"https:\/\/www.enerjigazetesi.ist\/?p=200362"},"modified":"2025-09-17T23:08:40","modified_gmt":"2025-09-17T20:08:40","slug":"oedas-64-calisaniyla-frig-ultra-maratonunda-kostu","status":"publish","type":"post","link":"https:\/\/www.enerjigazetesi.ist\/en\/oedas-64-calisaniyla-frig-ultra-maratonunda-kostu\/","title":{"rendered":"(Turkish) &#8217;OEDA\u015e&#8217; 64 \u00c7al\u0131\u015fan\u0131yla Frig Ultra Maratonu\u2019nda Ko\u015ftu"},"content":{"rendered":"<p class=\"qtranxs-available-languages-message qtranxs-available-languages-message-en\">Sorry, this entry is only available in <a href=\"https:\/\/www.enerjigazetesi.ist\/tr\/wp-json\/wp\/v2\/posts\/200362\" class=\"qtranxs-available-language-link qtranxs-available-language-link-tr\" title=\"Turkish\">Turkish<\/a>. For the sake of viewer convenience, the content is shown below in the alternative language. You may click the link to switch the active language.<\/p><p><\/p>\n<h2><strong>Elektrik da\u011f\u0131t\u0131m \u015firketi OEDA\u015e, binlerce y\u0131ll\u0131k tarihin ve e\u015fsiz do\u011fal g\u00fczelliklerin i\u00e7inde ko\u015fulan Frig Ultra Maratonu\u2019na kat\u0131ld\u0131. Yar\u0131\u015fmaya OEDA\u015e ad\u0131na kat\u0131lan 64 ki\u015finin tamam\u0131 etaplar\u0131n\u0131 ba\u015far\u0131yla tamamlad\u0131. OEDA\u015e Direkt\u00f6r\u00fc Muzaffer Yal\u00e7\u0131n, <em>\u201cOEDA\u015e olarak Frig Vadisi\u2019nin korunmas\u0131 ve gelecek nesillere aktar\u0131lmas\u0131 i\u00e7in bir yandan altyap\u0131 ve ayd\u0131nlatma \u00e7al\u0131\u015fmalar\u0131 yaparken di\u011fer yandan da b\u00f6lgenin tan\u0131t\u0131m\u0131na katk\u0131 sa\u011flayan bu \u00f6nemli projede her y\u0131l g\u00f6n\u00fcll\u00fc olarak yer al\u0131yoruz.\u201d<\/em> dedi.<\/strong><\/h2>\n<p><strong> <img loading=\"lazy\" class=\"size-full wp-image-200363 aligncenter\" src=\"https:\/\/www.enerjigazetesi.ist\/wp-content\/uploads\/2025\/09\/OEDAS_Gorsel-1.jpg\" alt=\"\" width=\"550\" height=\"309\" srcset=\"https:\/\/www.enerjigazetesi.ist\/wp-content\/uploads\/2025\/09\/OEDAS_Gorsel-1.jpg 550w, https:\/\/www.enerjigazetesi.ist\/wp-content\/uploads\/2025\/09\/OEDAS_Gorsel-1-300x169.jpg 300w, https:\/\/www.enerjigazetesi.ist\/wp-content\/uploads\/2025\/09\/OEDAS_Gorsel-1-500x281.jpg 500w, https:\/\/www.enerjigazetesi.ist\/wp-content\/uploads\/2025\/09\/OEDAS_Gorsel-1-80x45.jpg 80w\" sizes=\"(max-width: 550px) 100vw, 550px\" \/><\/strong><\/p>\n<p>Afyonkarahisar, Bilecik, Eski\u015fehir, K\u00fctahya ve U\u015fak\u2019ta elektrik da\u011f\u0131t\u0131m hizmeti veren <strong>Osmangazi Elektrik Da\u011f\u0131t\u0131m A\u015e (OEDA\u015e)<\/strong>, k\u00fclt\u00fcrel miras\u0131n korunmas\u0131 ve tan\u0131t\u0131lmas\u0131na verdi\u011fi deste\u011fi, Frig Ultra Maratonu\u2019na kat\u0131larak bir kez daha g\u00f6sterdi. \u015eirketin g\u00f6n\u00fcll\u00fc \u00e7al\u0131\u015fanlar\u0131ndan 63\u2019\u00fc 6 kilometrelik, 1\u2019i ise 22 kilometrelik parkurda m\u00fccadele etti. Kat\u0131l\u0131mc\u0131lar\u0131n tamam\u0131 parkurlar\u0131n\u0131 ba\u015far\u0131yla tamamlad\u0131.<\/p>\n<div id=\"attachment_200364\" style=\"width: 560px\" class=\"wp-caption aligncenter\"><img aria-describedby=\"caption-attachment-200364\" loading=\"lazy\" class=\"wp-image-200364\" src=\"https:\/\/www.enerjigazetesi.ist\/wp-content\/uploads\/2025\/09\/jpg23456.jpg\" alt=\"\" width=\"550\" height=\"559\" srcset=\"https:\/\/www.enerjigazetesi.ist\/wp-content\/uploads\/2025\/09\/jpg23456.jpg 472w, https:\/\/www.enerjigazetesi.ist\/wp-content\/uploads\/2025\/09\/jpg23456-295x300.jpg 295w, https:\/\/www.enerjigazetesi.ist\/wp-content\/uploads\/2025\/09\/jpg23456-393x400.jpg 393w, https:\/\/www.enerjigazetesi.ist\/wp-content\/uploads\/2025\/09\/jpg23456-49x50.jpg 49w\" sizes=\"(max-width: 550px) 100vw, 550px\" \/><p id=\"caption-attachment-200364\" class=\"wp-caption-text\">OEDA\u015e Direkt\u00f6r\u00fc Muzaffer Yal\u00e7\u0131n<\/p><\/div>\n<h3><strong>Muzaffer Yal\u00e7\u0131n: \u201cB\u00f6lgenin gelecek nesillere aktar\u0131lmas\u0131 i\u00e7in \u00e7al\u0131\u015f\u0131yoruz\u201d<\/strong><\/h3>\n<p><strong>OEDA\u015e Direkt\u00f6r\u00fc Muzaffer Yal\u00e7\u0131n<\/strong>, \u201c<em>Frig Vadisi\u2019nin korunmas\u0131 ve gelecek nesillere aktar\u0131lmas\u0131 i\u00e7in altyap\u0131 ve ayd\u0131nlatma projeleri y\u00fcr\u00fct\u00fcyor, ayn\u0131 zamanda b\u00f6lgenin tan\u0131t\u0131m\u0131na katk\u0131 sa\u011flayacak \u00e7al\u0131\u015fmalara da \u00f6nem veriyoruz. Her y\u0131l g\u00f6n\u00fcll\u00fc olarak Frig Ultra Maratonu\u2019na kat\u0131lan \u00e7al\u0131\u015fma arkada\u015flar\u0131m\u0131z da bu yakla\u015f\u0131m\u0131m\u0131za de\u011ferli bir katk\u0131 sunuyor. Arkada\u015flar\u0131m\u0131z\u0131n yo\u011fun ilgisinden de b\u00fcy\u00fck memnuniyet duyuyoruz \u00e7\u00fcnk\u00fc bu durum hem ekip ruhumuzu g\u00fc\u00e7lendiriyor hem de b\u00f6lgeyle olan ba\u011f\u0131m\u0131z\u0131 peki\u015ftiriyor. Bu y\u0131l da ayn\u0131 heyecanla ko\u015fan t\u00fcm \u00e7al\u0131\u015fma arkada\u015flar\u0131ma te\u015fekk\u00fcr ediyorum.\u201d<\/em> dedi.<\/p>\n<h3><strong>OEDA\u015e Tarihi Ayd\u0131nlat\u0131yor <\/strong><\/h3>\n<p>OEDA\u015e, hizmet b\u00f6lgesinde tarihi ve k\u00fclt\u00fcrel miras\u0131n korunmas\u0131 i\u00e7in yap\u0131lan \u00e7al\u0131\u015fmalarda aktif rol \u00fcstleniyor. 2021 y\u0131l\u0131nda \u2018OEDA\u015e Tarihi Ayd\u0131nlat\u0131yor\u2019 slogan\u0131yla \u00e7al\u0131\u015fmalar\u0131na ba\u015flayan \u015firket, Frig Vadisi\u2019nin elektrik altyap\u0131s\u0131n\u0131, Aizanoi Antik Kenti\u2019nin ise ayd\u0131nlatmas\u0131n\u0131 ger\u00e7ekle\u015ftirdi.<\/p>\n<p>Yay\u0131na Alan: Alperen ERTA\u015e-<a href=\"http:\/\/alperen.ertas@enerjigazetesi.ist\">alperen.ertas@enerjigazetesi.ist<\/a><\/p>","protected":false},"excerpt":{"rendered":"<p>Sorry, this entry is only available in Turkish. For the sake of viewer convenience, the content is shown below in the alternative language. You may click the link to switch the active language. Elektrik da\u011f\u0131t\u0131m \u015firketi OEDA\u015e, binlerce y\u0131ll\u0131k tarihin ve e\u015fsiz do\u011fal g\u00fczelliklerin i\u00e7inde ko\u015fulan Frig Ultra Maratonu\u2019na kat\u0131ld\u0131. Yar\u0131\u015fmaya OEDA\u015e ad\u0131na kat\u0131lan 64 [&hellip;]<\/p>\n","protected":false},"author":19,"featured_media":200363,"comment_status":"open","ping_status":"open","sticky":false,"template":"","format":"standard","meta":[],"categories":[51,53],"tags":[117042,117142],"views":9,"_links":{"self":[{"href":"https:\/\/www.enerjigazetesi.ist\/en\/wp-json\/wp\/v2\/posts\/200362"}],"collection":[{"href":"https:\/\/www.enerjigazetesi.ist\/en\/wp-json\/wp\/v2\/posts"}],"about":[{"href":"https:\/\/www.enerjigazetesi.ist\/en\/wp-json\/wp\/v2\/types\/post"}],"author":[{"embeddable":true,"href":"https:\/\/www.enerjigazetesi.ist\/en\/wp-json\/wp\/v2\/users\/19"}],"replies":[{"embeddable":true,"href":"https:\/\/www.enerjigazetesi.ist\/en\/wp-json\/wp\/v2\/comments?post=200362"}],"version-history":[{"count":0,"href":"https:\/\/www.enerjigazetesi.ist\/en\/wp-json\/wp\/v2\/posts\/200362\/revisions"}],"wp:featuredmedia":[{"embeddable":true,"href":"https:\/\/www.enerjigazetesi.ist\/en\/wp-json\/wp\/v2\/media\/200363"}],"wp:attachment":[{"href":"https:\/\/www.enerjigazetesi.ist\/en\/wp-json\/wp\/v2\/media?parent=200362"}],"wp:term":[{"taxonomy":"category","embeddable":true,"href":"https:\/\/www.enerjigazetesi.ist\/en\/wp-json\/wp\/v2\/categories?post=200362"},{"taxonomy":"post_tag","embeddable":true,"href":"https:\/\/www.enerjigazetesi.ist\/en\/wp-json\/wp\/v2\/tags?post=200362"}],"curies":[{"name":"wp","href":"https:\/\/api.w.org\/{rel}","templated":true}]}}