{"id":200338,"date":"2025-09-17T22:16:17","date_gmt":"2025-09-17T19:16:17","guid":{"rendered":"https:\/\/www.enerjigazetesi.ist\/?p=200338"},"modified":"2025-09-17T22:16:17","modified_gmt":"2025-09-17T19:16:17","slug":"alpette-stratejik-atama","status":"publish","type":"post","link":"https:\/\/www.enerjigazetesi.ist\/en\/alpette-stratejik-atama\/","title":{"rendered":"(Turkish) ALPET\u2019te Stratejik Atama"},"content":{"rendered":"<p class=\"qtranxs-available-languages-message qtranxs-available-languages-message-en\">Sorry, this entry is only available in <a href=\"https:\/\/www.enerjigazetesi.ist\/tr\/wp-json\/wp\/v2\/posts\/200338\" class=\"qtranxs-available-language-link qtranxs-available-language-link-tr\" title=\"Turkish\">Turkish<\/a>. For the sake of viewer convenience, the content is shown below in the alternative language. You may click the link to switch the active language.<\/p><p><\/p>\n<h2>ALPET\u2019te Stratejik Atama: Mehmet Ayd\u0131n \u00d6zdemir, Sat\u0131\u015f ve Yat\u0131r\u0131mlar\u2019dan Sorumlu Genel M\u00fcd\u00fcr Yard\u0131mc\u0131s\u0131 Olarak G\u00f6revine Ba\u015flad\u0131.<\/h2>\n<p><img loading=\"lazy\" class=\"aligncenter wp-image-200341 size-full\" src=\"https:\/\/www.enerjigazetesi.ist\/wp-content\/uploads\/2025\/09\/Mehmet-Aydin-Ozdemir.jpg\" alt=\"\" width=\"550\" height=\"433\" srcset=\"https:\/\/www.enerjigazetesi.ist\/wp-content\/uploads\/2025\/09\/Mehmet-Aydin-Ozdemir.jpg 550w, https:\/\/www.enerjigazetesi.ist\/wp-content\/uploads\/2025\/09\/Mehmet-Aydin-Ozdemir-300x236.jpg 300w, https:\/\/www.enerjigazetesi.ist\/wp-content\/uploads\/2025\/09\/Mehmet-Aydin-Ozdemir-500x394.jpg 500w, https:\/\/www.enerjigazetesi.ist\/wp-content\/uploads\/2025\/09\/Mehmet-Aydin-Ozdemir-64x50.jpg 64w\" sizes=\"(max-width: 550px) 100vw, 550px\" \/><br \/>\nAlpet, b\u00fcy\u00fcme vizyonu ve yat\u0131r\u0131mlar\u0131n\u0131 g\u00fc\u00e7lendirecek stratejik bir atama ger\u00e7ekle\u015ftirdi. Akaryak\u0131t sekt\u00f6r\u00fcnde 26 y\u0131ll\u0131k k\u00f6kl\u00fc bir deneyime sahip olan <strong>Mehmet Ayd\u0131n \u00d6zdemir<\/strong>, 11 Eyl\u00fcl itibar\u0131yla Sat\u0131\u015f ve Yat\u0131r\u0131mlar\u2019dan Sorumlu Genel M\u00fcd\u00fcr Yard\u0131mc\u0131s\u0131 olarak Alpet ailesine kat\u0131ld\u0131.<br \/>\nSekt\u00f6rdeki uzun y\u0131llara dayanan bilgi birikimi, sat\u0131\u015f ve yat\u0131r\u0131m alan\u0131ndaki ba\u015far\u0131lar\u0131yla \u00f6ne \u00e7\u0131kan \u00d6zdemir, Alpet\u2019in s\u00fcrd\u00fcr\u00fclebilir b\u00fcy\u00fcme hedefleri do\u011frultusunda bayi a\u011f\u0131n\u0131n geni\u015fletilmesi, yeni yat\u0131r\u0131mlar\u0131n hayata ge\u00e7irilmesi ve sat\u0131\u015f stratejilerinin g\u00fc\u00e7lendirilmesinde kilit bir rol<br \/>\n\u00fcstlenecek.<\/p>\n<p>Bu \u00f6nemli atama ile birlikte Alpet, hem ulusal pazardaki g\u00fc\u00e7l\u00fc konumunu peki\u015ftirmeyi hem de yenilik\u00e7i yat\u0131r\u0131m vizyonunu ileri ta\u015f\u0131may\u0131 hedefliyor<\/p>\n<p>Yay\u0131na Alan: Alperen ERTA\u015e-<a href=\"http:\/\/alperen.ertas@enerjigazetesi.ist\">alperen.ertas@enerjigazetesi.ist<\/a><\/p>","protected":false},"excerpt":{"rendered":"<p>Sorry, this entry is only available in Turkish. For the sake of viewer convenience, the content is shown below in the alternative language. You may click the link to switch the active language. ALPET\u2019te Stratejik Atama: Mehmet Ayd\u0131n \u00d6zdemir, Sat\u0131\u015f ve Yat\u0131r\u0131mlar\u2019dan Sorumlu Genel M\u00fcd\u00fcr Yard\u0131mc\u0131s\u0131 Olarak G\u00f6revine Ba\u015flad\u0131. Alpet, b\u00fcy\u00fcme vizyonu ve yat\u0131r\u0131mlar\u0131n\u0131 g\u00fc\u00e7lendirecek [&hellip;]<\/p>\n","protected":false},"author":19,"featured_media":200341,"comment_status":"open","ping_status":"open","sticky":false,"template":"","format":"standard","meta":[],"categories":[53,44],"tags":[117135,117136],"views":19,"_links":{"self":[{"href":"https:\/\/www.enerjigazetesi.ist\/en\/wp-json\/wp\/v2\/posts\/200338"}],"collection":[{"href":"https:\/\/www.enerjigazetesi.ist\/en\/wp-json\/wp\/v2\/posts"}],"about":[{"href":"https:\/\/www.enerjigazetesi.ist\/en\/wp-json\/wp\/v2\/types\/post"}],"author":[{"embeddable":true,"href":"https:\/\/www.enerjigazetesi.ist\/en\/wp-json\/wp\/v2\/users\/19"}],"replies":[{"embeddable":true,"href":"https:\/\/www.enerjigazetesi.ist\/en\/wp-json\/wp\/v2\/comments?post=200338"}],"version-history":[{"count":0,"href":"https:\/\/www.enerjigazetesi.ist\/en\/wp-json\/wp\/v2\/posts\/200338\/revisions"}],"wp:featuredmedia":[{"embeddable":true,"href":"https:\/\/www.enerjigazetesi.ist\/en\/wp-json\/wp\/v2\/media\/200341"}],"wp:attachment":[{"href":"https:\/\/www.enerjigazetesi.ist\/en\/wp-json\/wp\/v2\/media?parent=200338"}],"wp:term":[{"taxonomy":"category","embeddable":true,"href":"https:\/\/www.enerjigazetesi.ist\/en\/wp-json\/wp\/v2\/categories?post=200338"},{"taxonomy":"post_tag","embeddable":true,"href":"https:\/\/www.enerjigazetesi.ist\/en\/wp-json\/wp\/v2\/tags?post=200338"}],"curies":[{"name":"wp","href":"https:\/\/api.w.org\/{rel}","templated":true}]}}