{"id":200294,"date":"2025-09-17T00:24:50","date_gmt":"2025-09-16T21:24:50","guid":{"rendered":"https:\/\/www.enerjigazetesi.ist\/?p=200294"},"modified":"2025-09-17T00:24:50","modified_gmt":"2025-09-16T21:24:50","slug":"beta-enerji-fabrika-yatiriminin-ilk-etabini-devreye-aldi","status":"publish","type":"post","link":"https:\/\/www.enerjigazetesi.ist\/en\/beta-enerji-fabrika-yatiriminin-ilk-etabini-devreye-aldi\/","title":{"rendered":"(Turkish) Beta Enerji Fabrika Yat\u0131r\u0131m\u0131n\u0131n \u0130lk Etab\u0131n\u0131 Devreye Ald\u0131"},"content":{"rendered":"<p class=\"qtranxs-available-languages-message qtranxs-available-languages-message-en\">Sorry, this entry is only available in <a href=\"https:\/\/www.enerjigazetesi.ist\/tr\/wp-json\/wp\/v2\/posts\/200294\" class=\"qtranxs-available-language-link qtranxs-available-language-link-tr\" title=\"Turkish\">Turkish<\/a>. For the sake of viewer convenience, the content is shown below in the alternative language. You may click the link to switch the active language.<\/p><p><\/p>\n<h2><strong>Elektrifikasyon sekt\u00f6r\u00fcnde ihtisasla\u015fm\u0131\u015f yap\u0131s\u0131yla \u00f6ne \u00e7\u0131kan ve T\u00fcrkiye\u2019nin \u00f6nde gelen transformat\u00f6r \u00fcreticilerinden Beta Enerji, Adana\u2019da 130 milyon dolarl\u0131k yat\u0131r\u0131mla hayata ge\u00e7irdi\u011fi yeni kamp\u00fcs\u00fcn\u00fcn ilk etab\u0131n\u0131 devreye ald\u0131. Beta Enerji <\/strong><strong>Y\u00f6netim Kurulu \u00dcyesi ve \u0130cra Kurulu Ba\u015fkan\u0131 Yusuf Cenk Da\u011fsuyu <\/strong><strong>bu yat\u0131r\u0131mla 420 milyon dolar ciro, 240 milyon dolar da ihracat hedeflediklerini a\u00e7\u0131klayarak \u00a0Beta Enerji ve Teknoloji Kamp\u00fcs\u00fc\u2019n\u00fcn b\u00f6lge ekonomisine ve istihdam\u0131na da de\u011fer kataca\u011f\u0131n\u0131 belirtti.<\/strong><\/h2>\n<p><strong> <img loading=\"lazy\" class=\"aligncenter wp-image-200295 size-full\" src=\"https:\/\/www.enerjigazetesi.ist\/wp-content\/uploads\/2025\/09\/kampus_drone.jpg\" alt=\"\" width=\"550\" height=\"309\" srcset=\"https:\/\/www.enerjigazetesi.ist\/wp-content\/uploads\/2025\/09\/kampus_drone.jpg 550w, https:\/\/www.enerjigazetesi.ist\/wp-content\/uploads\/2025\/09\/kampus_drone-300x169.jpg 300w, https:\/\/www.enerjigazetesi.ist\/wp-content\/uploads\/2025\/09\/kampus_drone-500x281.jpg 500w, https:\/\/www.enerjigazetesi.ist\/wp-content\/uploads\/2025\/09\/kampus_drone-80x45.jpg 80w\" sizes=\"(max-width: 550px) 100vw, 550px\" \/><\/strong><\/p>\n<p>T\u00fcrkiye\u2019nin \u00f6nde gelen transformat\u00f6r \u00fcreticilerinden Beta Enerji, Avrupa\u2019n\u0131n tek \u00e7at\u0131 alt\u0131nda en b\u00fcy\u00fck enerji ve teknoloji kamp\u00fcslerinden biri olan Beta Enerji ve Teknoloji Kamp\u00fcs\u00fc\u2019n\u00fcn ilk etab\u0131n\u0131 devreye ald\u0131. \u015eirket, transformat\u00f6r sekt\u00f6r\u00fcndeki k\u00fcresel talep art\u0131\u015f\u0131n\u0131 \u00f6ng\u00f6rerek 2022 y\u0131l\u0131nda temellerini att\u0131\u011f\u0131 kamp\u00fcs ile \u00fcretim kapasitesini ve ihracat a\u011f\u0131n\u0131 h\u0131zla b\u00fcy\u00fctmeyi hedefliyor.<\/p>\n<div id=\"attachment_200296\" style=\"width: 560px\" class=\"wp-caption aligncenter\"><img aria-describedby=\"caption-attachment-200296\" loading=\"lazy\" class=\"wp-image-200296 size-full\" src=\"https:\/\/www.enerjigazetesi.ist\/wp-content\/uploads\/2025\/09\/img2-1.jpg\" alt=\"\" width=\"550\" height=\"438\" srcset=\"https:\/\/www.enerjigazetesi.ist\/wp-content\/uploads\/2025\/09\/img2-1.jpg 550w, https:\/\/www.enerjigazetesi.ist\/wp-content\/uploads\/2025\/09\/img2-1-300x239.jpg 300w, https:\/\/www.enerjigazetesi.ist\/wp-content\/uploads\/2025\/09\/img2-1-500x398.jpg 500w, https:\/\/www.enerjigazetesi.ist\/wp-content\/uploads\/2025\/09\/img2-1-63x50.jpg 63w\" sizes=\"(max-width: 550px) 100vw, 550px\" \/><p id=\"caption-attachment-200296\" class=\"wp-caption-text\">Beta Enerji Y\u00f6netim Kurulu \u00dcyesi ve \u0130cra Kurulu Ba\u015fkan\u0131 Yusuf Cenk Da\u011fsuyu<\/p><\/div>\n<p>Yat\u0131r\u0131ma ili\u015fkin a\u00e7\u0131klamada bulunan <strong>Beta Enerji Y\u00f6netim Kurulu \u00dcyesi ve <\/strong><strong>\u0130cra Kurulu Ba\u015fkan\u0131 Yusuf Cenk Da\u011fsuyu<\/strong>; \u201c<em>Ye\u015fil ve dijital d\u00f6n\u00fc\u015f\u00fcm, elektrikli ara\u00e7lar\u0131n ya\u015fama entegrasyonu, kentle\u015fme ve enerjiye hi\u00e7 ula\u015famayan b\u00f6lgelerdeki yat\u0131r\u0131mlar ve eskiyen alt yap\u0131lar\u0131n yenilenmesi transformat\u00f6re olan ihtiyac\u0131 art\u0131r\u0131yor. Bu ihtiyaca cevap vermek i\u00e7in 2022 y\u0131l\u0131nda yat\u0131r\u0131m\u0131na ba\u015flad\u0131\u011f\u0131m\u0131z Beta Enerji ve Teknoloji Kamp\u00fcs\u00fc\u2019n\u00fcn ilk etab\u0131n\u0131 devreye ald\u0131k. Yeni kamp\u00fcs\u00fcm\u00fczde Nisan 2025 itibar\u0131yla g\u00fc\u00e7 transformat\u00f6rleri, beton k\u00f6\u015fk ve y\u00fcksek gerilim anahtarlama sistemleri \u00fcretimine ba\u015flad\u0131k. 2026 y\u0131l\u0131 sonuna kadar da\u011f\u0131t\u0131m transformat\u00f6rleri \u00fcretimini de yeni yat\u0131r\u0131m\u0131m\u0131za ta\u015f\u0131may\u0131 hedefliyoruz \u201d<\/em> dedi.<\/p>\n<h3><strong>\u0130hracatta 5 y\u0131ll\u0131k hedef 130 \u00fclkeye ula\u015fmak<\/strong><\/h3>\n<p>Enerjinin AVM\u2019si olma vizyonuyla hareket ettiklerini vurgulayan <strong>Yusuf Cenk Da\u011fsuyu<\/strong>, yeni kamp\u00fcsle beraber m\u00fc\u015fterilerin ihtiya\u00e7 duydu\u011fu t\u00fcm \u00fcr\u00fcnleri tek bir merkezden temin edebilece\u011fi kompleks bir yap\u0131 sunduklar\u0131na dikkat \u00e7ekti. <strong>Da\u011fsuyu,<\/strong> <em>\u201cYakla\u015f\u0131k yar\u0131m as\u0131rd\u0131r, uluslararas\u0131 standartlara uygun y\u00fcksek kalitede transformat\u00f6rler \u00fcretiyoruz. Halihaz\u0131rda \u00fcretti\u011fimiz \u00fcr\u00fcnlerin yan\u0131nda y\u00fcksek gerilim (YG) anahtarlama \u00fcr\u00fcnleri ve \u00e7ok y\u00fcksek g\u00fc\u00e7lerde \u00f6zel g\u00fc\u00e7 transformat\u00f6rleri gibi yeni \u00fcr\u00fcn kategorilerine yat\u0131r\u0131m yaparak \u00fcr\u00fcn portf\u00f6y\u00fcm\u00fcz\u00fc geni\u015flettik. Kamp\u00fcs\u00fcm\u00fcz\u00fcn 2026 sonunda tam kapasiteye ula\u015fmas\u0131yla birlikte da\u011f\u0131t\u0131m transformat\u00f6rlerinde en az 3 kat, g\u00fc\u00e7 transformat\u00f6rlerinde ise en az 25 kat \u00fcretim art\u0131\u015f\u0131 hedefliyoruz. Bu \u00fcretim kapasitesiyle birlikte, ihracat yap\u0131lan \u00fclke say\u0131s\u0131n\u0131 k\u0131sa vadede 100, be\u015f y\u0131l i\u00e7inde ise 130\u2019a \u00e7\u0131karmay\u0131 ama\u00e7l\u0131yoruz. Finansal hedeflerimiz de bu yat\u0131r\u0131mla birlikte b\u00fcy\u00fcyor. Tesisimiz tam kapasiteye ula\u015ft\u0131ktan sonra 420 milyon dolar ciro, 240 milyon dolar ihracat hedefimiz var. \u00d6zellikle Avrupa ve Amerika K\u0131tas\u0131, T\u00fcrk Cumhuriyetleri ve Afrika K\u0131tas\u0131 \u00f6ncelikli pazarlar\u0131m\u0131z aras\u0131nda yer al\u0131yor. Ayr\u0131ca bu kamp\u00fcsle toplam istihdam say\u0131m\u0131z tam kapasite ile yakla\u015f\u0131k 1200 ki\u015fiye ula\u015facak\u201d<\/em> diye konu\u015ftu.<\/p>\n<h3><strong>Teknolojik d\u00f6n\u00fc\u015f\u00fcm ve s\u00fcrd\u00fcr\u00fclebilir \u00fcretim<\/strong><\/h3>\n<p>Yeni kamp\u00fcs yat\u0131r\u0131m\u0131n\u0131n yaln\u0131zca \u00fcretim de\u011fil, teknolojik d\u00f6n\u00fc\u015f\u00fcm ve s\u00fcrd\u00fcr\u00fclebilirlik vizyonuyla da \u015fekillendirildi\u011fine dikkat \u00e7eken <strong>Da\u011fsuyu<\/strong>, \u201c<em>End\u00fcstri 4.0 teknolojileriyle donat\u0131lan kamp\u00fcs\u00fcm\u00fczde otomasyon sistemleri, IoT entegrasyonu, yapay zeka destekli kamera ve sens\u00f6r sistemleri, b\u00fcy\u00fck veri analiti\u011fi gibi \u00e7\u00f6z\u00fcmlerle \u00fcretim s\u00fcre\u00e7lerini y\u00f6netece\u011fiz. RFID sistemleriyle mam\u00fcl stok, demirba\u015f ve personel takibi s\u00fcre\u00e7lerini de dijital ortamda s\u00fcrd\u00fcrece\u011fiz\u201d<\/em> diyerek hem operasyonel verimlili\u011fi art\u0131rmay\u0131 hem de karbonsuz bir \u00fcretim modeline ge\u00e7meyi hedeflediklerini belirtti.<\/p>\n<h3><strong>2030\u2019da y\u00fczde 30 emisyon azalt\u0131m hedefi<\/strong><\/h3>\n<p>S\u00fcrd\u00fcr\u00fclebilirlik ve \u00e7al\u0131\u015fan memnuniyetini de \u00f6n planda tuttuklar\u0131n\u0131 ifade eden <strong>Da\u011fsuyu<\/strong>, \u015f\u00f6yle konu\u015ftu: <em>\u201cBeta Enerji ve Teknoloji Kamp\u00fcs\u00fc\u2019n\u00fc LEED sertifikasyon kriterlerine uygun olarak \u00e7evreye duyarl\u0131 bir yap\u0131da hayata ge\u00e7irdik. Mevcut fabrikada \u00e7at\u0131ya kurulu GES ile elektrik ihtiyac\u0131n\u0131n y\u00fczde 80\u2019ini kar\u015f\u0131larken, yeni kamp\u00fcs\u00fcn \u00e7at\u0131s\u0131na kurulacak 8 MW\u2019l\u0131k g\u00fcne\u015f enerji sistemiyle, tesisin t\u00fcm enerji ihtiyac\u0131n\u0131 y\u00fczde 100 yenilenebilir kaynaklardan sa\u011flamay\u0131 planlan\u0131yoruz. 2030 hedeflerimiz aras\u0131nda karbon emisyonlar\u0131n\u0131 y\u00fczde 30 azaltmak, ambalaj malzemelerinin y\u00fczde 100 geri d\u00f6n\u00fc\u015ft\u00fcr\u00fclebilir olmas\u0131n\u0131 sa\u011flamak, su t\u00fcketimini 2025-2030 aras\u0131nda y\u00fczde 20 azaltmak yer al\u0131yor. \u0130nsan kayna\u011f\u0131m\u0131z\u0131 verimli kullanarak, \u00e7al\u0131\u015fanlar\u0131m\u0131z\u0131n mutlulu\u011funu ve geli\u015fimini \u00f6n planda tutan bir bak\u0131\u015f a\u00e7\u0131s\u0131n\u0131 benimsiyoruz. Kamp\u00fcs\u00fcm\u00fcz\u00fc 115 bin metrekarelik dev bir alan \u00fczerine kurduk, bunun yakla\u015f\u0131k 80 bin metrekaresi kapal\u0131 alan. Y\u00fcksekli\u011fi 30 metreyi buluyor. 20 bin metrekare sosyal alan\u0131yla, sadece \u00fcretim de\u011fil; \u00e7al\u0131\u015fanlar\u0131m\u0131z ve payda\u015flar\u0131m\u0131z i\u00e7in de bir ya\u015fam alan\u0131 sunuyoruz. Bu alanla sadece \u00e7al\u0131\u015fmak de\u011fil, ya\u015famak da m\u00fcmk\u00fcn olacak. Sosyal alan\u0131m\u0131z\u0131 konaklama tesisinden, e\u011fitim merkezine, spor tesislerinden etkinlik alanlar\u0131na, kafeteryadan dinlenme mekanlar\u0131na kadar \u00e7e\u015fitli birimlerden olu\u015fturduk.\u201d<\/em> dedi.<\/p>\n<p>Yay\u0131na Alan: Alperen ERTA\u015e-<a href=\"http:\/\/alperen.ertas@enerjigazetesi.ist\">alperen.ertas@enerjigazetesi.ist<\/a><\/p>","protected":false},"excerpt":{"rendered":"<p>Sorry, this entry is only available in Turkish. For the sake of viewer convenience, the content is shown below in the alternative language. You may click the link to switch the active language. Elektrifikasyon sekt\u00f6r\u00fcnde ihtisasla\u015fm\u0131\u015f yap\u0131s\u0131yla \u00f6ne \u00e7\u0131kan ve T\u00fcrkiye\u2019nin \u00f6nde gelen transformat\u00f6r \u00fcreticilerinden Beta Enerji, Adana\u2019da 130 milyon dolarl\u0131k yat\u0131r\u0131mla hayata ge\u00e7irdi\u011fi yeni [&hellip;]<\/p>\n","protected":false},"author":19,"featured_media":200295,"comment_status":"open","ping_status":"open","sticky":false,"template":"","format":"standard","meta":[],"categories":[51,53],"tags":[113812,115394],"views":20,"_links":{"self":[{"href":"https:\/\/www.enerjigazetesi.ist\/en\/wp-json\/wp\/v2\/posts\/200294"}],"collection":[{"href":"https:\/\/www.enerjigazetesi.ist\/en\/wp-json\/wp\/v2\/posts"}],"about":[{"href":"https:\/\/www.enerjigazetesi.ist\/en\/wp-json\/wp\/v2\/types\/post"}],"author":[{"embeddable":true,"href":"https:\/\/www.enerjigazetesi.ist\/en\/wp-json\/wp\/v2\/users\/19"}],"replies":[{"embeddable":true,"href":"https:\/\/www.enerjigazetesi.ist\/en\/wp-json\/wp\/v2\/comments?post=200294"}],"version-history":[{"count":0,"href":"https:\/\/www.enerjigazetesi.ist\/en\/wp-json\/wp\/v2\/posts\/200294\/revisions"}],"wp:featuredmedia":[{"embeddable":true,"href":"https:\/\/www.enerjigazetesi.ist\/en\/wp-json\/wp\/v2\/media\/200295"}],"wp:attachment":[{"href":"https:\/\/www.enerjigazetesi.ist\/en\/wp-json\/wp\/v2\/media?parent=200294"}],"wp:term":[{"taxonomy":"category","embeddable":true,"href":"https:\/\/www.enerjigazetesi.ist\/en\/wp-json\/wp\/v2\/categories?post=200294"},{"taxonomy":"post_tag","embeddable":true,"href":"https:\/\/www.enerjigazetesi.ist\/en\/wp-json\/wp\/v2\/tags?post=200294"}],"curies":[{"name":"wp","href":"https:\/\/api.w.org\/{rel}","templated":true}]}}