{"id":200264,"date":"2025-09-14T01:40:51","date_gmt":"2025-09-13T22:40:51","guid":{"rendered":"https:\/\/www.enerjigazetesi.ist\/?p=200264"},"modified":"2025-09-14T14:16:22","modified_gmt":"2025-09-14T11:16:22","slug":"yanan-alanlarda-fidan-dikiminde-acele-edilmemeli","status":"publish","type":"post","link":"https:\/\/www.enerjigazetesi.ist\/en\/yanan-alanlarda-fidan-dikiminde-acele-edilmemeli\/","title":{"rendered":"(Turkish) &#8221;Yanan Alanlarda Fidan Dikiminde Acele Edilmemeli&#8221;"},"content":{"rendered":"<p class=\"qtranxs-available-languages-message qtranxs-available-languages-message-en\">Sorry, this entry is only available in <a href=\"https:\/\/www.enerjigazetesi.ist\/tr\/wp-json\/wp\/v2\/posts\/200264\" class=\"qtranxs-available-language-link qtranxs-available-language-link-tr\" title=\"Turkish\">Turkish<\/a>. For the sake of viewer convenience, the content is shown below in the alternative language. You may click the link to switch the active language.<\/p><p><\/p>\n<h2>Yanan orman alanlar\u0131n\u0131n bir an \u00f6nce a\u011fa\u00e7land\u0131r\u0131lmas\u0131 i\u00e7in herkes seferber olmak istiyor ancak uzmanlar, a\u011fa\u00e7land\u0131rma \u00e7al\u0131\u015fmalar\u0131n\u0131n aceleye getirilmeden, bilimsel temellere uygun yap\u0131lmas\u0131 konusunda uyar\u0131yor.<\/h2>\n<p><img loading=\"lazy\" class=\"aligncenter wp-image-200265 size-full\" src=\"https:\/\/www.enerjigazetesi.ist\/wp-content\/uploads\/2025\/09\/CEKUL_fidan_dikimi03_100252035.jpg\" alt=\"\" width=\"550\" height=\"367\" srcset=\"https:\/\/www.enerjigazetesi.ist\/wp-content\/uploads\/2025\/09\/CEKUL_fidan_dikimi03_100252035.jpg 550w, https:\/\/www.enerjigazetesi.ist\/wp-content\/uploads\/2025\/09\/CEKUL_fidan_dikimi03_100252035-300x200.jpg 300w, https:\/\/www.enerjigazetesi.ist\/wp-content\/uploads\/2025\/09\/CEKUL_fidan_dikimi03_100252035-500x334.jpg 500w, https:\/\/www.enerjigazetesi.ist\/wp-content\/uploads\/2025\/09\/CEKUL_fidan_dikimi03_100252035-75x50.jpg 75w, https:\/\/www.enerjigazetesi.ist\/wp-content\/uploads\/2025\/09\/CEKUL_fidan_dikimi03_100252035-450x300.jpg 450w\" sizes=\"(max-width: 550px) 100vw, 550px\" \/><\/p>\n<p>Son orman yang\u0131nlar\u0131, can kay\u0131plar\u0131n\u0131n yan\u0131 s\u0131ra T\u00fcrkiye\u2019nin orman varl\u0131\u011f\u0131nda da b\u00fcy\u00fck hasara yol a\u00e7t\u0131. 70 bin hektar civar\u0131nda orman kayb\u0131 ya\u015fand\u0131. Yanan alanlar\u0131 yeniden a\u011fa\u00e7land\u0131rmak isteyenler i\u00e7in \u00c7evre ve K\u00fclt\u00fcr De\u011ferlerini Koruma ve Tan\u0131tma Vakf\u0131 (\u00c7EK\u00dcL) \u00f6nemli \u00f6nerilerde bulundu. Yanan orman alanlar\u0131nda \u00f6ncelikle hasar tespiti yap\u0131lmas\u0131 gerekti\u011fini belirten yetkililer, do\u011faseverleri acele etmemeleri konusunda uyard\u0131.<\/p>\n<p>7 A\u011fa\u00e7 Ormanlar\u0131 program\u0131yla 1992 y\u0131l\u0131ndan bu yana a\u011fa\u00e7land\u0131rma faaliyetleri y\u00fcr\u00fcten \u00c7EK\u00dcL Vakf\u0131\u2019n\u0131n Genel Sekreteri Ilg\u0131n S\u00f6zen, <em>\u201cOrmanlar\u0131n yand\u0131\u011f\u0131n\u0131 g\u00f6ren do\u011faseverler do\u011fal olarak hemen yanan alanlar\u0131 eski haline getirmek istiyor ve bizden de bu konuda destek talep ediyor. Biz de bu alanlar\u0131 yeniden ye\u015fertme konusunda kararl\u0131y\u0131z. Ancak, yang\u0131ndan hemen sonra fidan dikimi yap\u0131lamayaca\u011f\u0131 i\u00e7in ilk at\u0131lacak ad\u0131m alanlar\u0131n korumaya al\u0131nmas\u0131 olmal\u0131\u201d<\/em> uyar\u0131s\u0131nda bulunuyor.<\/p>\n<h3><strong>A\u011fa\u00e7land\u0131rma bilimsel olmal\u0131<\/strong><\/h3>\n<p>\u00c7al\u0131\u015fmalar\u0131n\u0131 bilimin rehberli\u011finde, Orman Genel M\u00fcd\u00fcrl\u00fc\u011f\u00fc\u2019yle birlikte y\u00fcr\u00fctt\u00fcklerini belirten<strong> Ilg\u0131n S\u00f6zen<\/strong>, <em>\u201cHer alan\u0131n kendine \u00f6zg\u00fc bir ekosistemi, toprak yap\u0131s\u0131 ve yeniden ye\u015ferme s\u00fcreci var. Hangi t\u00fcrlerin ne zaman dikilece\u011fi, topra\u011f\u0131n neye ihtiya\u00e7 duydu\u011fu gibi konular ancak uzman g\u00f6r\u00fc\u015fleriyle netle\u015febilir. Acele at\u0131lan her ad\u0131m, iyi niyetle yola \u00e7\u0131k\u0131lsa da do\u011faya zarar verebilir. Bu nedenle, yeniden a\u011fa\u00e7land\u0131rma s\u00fcrecinde acele edilmemeli. Sab\u0131rl\u0131 olmak ve uzmanlara dan\u0131\u015fmak b\u00fcy\u00fck \u00f6nem ta\u015f\u0131yor. Halihaz\u0131rda \u0130stanbul, Bal\u0131kesir, \u00c7anakkale ve Sivas\u2019ta a\u011fa\u00e7land\u0131rma \u00e7al\u0131\u015fmalar\u0131m\u0131z s\u00fcr\u00fcyor, bir an \u00f6nce fidan dikimine katk\u0131da bulunmak isteyenleri o sahalar\u0131m\u0131za davet ediyoruz\u201d<\/em> diyor.<\/p>\n<h3><strong>Fidan dikimi uzun soluklu bir \u00e7aba<\/strong><\/h3>\n<p><strong>\u00c7EK\u00dcL Vakf\u0131 Y\u00f6netim Kurulu \u00dcyesi Prof. Dr. \u00dcnal Akkemik,<\/strong> yanan alanlarda ormanla\u015ft\u0131rma \u00e7al\u0131\u015fmalar\u0131na ba\u015flamadan \u00f6nce ormanlardaki do\u011fal d\u00f6ng\u00fcn\u00fcn yeniden olu\u015fmas\u0131 i\u00e7in ad\u0131m at\u0131lmas\u0131 gerekti\u011fine dikkat \u00e7ekiyor. Alanda ilk \u00f6nce yanan a\u011fa\u00e7lar\u0131n \u00e7\u0131kar\u0131lmas\u0131 i\u00e7in h\u0131zl\u0131 bir \u00e7al\u0131\u015fma yap\u0131lmas\u0131 gerekti\u011fini s\u00f6yleyen Akkemik, <em>\u201cAlanda yang\u0131n \u00f6ncesi tohum verme ya\u015f\u0131nda k\u0131z\u0131l\u00e7am a\u011fa\u00e7lar\u0131 varsa bu alanlarda do\u011fal yolla tohumdan gen\u00e7le\u015ftirme uygulanmal\u0131d\u0131r. B\u00f6ylece hem ekolojik olarak en g\u00fc\u00e7l\u00fc bitkilerin gelmesi sa\u011flanacak hem de maliyet d\u00fc\u015fecektir\u201d <\/em>diyor.<\/p>\n<p>\u201cYeterli tohumun olmad\u0131\u011f\u0131 ve do\u011fal gen\u00e7le\u015ftirme ile ba\u015far\u0131 sa\u011flanamad\u0131\u011f\u0131 durumlarda ayn\u0131 b\u00f6lgeden temin edilen fidanlarla a\u011fa\u00e7land\u0131rma yap\u0131lmas\u0131 gerekti\u011fini belirten Akkemik, <em>\u201cDo\u011fal ekosistemin devaml\u0131l\u0131\u011f\u0131 a\u00e7\u0131s\u0131ndan \u00f6nemli olan ve topra\u011f\u0131 koruyarak su tutma kapasitesini y\u00fckselten maki vejetasyonu alanda korunmal\u0131d\u0131r. Bu vejetasyonu olu\u015fturan dikenli p\u0131rnal, ak\u00e7akesme, sandal, zeytin, defne gibi a\u011fa\u00e7lar yang\u0131ndan sonra diplerinden yeni s\u00fcrg\u00fcn vererek yeniden b\u00fcy\u00fcmeye ba\u015flar\u201d<\/em> a\u00e7\u0131klamas\u0131n\u0131 yap\u0131yor. Yanan orman alanlar\u0131na do\u011fal ekosistemi bozacak yabanc\u0131 t\u00fcrler kesinlikle dikilmemeli uyar\u0131s\u0131n\u0131 yapan Prof. Dr. \u00dcnal Akkemik, \u201c<em>Bu y\u00fczden fidan dikimi san\u0131ld\u0131\u011f\u0131n\u0131n aksine tek g\u00fcnl\u00fck bir i\u015f de\u011fil uzun soluklu bir \u00e7abad\u0131r\u201d<\/em> diyor.<\/p>\n<p>Detayl\u0131 Bilgi \u0130\u00e7in:\u00a0<a href=\"https:\/\/panel.basinlistem.com\/UrlRedirect.ashx?Mail=info@enerjigazetesi.ist&amp;MailID=51077518&amp;url=https%3a%2f%2f7agac.cekulvakfi.org.tr%2f\">7agac.cekulvakfi.org.tr<\/a><\/p>\n<p>Yay\u0131na Alan: Alperen ERTA\u015e-<a href=\"http:\/\/alperen.ertas@enerjigazetesi.ist\">alperen.ertas@enerjigazetesi.ist<\/a><\/p>","protected":false},"excerpt":{"rendered":"<p>Sorry, this entry is only available in Turkish. For the sake of viewer convenience, the content is shown below in the alternative language. You may click the link to switch the active language. Yanan orman alanlar\u0131n\u0131n bir an \u00f6nce a\u011fa\u00e7land\u0131r\u0131lmas\u0131 i\u00e7in herkes seferber olmak istiyor ancak uzmanlar, a\u011fa\u00e7land\u0131rma \u00e7al\u0131\u015fmalar\u0131n\u0131n aceleye getirilmeden, bilimsel temellere uygun yap\u0131lmas\u0131 [&hellip;]<\/p>\n","protected":false},"author":19,"featured_media":200265,"comment_status":"open","ping_status":"open","sticky":false,"template":"","format":"standard","meta":[],"categories":[53],"tags":[117120,117119],"views":11,"_links":{"self":[{"href":"https:\/\/www.enerjigazetesi.ist\/en\/wp-json\/wp\/v2\/posts\/200264"}],"collection":[{"href":"https:\/\/www.enerjigazetesi.ist\/en\/wp-json\/wp\/v2\/posts"}],"about":[{"href":"https:\/\/www.enerjigazetesi.ist\/en\/wp-json\/wp\/v2\/types\/post"}],"author":[{"embeddable":true,"href":"https:\/\/www.enerjigazetesi.ist\/en\/wp-json\/wp\/v2\/users\/19"}],"replies":[{"embeddable":true,"href":"https:\/\/www.enerjigazetesi.ist\/en\/wp-json\/wp\/v2\/comments?post=200264"}],"version-history":[{"count":0,"href":"https:\/\/www.enerjigazetesi.ist\/en\/wp-json\/wp\/v2\/posts\/200264\/revisions"}],"wp:featuredmedia":[{"embeddable":true,"href":"https:\/\/www.enerjigazetesi.ist\/en\/wp-json\/wp\/v2\/media\/200265"}],"wp:attachment":[{"href":"https:\/\/www.enerjigazetesi.ist\/en\/wp-json\/wp\/v2\/media?parent=200264"}],"wp:term":[{"taxonomy":"category","embeddable":true,"href":"https:\/\/www.enerjigazetesi.ist\/en\/wp-json\/wp\/v2\/categories?post=200264"},{"taxonomy":"post_tag","embeddable":true,"href":"https:\/\/www.enerjigazetesi.ist\/en\/wp-json\/wp\/v2\/tags?post=200264"}],"curies":[{"name":"wp","href":"https:\/\/api.w.org\/{rel}","templated":true}]}}