{"id":200237,"date":"2025-09-13T21:36:20","date_gmt":"2025-09-13T18:36:20","guid":{"rendered":"https:\/\/www.enerjigazetesi.ist\/?p=200237"},"modified":"2025-09-13T21:36:20","modified_gmt":"2025-09-13T18:36:20","slug":"wat-sarj-hub-tesisi-muglada-hizmete-girdi","status":"publish","type":"post","link":"https:\/\/www.enerjigazetesi.ist\/en\/wat-sarj-hub-tesisi-muglada-hizmete-girdi\/","title":{"rendered":"(Turkish) WAT \u015earj HUB Tesisi Mu\u011fla\u2019da Hizmete Girdi"},"content":{"rendered":"<p class=\"qtranxs-available-languages-message qtranxs-available-languages-message-en\">Sorry, this entry is only available in <a href=\"https:\/\/www.enerjigazetesi.ist\/tr\/wp-json\/wp\/v2\/posts\/200237\" class=\"qtranxs-available-language-link qtranxs-available-language-link-tr\" title=\"Turkish\">Turkish<\/a>. For the sake of viewer convenience, the content is shown below in the alternative language. You may click the link to switch the active language.<\/p><p><\/p>\n<h2><strong>T\u00fcrkiye elektrikli mobilite sekt\u00f6r\u00fcnde bir ilk olan \u015farj istasyon tesisi WAT \u015earj HUB, Bodrum-\u0130stanbul yolu \u00fczerinde hizmete a\u00e7\u0131ld\u0131.\u00a0<\/strong><strong>WAT\u2019\u0131n 500\u2019\u00fcnc\u00fc \u015farj lokasyonu olan bu \u00f6nc\u00fc tesis, yaln\u0131zca ara\u00e7lara \u015farj hizmeti sunmakla kalm\u0131yor; 7\/24 a\u00e7\u0131k olan tesiste dinlenme ve aktivite alanlar\u0131, hijyen standartlar\u0131na uygun tuvaletler ve yiyecek-i\u00e7ecek otomatlar\u0131 bulunuyor. B\u00f6ylece yolcular, aileler ve evcil hayvanlar i\u00e7in keyifli bir mola noktas\u0131 olu\u015fturuyor. Ayr\u0131ca, 4 adet 180 kW ve 2 adet 360 kW ultra h\u0131zl\u0131 \u015farj istasyonuyla ayn\u0131 anda 12 araca enerji sa\u011flama kapasitesine sahip ve g\u00fcne\u015f enerjisi destekli altyap\u0131s\u0131yla s\u00fcrd\u00fcr\u00fclebilirli\u011fi merkeze alan bu \u00f6nc\u00fc tesis, \u015fehir i\u00e7i ve \u015fehirler aras\u0131 yollarda yayg\u0131nla\u015ft\u0131r\u0131lmas\u0131 hedeflenen projelere de g\u00fc\u00e7l\u00fc bir \u00f6rnek te\u015fkil ediyor.<\/strong><\/h2>\n<p><img loading=\"lazy\" class=\"aligncenter wp-image-200238 size-full\" src=\"https:\/\/www.enerjigazetesi.ist\/wp-content\/uploads\/2025\/09\/1757657676_WAT___arj_HUB_Bas__n_B__lteni_Gorsel__2_.jpg\" alt=\"\" width=\"550\" height=\"309\" srcset=\"https:\/\/www.enerjigazetesi.ist\/wp-content\/uploads\/2025\/09\/1757657676_WAT___arj_HUB_Bas__n_B__lteni_Gorsel__2_.jpg 550w, https:\/\/www.enerjigazetesi.ist\/wp-content\/uploads\/2025\/09\/1757657676_WAT___arj_HUB_Bas__n_B__lteni_Gorsel__2_-300x169.jpg 300w, https:\/\/www.enerjigazetesi.ist\/wp-content\/uploads\/2025\/09\/1757657676_WAT___arj_HUB_Bas__n_B__lteni_Gorsel__2_-500x281.jpg 500w, https:\/\/www.enerjigazetesi.ist\/wp-content\/uploads\/2025\/09\/1757657676_WAT___arj_HUB_Bas__n_B__lteni_Gorsel__2_-80x45.jpg 80w\" sizes=\"(max-width: 550px) 100vw, 550px\" \/><\/p>\n<p>T\u00fcrkiye\u2019de elektrikli ara\u00e7 \u015farj noktalar\u0131n\u0131, yaln\u0131zca enerji al\u0131nan duraklar olmaktan \u00e7\u0131kararak kullan\u0131c\u0131 al\u0131\u015fkanl\u0131klar\u0131n\u0131 yeniden \u015fekillendirecek bir deneyim alan\u0131na d\u00f6n\u00fc\u015ft\u00fcrmeyi hedefleyen Ko\u00e7 Toplulu\u011fu \u015firketi WAT Mobilite, bu vizyon do\u011frultusunda T\u00fcrkiye\u2019de bir ilk olan WAT \u015earj HUB tesisini\u00a0<strong>ve ayn\u0131 zamanda 500\u2019\u00fcnc\u00fc \u015farj lokasyonunu<\/strong>\u00a0Bodrum-\u0130stanbul yolu \u00fczerinde hayata ge\u00e7irdi. Proje, s\u00fcrd\u00fcr\u00fclebilirlik yakla\u015f\u0131m\u0131yla kullan\u0131c\u0131 konforunu birle\u015ftirerek yolculuk deneyimini yeniden tan\u0131ml\u0131yor.<\/p>\n<p>WAT \u015earj HUB, yaln\u0131zca ara\u00e7lar\u0131n \u015farj edildi\u011fi bir nokta de\u011fil; yolculuklar\u0131n daha konforlu hale geldi\u011fi yeni bir durak olarak tasarland\u0131. 7\/24 hizmet veren tesiste dinlenme ve aktivite alanlar\u0131, temel ihtiya\u00e7lar\u0131n giderilece\u011fi hijyenik tuvaletler ve yiyecek-i\u00e7ecek otomatlar\u0131 elektrikli ara\u00e7 kullan\u0131c\u0131lar\u0131 haricinde t\u00fcm ziyaret\u00e7ilerine sosyal bir deneyim alan\u0131 sunuluyor. Yerel topluluklar\u0131 destekleme vizyonu do\u011frultusunda, b\u00f6lgeye \u00f6zg\u00fc zeytinya\u011f\u0131 \u00fcretimine katk\u0131 sa\u011fl\u0131yor. Sezon d\u00f6nemlerinde, tesiste zeytinya\u011f\u0131 sat\u0131\u015f\u0131na ayr\u0131lm\u0131\u015f \u00f6zel alanlar bulunacak. \u015earj s\u00fcreci boyunca kullan\u0131c\u0131lar yaln\u0131z b\u0131rak\u0131lm\u0131yor; sahada bulunan WAT Mobilite sorumlular\u0131, destek ve y\u00f6nlendirme sa\u011flayarak g\u00fcvenli ve keyifli bir deneyim ya\u015fat\u0131yor. B\u00f6ylece elektrikli ara\u00e7 kullan\u0131c\u0131lar\u0131 i\u00e7in \u015farj molas\u0131, art\u0131k sadece beklemek de\u011fil; ailelerin, yolcular\u0131n ve evcil hayvanlar\u0131n da faydalanabildi\u011fi yeni nesil bir yolculuk al\u0131\u015fkanl\u0131\u011f\u0131na d\u00f6n\u00fc\u015f\u00fcyor.<\/p>\n<h3><strong>Y\u0131lda 48.469 kWh temiz enerji \u00fcretiliyor ve <\/strong><strong>520 a\u011faca e\u015fde\u011fer fayda sa\u011flan\u0131yor<\/strong><\/h3>\n<p>WAT \u015earj HUB, 4 adet 180 kW ve 2 adet 360 kW ultra h\u0131zl\u0131 \u015farj istasyonuyla ayn\u0131 anda 12 araca y\u00fcksek performansla \u015farj hizmeti sunuyor. \u015earj istasyonlar\u0131n\u0131n ve tesisin enerji ihtiyac\u0131 g\u00fcne\u015f enerjisiyle destekleniyor. Bu sayede y\u0131lda 48.469 kWh temiz enerji \u00fcretilerek; dizel ara\u00e7 ile 70.619 km seyahate e\u015f de\u011fer 18.926 kg CO\u2082 sal\u0131n\u0131m\u0131 engelleniyor, 520 a\u011fac\u0131n korunmas\u0131na e\u015fde\u011fer \u00e7evresel fayda sa\u011flan\u0131yor. B\u00f6ylece g\u00fc\u00e7l\u00fc teknolojik altyap\u0131, s\u00fcrd\u00fcr\u00fclebilir gelecek vizyonuyla bulu\u015fuyor. WAT Mobilite\u2019nin Fenerbah\u00e7e Kalam\u0131\u015f Marina ve Bodrum Ko\u00e7ta\u015f\u2019ta hayata ge\u00e7irdi\u011fi g\u00fcne\u015f enerjisi destekli \u015farj noktalar\u0131yla ba\u015flayan bu yakla\u015f\u0131m, WAT \u015earj HUB ile bir ad\u0131m daha \u00f6teye gidip \u015fehirleraras\u0131 yolculuklara ta\u015f\u0131n\u0131yor ve kullan\u0131c\u0131 deneyimini \u00fcst seviyeye \u00e7\u0131kar\u0131yor.<\/p>\n<h3><strong>Benzer projeler \u015fehirleraras\u0131 ve \u015fehir i\u00e7lerinde uygulanacak<\/strong><\/h3>\n<p>T\u00fcrkiye\u2019de ilk kez hayata ge\u00e7irilen bu konsept, elektrikli ara\u00e7 kullan\u0131c\u0131lar\u0131n\u0131n yolculuk deneyimini geli\u015ftirmeyi ama\u00e7l\u0131yor. WAT \u015earj HUB, art\u0131k yaln\u0131zca bug\u00fcn\u00fcn ihtiya\u00e7lar\u0131n\u0131 kar\u015f\u0131layan bir tesis de\u011fil; ayn\u0131 zamanda gelece\u011fin yolculuk al\u0131\u015fkanl\u0131klar\u0131n\u0131 \u015fekillendiren yeni bir standart sa\u011fl\u0131yor. Milas-Mu\u011fla\u2019da a\u00e7\u0131lan bu ilk tesisin ard\u0131ndan, \u00f6n\u00fcm\u00fczdeki d\u00f6nemde benzer projeler hem \u015fehirleraras\u0131 hem de \u015fehir i\u00e7i yollarda hayata ge\u00e7irilecek. \u015earj molalar\u0131n\u0131 yaln\u0131zca enerji dolumu de\u011fil, yolculuk deneyimini zenginle\u015ftiren bir f\u0131rsata d\u00f6n\u00fc\u015ft\u00fcr\u00fcyor. Tesis, 6 Eyl\u00fcl\u2019den itibaren ilk ziyaret\u00e7ilerini a\u011f\u0131rlamaya ba\u015flad\u0131.<\/p>\n<h3><strong>Alp Karahasano\u011flu: \u201cYeni nesil bir al\u0131\u015fkanl\u0131\u011f\u0131n \u00f6nc\u00fcs\u00fc oluyoruz.\u201d<\/strong><\/h3>\n<p>WAT \u015earj HUB ile elektrikli ara\u00e7 kullan\u0131c\u0131lar\u0131n\u0131n yolculuk deneyimini tamamen yeniden tan\u0131mlad\u0131klar\u0131na dikkat \u00e7eken\u00a0<strong>WAT Mobilite &amp; WAT Motor Genel M\u00fcd\u00fcr\u00fc Alp Karahasano\u011flu,<\/strong>\u00a0\u201c<em><strong>T\u00fcrkiye\u2019de bir ilk olan ve WAT Mobilite\u2019nin 500\u2019\u00fcnc\u00fc \u015farj lokasyonu olarak devreye al\u0131nan bu tesisimiz<\/strong>, yaln\u0131zca ara\u00e7lar\u0131 \u015farj etmekle kalm\u0131yor; ayn\u0131 zamanda ailelerin, yolcular\u0131n ve evcil hayvanlar\u0131n keyifle vakit ge\u00e7irebilece\u011fi, modern ve konforlu bir durak sunuyor. G\u00fcne\u015f enerjisi destekli altyap\u0131m\u0131z sayesinde s\u00fcrd\u00fcr\u00fclebilirli\u011fi merkeze al\u0131yor, \u00e7evresel etkileri azaltarak \u015fehirleraras\u0131 yolculuklarda yeni nesil bir al\u0131\u015fkanl\u0131\u011f\u0131n \u00f6nc\u00fcs\u00fc oluyoruz. Bodrum-\u0130stanbul yolu \u00fczerinde hayata ge\u00e7irdi\u011fimiz bu \u00f6nc\u00fc tesis, \u00f6n\u00fcm\u00fczdeki d\u00f6nemde \u015fehirleraras\u0131 ve \u015fehir i\u00e7i yollar\u0131m\u0131zda yayg\u0131nla\u015facak projelerimiz i\u00e7in de ilham verici bir \u00f6rnek te\u015fkil ediyor.\u201d<\/em> dedi.<\/p>\n<p>Yay\u0131na Alan: Alperen ERTA\u015e-<a href=\"http:\/\/alperen.ertas@enerjigazetesi.ist\">alperen.ertas@enerjigazetesi.ist<\/a><\/p>","protected":false},"excerpt":{"rendered":"<p>Sorry, this entry is only available in Turkish. For the sake of viewer convenience, the content is shown below in the alternative language. You may click the link to switch the active language. T\u00fcrkiye elektrikli mobilite sekt\u00f6r\u00fcnde bir ilk olan \u015farj istasyon tesisi WAT \u015earj HUB, Bodrum-\u0130stanbul yolu \u00fczerinde hizmete a\u00e7\u0131ld\u0131.\u00a0WAT\u2019\u0131n 500\u2019\u00fcnc\u00fc \u015farj lokasyonu olan [&hellip;]<\/p>\n","protected":false},"author":19,"featured_media":200238,"comment_status":"open","ping_status":"open","sticky":false,"template":"","format":"standard","meta":[],"categories":[51,53],"tags":[117114,117115],"views":11,"_links":{"self":[{"href":"https:\/\/www.enerjigazetesi.ist\/en\/wp-json\/wp\/v2\/posts\/200237"}],"collection":[{"href":"https:\/\/www.enerjigazetesi.ist\/en\/wp-json\/wp\/v2\/posts"}],"about":[{"href":"https:\/\/www.enerjigazetesi.ist\/en\/wp-json\/wp\/v2\/types\/post"}],"author":[{"embeddable":true,"href":"https:\/\/www.enerjigazetesi.ist\/en\/wp-json\/wp\/v2\/users\/19"}],"replies":[{"embeddable":true,"href":"https:\/\/www.enerjigazetesi.ist\/en\/wp-json\/wp\/v2\/comments?post=200237"}],"version-history":[{"count":0,"href":"https:\/\/www.enerjigazetesi.ist\/en\/wp-json\/wp\/v2\/posts\/200237\/revisions"}],"wp:featuredmedia":[{"embeddable":true,"href":"https:\/\/www.enerjigazetesi.ist\/en\/wp-json\/wp\/v2\/media\/200238"}],"wp:attachment":[{"href":"https:\/\/www.enerjigazetesi.ist\/en\/wp-json\/wp\/v2\/media?parent=200237"}],"wp:term":[{"taxonomy":"category","embeddable":true,"href":"https:\/\/www.enerjigazetesi.ist\/en\/wp-json\/wp\/v2\/categories?post=200237"},{"taxonomy":"post_tag","embeddable":true,"href":"https:\/\/www.enerjigazetesi.ist\/en\/wp-json\/wp\/v2\/tags?post=200237"}],"curies":[{"name":"wp","href":"https:\/\/api.w.org\/{rel}","templated":true}]}}