{"id":200220,"date":"2025-09-12T13:44:52","date_gmt":"2025-09-12T10:44:52","guid":{"rendered":"https:\/\/www.enerjigazetesi.ist\/?p=200220"},"modified":"2025-09-12T14:29:48","modified_gmt":"2025-09-12T11:29:48","slug":"avrupa-uzay-tabanli-gunes-enerjisine-yoneliyor","status":"publish","type":"post","link":"https:\/\/www.enerjigazetesi.ist\/en\/avrupa-uzay-tabanli-gunes-enerjisine-yoneliyor\/","title":{"rendered":"(Turkish) &#8217;Avrupa&#8217; Uzay Tabanl\u0131 G\u00fcne\u015f Enerjisine Y\u00f6neliyor"},"content":{"rendered":"<p class=\"qtranxs-available-languages-message qtranxs-available-languages-message-en\">Sorry, this entry is only available in <a href=\"https:\/\/www.enerjigazetesi.ist\/tr\/wp-json\/wp\/v2\/posts\/200220\" class=\"qtranxs-available-language-link qtranxs-available-language-link-tr\" title=\"Turkish\">Turkish<\/a>. For the sake of viewer convenience, the content is shown below in the alternative language. You may click the link to switch the active language.<\/p><p><\/p>\n<h2><strong>Fosil yak\u0131tlara ba\u011f\u0131ml\u0131l\u0131\u011f\u0131 azaltma aray\u0131\u015f\u0131, Avrupa\u2019y\u0131 birka\u00e7 y\u0131l \u00f6ncesine kadar bilim kurgu gibi g\u00f6r\u00fcnen projeleri de\u011ferlendirmeye y\u00f6neltiyor. Bunlar\u0131n en iddial\u0131lar\u0131ndan biri, y\u00f6r\u00fcngeye g\u00fcne\u015f panelleri yerle\u015ftirerek g\u00fcne\u015f radyasyonunu toplay\u0131p D\u00fcnya\u2019ya mikrodalgalar arac\u0131l\u0131\u011f\u0131yla aktarmay\u0131 hedefleyen \u201cuzay tabanl\u0131 g\u00fcne\u015f enerjisi\u201d sistemi.<\/strong><\/h2>\n<p><img loading=\"lazy\" class=\"aligncenter wp-image-200221 size-full\" src=\"https:\/\/www.enerjigazetesi.ist\/wp-content\/uploads\/2025\/09\/orbital-solar-energy-1200x1200-1.jpg\" alt=\"\" width=\"550\" height=\"355\" srcset=\"https:\/\/www.enerjigazetesi.ist\/wp-content\/uploads\/2025\/09\/orbital-solar-energy-1200x1200-1.jpg 550w, https:\/\/www.enerjigazetesi.ist\/wp-content\/uploads\/2025\/09\/orbital-solar-energy-1200x1200-1-300x194.jpg 300w, https:\/\/www.enerjigazetesi.ist\/wp-content\/uploads\/2025\/09\/orbital-solar-energy-1200x1200-1-500x323.jpg 500w, https:\/\/www.enerjigazetesi.ist\/wp-content\/uploads\/2025\/09\/orbital-solar-energy-1200x1200-1-77x50.jpg 77w\" sizes=\"(max-width: 550px) 100vw, 550px\" \/><\/p>\n<p>Son ara\u015ft\u0131rmalara g\u00f6re bu teknoloji, y\u00fczy\u0131l\u0131n ortas\u0131na gelindi\u011finde Avrupa\u2019daki yenilenebilir enerji \u00fcretiminin %80\u2019ine kadar\u0131n\u0131 kar\u015f\u0131layabilir. Bu ba\u015far\u0131ld\u0131\u011f\u0131 takdirde enerji sisteminin yap\u0131s\u0131nda k\u00f6kl\u00fc bir d\u00f6n\u00fc\u015f\u00fcm olacak; maliyetler d\u00fc\u015fecek ve batarya depolama ihtiyac\u0131 en aza indirilecek. NASA projelerinden esinlenen tasar\u0131mlarla geli\u015ftirilen sim\u00fclasyonlar iki ana modele dayan\u0131yor:<\/p>\n<h3><strong>Heliostatik model<\/strong><\/h3>\n<p>Y\u00fcksek kapasiteli, s\u00fcrekli \u00e7al\u0131\u015fabilen bir sistem.<\/p>\n<h3><strong>D\u00fczlemsel model<\/strong><\/h3>\n<p>Daha basit, k\u0131sa vadede teknolojik olarak uygulanabilir.<\/p>\n<p>Her iki tasar\u0131m da Avrupa genelinde elektrik \u00fcretim ve da\u011f\u0131t\u0131m\u0131n\u0131 d\u00f6n\u00fc\u015ft\u00fcrmeyi ama\u00e7l\u0131yor. Avrupa Uzay Ajans\u0131, \u201cSolaris Program\u0131\u201d ile ilk ad\u0131mlar\u0131 att\u0131. 2030\u2019da bir g\u00f6sterim misyonu, 2040\u2019ta ise ticari operasyon hedefleniyor. B\u00f6ylece Avrupa, temiz teknolojilerdeki liderli\u011fini korumay\u0131 ve karbon n\u00f6tr gelece\u011fe ilerlerken uluslararas\u0131 i\u015f birli\u011fini g\u00fc\u00e7lendirmeyi planl\u0131yor.<\/p>\n<h3><strong>Ekonomik Etki ve Zorluklar<\/strong><\/h3>\n<p>\u00d6ng\u00f6r\u00fclere g\u00f6re, heliostatik model, karasal g\u00fcne\u015f ve r\u00fczg\u00e2r \u00e7iftliklerinin b\u00fcy\u00fck bir k\u0131sm\u0131n\u0131 ikame edebilir. Bu yenilik, Avrupa elektrik sisteminin toplam maliyetini y\u00fczde 7 ila y\u00fczde 15 oran\u0131nda azaltabilir ve batarya depolama ihtiyac\u0131n\u0131 %70\u2019in \u00fczerinde d\u00fc\u015f\u00fcrebilir.<\/p>\n<p>D\u00fczlemsel model ise daha d\u00fc\u015f\u00fck verimli olsa da, deneysel bir a\u015fama sunuyor. Bu sayede teknolojik \u00f6\u011frenme sa\u011flanacak ve maliyetler kademeli olarak d\u00fc\u015f\u00fcr\u00fclebilecek. Avrupa b\u00f6ylece uzay tabanl\u0131 g\u00fcne\u015f enerjisinde a\u015famal\u0131 bir ilerleme kaydedebilir.<\/p>\n<p>Ancak a\u015f\u0131lmas\u0131 gereken ciddi engeller var. Sistemlerin rekabet\u00e7i olabilmesi i\u00e7in y\u00f6r\u00fcnge panellerinin maliyetinin b\u00fcy\u00fck \u00f6l\u00e7\u00fcde d\u00fc\u015fmesi gerekiyor: heliostatik tasar\u0131mda 14 kat, d\u00fczlemsel tasar\u0131mda 8-9 kat. Ayr\u0131ca uzay enkaz\u0131 y\u00f6netimi, y\u00f6r\u00fcnge yo\u011funlu\u011fu, radyasyon ve kablosuz enerji iletimine dair riskler teknik a\u00e7\u0131dan \u00e7\u00f6z\u00fclmesi gereken ba\u015fl\u0131ca konular. Finansal a\u00e7\u0131dan da y\u00fcksek \u00f6l\u00e7ekli bir ba\u015flang\u0131\u00e7 yat\u0131r\u0131m\u0131 gerekiyor. Bu nedenle teknolojinin geni\u015f \u00f6l\u00e7ekte uygulanmas\u0131 i\u00e7in zaman ufku y\u00fczy\u0131l\u0131n ikinci yar\u0131s\u0131 olarak g\u00f6r\u00fcl\u00fcyor.<\/p>\n<h3><strong>Geni\u015fleyen Yol Haritas\u0131<\/strong><\/h3>\n<p>Avrupa\u2019n\u0131n g\u00fcne\u015f enerjisi yat\u0131r\u0131mlar\u0131 yaln\u0131zca uzayla s\u0131n\u0131rl\u0131 de\u011fil. Kara tabanl\u0131 paneller, \u00f6zellikle g\u00fcne\u015f radyasyonu y\u00fcksek olan g\u00fcney \u00fclkelerinde elektrik talebinin giderek artan bir b\u00f6l\u00fcm\u00fcn\u00fc kar\u015f\u0131l\u0131yor. Bu kaynaklar\u0131n gelecekte uzay tabanl\u0131 sistemlerle entegrasyonu, sa\u011flam ve \u00e7e\u015fitlendirilmi\u015f bir enerji modeli ortaya \u00e7\u0131karabilir.<\/p>\n<p>Solaris gibi programlar, uzay tabanl\u0131 g\u00fcne\u015f enerjisinin kara tabanl\u0131 \u00fcretimin yerini almak yerine onu tamamlay\u0131c\u0131 bir unsur haline getirmeyi hedefliyor. Ama\u00e7, talep zirvelerini kar\u015f\u0131lamak, enerji s\u00fcreklili\u011fini sa\u011flamak ve fosil kaynaklara ile enerji tedarik\u00e7ilerine ba\u011f\u0131ml\u0131l\u0131\u011f\u0131 azaltmak.<\/p>\n<p>Avrupa hedeflerine ula\u015fabilirse, mevcut elektrik talebinin yedide biri ile \u00fc\u00e7te biri aras\u0131n\u0131 uzay tabanl\u0131 g\u00fcne\u015f enerjisiyle kar\u015f\u0131layabilir. Bu da 2050 projeksiyonunda yakla\u015f\u0131k y\u00fczde 10\u2019luk bir katk\u0131 anlam\u0131na geliyor. B\u00f6yle bir geli\u015fme, iklim de\u011fi\u015fikli\u011fiyle m\u00fccadelede ve k\u0131tan\u0131n enerji g\u00fcvenli\u011finde kritik bir rol oynayabilir.<\/p>\n<p>\u00c7eviri:<a href=\"http:\/\/solar.ist\"> solar.ist<\/a><\/p>\n<p>Kaynak:\u00a0<a href=\"https:\/\/noticiasambientales.com\/energy\/europe-looks-to-space-orbital-solar-power-as-a-key-tool-for-the-green-transition\/\" target=\"_blank\" rel=\"noopener noreferrer\">Noticias Ambientales<\/a><\/p>\n<p>Yay\u0131na Alan: Alperen ERTA\u015e-<a href=\"http:\/\/alperen.ertas@enerjigazetesi.ist\">alperen.ertas@enerjigazetesi.ist<\/a><\/p>","protected":false},"excerpt":{"rendered":"<p>Sorry, this entry is only available in Turkish. For the sake of viewer convenience, the content is shown below in the alternative language. You may click the link to switch the active language. Fosil yak\u0131tlara ba\u011f\u0131ml\u0131l\u0131\u011f\u0131 azaltma aray\u0131\u015f\u0131, Avrupa\u2019y\u0131 birka\u00e7 y\u0131l \u00f6ncesine kadar bilim kurgu gibi g\u00f6r\u00fcnen projeleri de\u011ferlendirmeye y\u00f6neltiyor. Bunlar\u0131n en iddial\u0131lar\u0131ndan biri, y\u00f6r\u00fcngeye [&hellip;]<\/p>\n","protected":false},"author":19,"featured_media":200221,"comment_status":"open","ping_status":"open","sticky":false,"template":"","format":"standard","meta":[],"categories":[53,49],"tags":[1964,1800],"views":16,"_links":{"self":[{"href":"https:\/\/www.enerjigazetesi.ist\/en\/wp-json\/wp\/v2\/posts\/200220"}],"collection":[{"href":"https:\/\/www.enerjigazetesi.ist\/en\/wp-json\/wp\/v2\/posts"}],"about":[{"href":"https:\/\/www.enerjigazetesi.ist\/en\/wp-json\/wp\/v2\/types\/post"}],"author":[{"embeddable":true,"href":"https:\/\/www.enerjigazetesi.ist\/en\/wp-json\/wp\/v2\/users\/19"}],"replies":[{"embeddable":true,"href":"https:\/\/www.enerjigazetesi.ist\/en\/wp-json\/wp\/v2\/comments?post=200220"}],"version-history":[{"count":0,"href":"https:\/\/www.enerjigazetesi.ist\/en\/wp-json\/wp\/v2\/posts\/200220\/revisions"}],"wp:featuredmedia":[{"embeddable":true,"href":"https:\/\/www.enerjigazetesi.ist\/en\/wp-json\/wp\/v2\/media\/200221"}],"wp:attachment":[{"href":"https:\/\/www.enerjigazetesi.ist\/en\/wp-json\/wp\/v2\/media?parent=200220"}],"wp:term":[{"taxonomy":"category","embeddable":true,"href":"https:\/\/www.enerjigazetesi.ist\/en\/wp-json\/wp\/v2\/categories?post=200220"},{"taxonomy":"post_tag","embeddable":true,"href":"https:\/\/www.enerjigazetesi.ist\/en\/wp-json\/wp\/v2\/tags?post=200220"}],"curies":[{"name":"wp","href":"https:\/\/api.w.org\/{rel}","templated":true}]}}