{"id":200211,"date":"2025-09-12T13:31:20","date_gmt":"2025-09-12T10:31:20","guid":{"rendered":"https:\/\/www.enerjigazetesi.ist\/?p=200211"},"modified":"2025-09-12T14:31:05","modified_gmt":"2025-09-12T11:31:05","slug":"ticari-gunes-fv-pazari-kuresel-olarak-guclu-buyuyor","status":"publish","type":"post","link":"https:\/\/www.enerjigazetesi.ist\/en\/ticari-gunes-fv-pazari-kuresel-olarak-guclu-buyuyor\/","title":{"rendered":"(Turkish) Ticari G\u00fcne\u015f FV Pazar\u0131 K\u00fcresel Olarak G\u00fc\u00e7l\u00fc B\u00fcy\u00fcyor&#8230;"},"content":{"rendered":"<p class=\"qtranxs-available-languages-message qtranxs-available-languages-message-en\">Sorry, this entry is only available in <a href=\"https:\/\/www.enerjigazetesi.ist\/tr\/wp-json\/wp\/v2\/posts\/200211\" class=\"qtranxs-available-language-link qtranxs-available-language-link-tr\" title=\"Turkish\">Turkish<\/a>. For the sake of viewer convenience, the content is shown below in the alternative language. You may click the link to switch the active language.<\/p><p><\/p>\n<h2><strong>Precedence Research\u00a0taraf\u0131ndan yay\u0131mlanan yeni rapor, ticari g\u00fcne\u015f fotovoltaik (FV) pazar\u0131n\u0131n \u00f6n\u00fcm\u00fczdeki y\u0131llarda h\u0131zla b\u00fcy\u00fcmeye devam edece\u011fini ortaya koyuyor. \u0130\u015fletmelerin enerji maliyetlerini d\u00fc\u015f\u00fcrme ve s\u00fcrd\u00fcr\u00fclebilirlik hedeflerini ger\u00e7ekle\u015ftirme aray\u0131\u015f\u0131, \u00e7at\u0131 \u00fcst\u00fc ve tesis i\u00e7i g\u00fcne\u015f enerjisi kurulumlar\u0131n\u0131 k\u00fcresel \u00f6l\u00e7ekte art\u0131r\u0131yor.<\/strong><\/h2>\n<p><img loading=\"lazy\" class=\"aligncenter wp-image-200212 size-full\" src=\"https:\/\/www.enerjigazetesi.ist\/wp-content\/uploads\/2025\/09\/pexels-pixabay-46169-1200x1200-1.jpg\" alt=\"\" width=\"550\" height=\"340\" srcset=\"https:\/\/www.enerjigazetesi.ist\/wp-content\/uploads\/2025\/09\/pexels-pixabay-46169-1200x1200-1.jpg 550w, https:\/\/www.enerjigazetesi.ist\/wp-content\/uploads\/2025\/09\/pexels-pixabay-46169-1200x1200-1-300x185.jpg 300w, https:\/\/www.enerjigazetesi.ist\/wp-content\/uploads\/2025\/09\/pexels-pixabay-46169-1200x1200-1-500x309.jpg 500w, https:\/\/www.enerjigazetesi.ist\/wp-content\/uploads\/2025\/09\/pexels-pixabay-46169-1200x1200-1-80x50.jpg 80w\" sizes=\"(max-width: 550px) 100vw, 550px\" \/><\/p>\n<p>Raporun \u00f6ne \u00e7\u0131kan bulgular\u0131na g\u00f6re, Asya-Pasifik b\u00f6lgesi 2024 itibar\u0131yla ticari g\u00fcne\u015f PV pazar\u0131nda lider konumunu koruyor. \u00c7in, Hindistan, Japonya ve G\u00fcney Kore gibi \u00fclkelerde devlet destekleri, y\u00fcksek enerji talebi ve yenilenebilir enerji yat\u0131r\u0131mlar\u0131 bu b\u00fcy\u00fcmeyi destekliyor. \u00d6te yandan, Orta Do\u011fu ve Afrika b\u00f6lgesi y\u00fcksek g\u00fcne\u015flenme potansiyeli ve artan enerji yat\u0131r\u0131mlar\u0131 sayesinde \u00f6n\u00fcm\u00fczdeki d\u00f6nemde en h\u0131zl\u0131 b\u00fcy\u00fcyen pazar olarak \u00f6ne \u00e7\u0131k\u0131yor.<\/p>\n<p>Sistem t\u00fcrleri a\u00e7\u0131s\u0131ndan 2024\u2019te en b\u00fcy\u00fck pay\u0131 \u015febekeye ba\u011fl\u0131 (grid-tied) sistemler ald\u0131. Bu sistemler, d\u00fc\u015f\u00fck kurulum maliyeti ve mevcut enerji altyap\u0131s\u0131yla kolay entegrasyon sa\u011flamalar\u0131 nedeniyle tercih ediliyor. Ancak rapor, hibrit sistemlerin (g\u00fcne\u015f enerjisinin batarya ve di\u011fer enerji kaynaklar\u0131yla entegre edildi\u011fi \u00e7\u00f6z\u00fcmler) \u00f6n\u00fcm\u00fczdeki y\u0131llarda en h\u0131zl\u0131 b\u00fcy\u00fcmeyi kaydedece\u011fini \u00f6ng\u00f6r\u00fcyor. Enerji g\u00fcvenli\u011fi ve esnekli\u011fi art\u0131ran hibrit \u00e7\u00f6z\u00fcmler, \u00f6zellikle enerji arz\u0131n\u0131n istikrars\u0131z oldu\u011fu b\u00f6lgelerde \u00f6ne \u00e7\u0131k\u0131yor.<\/p>\n<p>Bile\u015fen baz\u0131nda ise g\u00fcne\u015f mod\u00fclleri pazar\u0131n en b\u00fcy\u00fck segmenti oldu. Teknolojideki geli\u015fmeler, verimlilik art\u0131\u015f\u0131 ve maliyetlerdeki d\u00fc\u015f\u00fc\u015f sayesinde mod\u00fcller, ticari PV sistemlerinin omurgas\u0131n\u0131 olu\u015fturmaya devam ediyor. \u0130nverterler ve enerji depolama sistemleri de b\u00fcy\u00fcyen pazar\u0131n kritik par\u00e7alar\u0131 aras\u0131nda g\u00f6steriliyor.<\/p>\n<p>Precedence Research, ticari g\u00fcne\u015f enerjisi pazar\u0131n\u0131n \u00f6n\u00fcm\u00fczdeki d\u00f6nemde hem b\u00f6lgesel \u00e7e\u015fitlilik hem de teknolojik inovasyonlarla daha da g\u00fc\u00e7lenece\u011fini belirtiyor. \u00d6zellikle hibrit \u00e7\u00f6z\u00fcmlerin yayg\u0131nla\u015fmas\u0131yla, g\u00fcne\u015f enerjisinin ticari kullan\u0131m\u0131nda verimlilik ve dayan\u0131kl\u0131l\u0131\u011f\u0131n yeni bir seviyeye ta\u015f\u0131naca\u011f\u0131 \u00f6ng\u00f6r\u00fcl\u00fcyor.<\/p>\n<p>\u00c7eviri:\u00a0<a href=\"http:\/\/solar.ist\">solar.ist<\/a><\/p>\n<p>Kaynak:\u00a0<a href=\"https:\/\/www.precedenceresearch.com\/commercial-solar-pv-market\" target=\"_blank\" rel=\"noopener noreferrer\">Precedence Research \u2013 Commercial Solar PV Market<\/a><\/p>\n<p>Yay\u0131na Alan: Alperen ERTA\u015e-<a href=\"http:\/\/alperen.ertas@enerjigazetesi.ist\">alperen.ertas@enerjigazetesi.ist<\/a><\/p>","protected":false},"excerpt":{"rendered":"<p>Sorry, this entry is only available in Turkish. For the sake of viewer convenience, the content is shown below in the alternative language. You may click the link to switch the active language. Precedence Research\u00a0taraf\u0131ndan yay\u0131mlanan yeni rapor, ticari g\u00fcne\u015f fotovoltaik (FV) pazar\u0131n\u0131n \u00f6n\u00fcm\u00fczdeki y\u0131llarda h\u0131zla b\u00fcy\u00fcmeye devam edece\u011fini ortaya koyuyor. \u0130\u015fletmelerin enerji maliyetlerini d\u00fc\u015f\u00fcrme [&hellip;]<\/p>\n","protected":false},"author":19,"featured_media":200212,"comment_status":"open","ping_status":"open","sticky":false,"template":"","format":"standard","meta":[],"categories":[53,49],"tags":[117107,117106],"views":12,"_links":{"self":[{"href":"https:\/\/www.enerjigazetesi.ist\/en\/wp-json\/wp\/v2\/posts\/200211"}],"collection":[{"href":"https:\/\/www.enerjigazetesi.ist\/en\/wp-json\/wp\/v2\/posts"}],"about":[{"href":"https:\/\/www.enerjigazetesi.ist\/en\/wp-json\/wp\/v2\/types\/post"}],"author":[{"embeddable":true,"href":"https:\/\/www.enerjigazetesi.ist\/en\/wp-json\/wp\/v2\/users\/19"}],"replies":[{"embeddable":true,"href":"https:\/\/www.enerjigazetesi.ist\/en\/wp-json\/wp\/v2\/comments?post=200211"}],"version-history":[{"count":0,"href":"https:\/\/www.enerjigazetesi.ist\/en\/wp-json\/wp\/v2\/posts\/200211\/revisions"}],"wp:featuredmedia":[{"embeddable":true,"href":"https:\/\/www.enerjigazetesi.ist\/en\/wp-json\/wp\/v2\/media\/200212"}],"wp:attachment":[{"href":"https:\/\/www.enerjigazetesi.ist\/en\/wp-json\/wp\/v2\/media?parent=200211"}],"wp:term":[{"taxonomy":"category","embeddable":true,"href":"https:\/\/www.enerjigazetesi.ist\/en\/wp-json\/wp\/v2\/categories?post=200211"},{"taxonomy":"post_tag","embeddable":true,"href":"https:\/\/www.enerjigazetesi.ist\/en\/wp-json\/wp\/v2\/tags?post=200211"}],"curies":[{"name":"wp","href":"https:\/\/api.w.org\/{rel}","templated":true}]}}