{"id":200196,"date":"2025-09-12T12:41:48","date_gmt":"2025-09-12T09:41:48","guid":{"rendered":"https:\/\/www.enerjigazetesi.ist\/?p=200196"},"modified":"2025-09-12T12:42:58","modified_gmt":"2025-09-12T09:42:58","slug":"izmirde-is-dunyasinin-surdurulebilirlik-ajandasi-konusuldu","status":"publish","type":"post","link":"https:\/\/www.enerjigazetesi.ist\/en\/izmirde-is-dunyasinin-surdurulebilirlik-ajandasi-konusuldu\/","title":{"rendered":"(Turkish) \u0130zmir\u2019de \u0130\u015f D\u00fcnyas\u0131n\u0131n S\u00fcrd\u00fcr\u00fclebilirlik Ajandas\u0131 Konu\u015fuldu"},"content":{"rendered":"<p class=\"qtranxs-available-languages-message qtranxs-available-languages-message-en\">Sorry, this entry is only available in <a href=\"https:\/\/www.enerjigazetesi.ist\/tr\/wp-json\/wp\/v2\/posts\/200196\" class=\"qtranxs-available-language-link qtranxs-available-language-link-tr\" title=\"Turkish\">Turkish<\/a>. For the sake of viewer convenience, the content is shown below in the alternative language. You may click the link to switch the active language.<\/p><p><\/p>\n<h2><strong>UN Global Compact T\u00fcrkiye, i\u015f d\u00fcnyas\u0131n\u0131n \u00f6nde gelen temsilcilerini Ege B\u00f6lgesi Bulu\u015fmas\u0131\u2019nda \u0130zmir\u2019de ES\u0130AD ev sahipli\u011finde, KalDer \u0130zmir ve TA\u0130DER i\u015fbirli\u011finde bir araya getirdi. Bulu\u015fma kapsam\u0131nda \u201cLiderlerin S\u00fcrd\u00fcr\u00fclebilirlik Ajandas\u0131\u201d ba\u015fl\u0131kl\u0131 panelde k\u00fcresel geli\u015fmeler, d\u00fczenlemeler ve \u015firketlerin sistemsel d\u00f6n\u00fc\u015f\u00fcm yaratma kapasitelerini ortaya koyan iyi uygulamalar ekseninde i\u015f d\u00fcnyas\u0131n\u0131n hangi alanlarda cesur ad\u0131mlar atmas\u0131 gerekti\u011fi tart\u0131\u015f\u0131ld\u0131.<\/strong><\/h2>\n<p><img loading=\"lazy\" class=\"aligncenter wp-image-200197 size-full\" src=\"https:\/\/www.enerjigazetesi.ist\/wp-content\/uploads\/2025\/09\/1757574894_UN_Global_Compact_T__rkiye___1_.jpg\" alt=\"\" width=\"550\" height=\"367\" srcset=\"https:\/\/www.enerjigazetesi.ist\/wp-content\/uploads\/2025\/09\/1757574894_UN_Global_Compact_T__rkiye___1_.jpg 550w, https:\/\/www.enerjigazetesi.ist\/wp-content\/uploads\/2025\/09\/1757574894_UN_Global_Compact_T__rkiye___1_-300x200.jpg 300w, https:\/\/www.enerjigazetesi.ist\/wp-content\/uploads\/2025\/09\/1757574894_UN_Global_Compact_T__rkiye___1_-500x334.jpg 500w, https:\/\/www.enerjigazetesi.ist\/wp-content\/uploads\/2025\/09\/1757574894_UN_Global_Compact_T__rkiye___1_-75x50.jpg 75w, https:\/\/www.enerjigazetesi.ist\/wp-content\/uploads\/2025\/09\/1757574894_UN_Global_Compact_T__rkiye___1_-450x300.jpg 450w\" sizes=\"(max-width: 550px) 100vw, 550px\" \/><\/p>\n<p>UN Global Compact T\u00fcrkiye Ege B\u00f6lgesi Bulu\u015fmas\u0131\u2019nda Avrupa Birli\u011fi (AB) d\u00fczenlemeleri, insan haklar\u0131, e\u015fitlik, adil ge\u00e7i\u015f ve 2030 perspektifi gibi i\u015f d\u00fcnyas\u0131n\u0131n gelece\u011fini \u015fekillendiren ba\u015fl\u0131klar\u0131n etraf\u0131nda s\u00fcrd\u00fcr\u00fclebilirlik g\u00fcndemi ve \u015firketlerin rol\u00fc tart\u0131\u015f\u0131ld\u0131. ES\u0130AD ev sahipli\u011finde, KalDer \u0130zmir ve TA\u0130DER i\u015fbirli\u011finde ger\u00e7ekle\u015fen bulu\u015fmada kat\u0131l\u0131mc\u0131lara Ege B\u00f6lgesi i\u00e7in \u0130\u015f D\u00fcnyas\u0131 ve \u0130nsan Haklar\u0131 Deneyim Payla\u015f\u0131m Grubuna ba\u015fvurular\u0131n ba\u015flad\u0131\u011f\u0131 duyuruldu.<\/p>\n<h3><strong>Liderlerin S\u00fcrd\u00fcr\u00fclebilirlik Ajandas\u0131: Gelece\u011fe Y\u00f6n Veren Stratejiler<\/strong><\/h3>\n<p>Etkinli\u011fin a\u00e7\u0131l\u0131\u015f oturumu olan <strong>\u201cLiderlerin S\u00fcrd\u00fcr\u00fclebilirlik Ajandas\u0131: Gelece\u011fe Y\u00f6n Veren Stratejiler\u201d<\/strong> ba\u015fl\u0131kl\u0131 panelde; <strong>UN Global Compact T\u00fcrkiye Y\u00f6netim Kurulu Ba\u015fkan\u0131 Ahmet D\u00f6rd\u00fcnc\u00fc, ES\u0130AD Y\u00f6netim Kurulu Ba\u015fkan\u0131 Sibel Zorlu, TA\u0130DER Y\u00f6netim Kurulu Ba\u015fkan\u0131 G\u00fclfem Yorganc\u0131lar <\/strong>ve <strong>KalDer \u0130zmir Y\u00f6netim Kurulu Ba\u015fkan Yard\u0131mc\u0131s\u0131 Dr. \u00d6zlem Ecemi\u015f; UN Global Compact T\u00fcrkiye Genel Sekreteri Melda \u00c7ele\u2019nin <\/strong>moderat\u00f6rl\u00fc\u011f\u00fcnde 2030 perspektifiyle i\u015f d\u00fcnyas\u0131n\u0131n \u00f6n\u00fcm\u00fczdeki d\u00f6nemde hangi alanlarda cesur ad\u0131mlar atmas\u0131 gerekti\u011fini ve sosyal s\u00fcrd\u00fcr\u00fclebilirli\u011fin liderlik vizyonundaki rol\u00fcn\u00fc ele ald\u0131lar.<\/p>\n<p>Panelde AB d\u00fczenlemeleri ile k\u00fcresel ve T\u00fcrkiye\u2019deki geli\u015fmelerin \u015firketlerin s\u00fcrd\u00fcr\u00fclebilirlik ajandas\u0131na nas\u0131l y\u00f6n verdi\u011fi de\u011ferlendirildi ve \u015firketlerin d\u00f6n\u00fc\u015f\u00fcm kapasitelerine ili\u015fkin fikir veren iyi uygulamalar payla\u015f\u0131ld\u0131. Panelde Ahmet D\u00f6rd\u00fcnc\u00fc bug\u00fcn i\u015f d\u00fcnyas\u0131 liderlerinin, hem zorunluluklar\u0131n ve y\u00fck\u00fcml\u00fcl\u00fcklerin hem de toplumun beklentilerinin de\u011fi\u015fmesiyle birlikte, daha kapsaml\u0131 bir liderlik sorumlulu\u011fu \u00fcstlendi\u011fini vurgulayarak \u015funlar\u0131 s\u00f6yledi:<\/p>\n<p><em>\u201c\u0130klim krizinden adil ge\u00e7i\u015fe, e\u015fitlikten insan haklar\u0131na kadar her alanda <strong>i\u015f d\u00fcnyas\u0131 liderleri art\u0131k sadece kendi \u015firketlerinin de\u011fil, toplumun gelece\u011finin de sorumlulu\u011funu <\/strong>ta\u015f\u0131yor. E\u015fitsizliklerin derinle\u015fti\u011fi, insan haklar\u0131 ihlallerinin artt\u0131\u011f\u0131, en temel hizmetlere eri\u015fimin zorla\u015ft\u0131\u011f\u0131 bu d\u00f6nemde sorumlu olan, etkisi olan kimsenin elini ta\u015f\u0131n alt\u0131ndan \u00e7ekme l\u00fcks\u00fc yok. S\u00fcrd\u00fcr\u00fclebilir Kalk\u0131nma Ama\u00e7lar\u0131 kapsam\u0131ndaki hedeflerin y\u00fczde 90\u2019\u0131ndan fazlas\u0131 insan haklar\u0131 y\u00fck\u00fcml\u00fcl\u00fckleriyle \u00f6rt\u00fc\u015f\u00fcyor. Yani SKA\u2019lar y\u00f6n\u00fcnde at\u0131lan her ad\u0131m, ayn\u0131 zamanda insan haklar\u0131nda da bir ilerleme anlam\u0131na geliyor. K\u0131sacas\u0131, s\u00fcrd\u00fcr\u00fclebilir kalk\u0131nma ile insan haklar\u0131 birbirinden ayr\u0131 de\u011fil; ayn\u0131 madalyonun iki y\u00fcz\u00fc. Bug\u00fcn liderler i\u00e7in en b\u00fcy\u00fck s\u0131nav, bu <strong>\u00e7oklu kriz ortam\u0131nda gelece\u011fi d\u00fc\u015f\u00fcnerek veriye dayal\u0131 ve adil, kapsay\u0131c\u0131 ve cesur kararlar<\/strong> alabilmek.\u201d<\/em> dedi.<\/p>\n<p><strong>ES\u0130AD Y\u00f6netim Kurulu Ba\u015fkan\u0131 Sibel Zorlu, <\/strong>\u015firketlerin bilan\u00e7o tablolar\u0131 kadar topluma ve do\u011faya b\u0131rakt\u0131klar\u0131 izlerin de ba\u015far\u0131n\u0131n bir par\u00e7as\u0131 haline geldi\u011fini belirterek<em> \u201c\u0130klim krizinden tedarik zincirlerindeki k\u0131r\u0131lganl\u0131klara, sosyal adaletsizliklerden finansal dalgalanmalara kadar ya\u015fanan t\u00fcm geli\u015fmeler bize ayn\u0131 mesaj\u0131 veriyor: D\u00f6n\u00fc\u015fmeden ilerleme yok.\u201d<\/em> dedi.<\/p>\n<p><strong>TA\u0130DER Y\u00f6netim Kurulu Ba\u015fkan\u0131 G\u00fclfem Yorganc\u0131lar<\/strong> \u201c<em>Aile \u015firketlerinde s\u00fcrd\u00fcr\u00fclebilirlik, bir ku\u015fa\u011f\u0131n di\u011ferine sadece \u015firketi de\u011fil, ayn\u0131 zamanda \u00e7evreye, topluma kar\u015f\u0131 olan sorumluluk bilincini, de\u011ferleri ve k\u00fclt\u00fcr\u00fc teslim etmesiyle olu\u015fur. Bir ba\u015fka deyi\u015fle, &#8216;i\u015fi devam ettirmekten&#8217; \u00e7ok daha derin; gelece\u011fi g\u00fcvence alt\u0131na alan bir k\u00fclt\u00fcr aktar\u0131m\u0131d\u0131r.\u201d<\/em> \u015feklinde konu\u015ftu.<\/p>\n<p><strong>KalDer \u0130zmir \u015eubesi Y\u00f6netim Kurulu Ba\u015fkan Yard\u0131mc\u0131s\u0131 Dr. \u00d6zlem Ecemi\u015f<\/strong>, kurumsal m\u00fckemmellik yolculu\u011funda s\u00fcrd\u00fcr\u00fclebilirli\u011fin, sadece \u00e7evresel ya da finansal bir hedef de\u011fil; ayn\u0131 zamanda sosyal etkiyi y\u00f6neten bir liderlik bi\u00e7imi haline gelmesi gerekti\u011fini vurgulayarak<em> \u201cKalite art\u0131k sadece s\u00fcre\u00e7lerin de\u011fil, kurumlar\u0131n vicdan\u0131n\u0131n da bir g\u00f6stergesidir\u201d<\/em> dedi.<\/p>\n<p><img loading=\"lazy\" class=\"aligncenter wp-image-200198 size-full\" src=\"https:\/\/www.enerjigazetesi.ist\/wp-content\/uploads\/2025\/09\/1757574901_UN_Global_Compact_T__rkiye___2_.jpg\" alt=\"\" width=\"550\" height=\"367\" srcset=\"https:\/\/www.enerjigazetesi.ist\/wp-content\/uploads\/2025\/09\/1757574901_UN_Global_Compact_T__rkiye___2_.jpg 550w, https:\/\/www.enerjigazetesi.ist\/wp-content\/uploads\/2025\/09\/1757574901_UN_Global_Compact_T__rkiye___2_-300x200.jpg 300w, https:\/\/www.enerjigazetesi.ist\/wp-content\/uploads\/2025\/09\/1757574901_UN_Global_Compact_T__rkiye___2_-500x334.jpg 500w, https:\/\/www.enerjigazetesi.ist\/wp-content\/uploads\/2025\/09\/1757574901_UN_Global_Compact_T__rkiye___2_-75x50.jpg 75w, https:\/\/www.enerjigazetesi.ist\/wp-content\/uploads\/2025\/09\/1757574901_UN_Global_Compact_T__rkiye___2_-450x300.jpg 450w\" sizes=\"(max-width: 550px) 100vw, 550px\" \/><\/p>\n<h3><strong>Ege B\u00f6lgesi\u2019nde \u0130\u015f D\u00fcnyas\u0131 ve \u0130nsan Haklar\u0131 Deneyim Payla\u015f\u0131m Grubu Ba\u015fl\u0131yor<\/strong><\/h3>\n<p>Panelin ard\u0131ndan UN Global Compact T\u00fcrkiye Sosyal S\u00fcrd\u00fcr\u00fclebilirlik M\u00fcd\u00fcr\u00fc <strong>Sevda Alkan<\/strong>, \u015firketlerin insan haklar\u0131 alan\u0131ndaki sorumluluklar\u0131na dair yapt\u0131\u011f\u0131 sunumda \u015firketlerin bu alandaki deneyimlerini payla\u015fmalar\u0131na, iyi uygulamalardan \u00f6\u011frenmelerine ve ortak i\u015f birlikleri geli\u015ftirmelerine olanak sa\u011flayan <strong>\u0130\u015f D\u00fcnyas\u0131 ve \u0130nsan Haklar\u0131 Deneyim Payla\u015f\u0131m Grubu<\/strong> hakk\u0131nda bilgilendirme yapt\u0131 ve Ege B\u00f6lgesi i\u00e7in ba\u015fvurular\u0131n ba\u015flad\u0131\u011f\u0131n\u0131 duyurdu. UN Global Compact T\u00fcrkiye, ES\u0130AD, TA\u0130DER ve KalDer \u0130zmir \u00fcyelerinin ba\u015fvurular\u0131na a\u00e7\u0131k olan deneyim payla\u015f\u0131m grubu, kat\u0131l\u0131mc\u0131lara uzman kolayla\u015ft\u0131r\u0131c\u0131 e\u015fli\u011finde d\u00fczenlenecek bulu\u015fmalarla di\u011fer \u015firketlerin uygulamalar\u0131n\u0131 ve kar\u015f\u0131la\u015ft\u0131\u011f\u0131 sorunlar\u0131 \u00f6\u011frenme, \u00e7\u00f6z\u00fcm \u00f6nerileri geli\u015ftirme ve insan haklar\u0131 yolculuklar\u0131na ili\u015fkin bilgi ve i\u00e7g\u00f6r\u00fc edinme imkan\u0131 sunacak.<\/p>\n<p>Yay\u0131na Alan: Alperen ERTA\u015e-<a href=\"http:\/\/alperen.ertas@enerjigazetesi.ist\">alperen.ertas@enerjigazetesi.ist<\/a><\/p>","protected":false},"excerpt":{"rendered":"<p>Sorry, this entry is only available in Turkish. For the sake of viewer convenience, the content is shown below in the alternative language. You may click the link to switch the active language. UN Global Compact T\u00fcrkiye, i\u015f d\u00fcnyas\u0131n\u0131n \u00f6nde gelen temsilcilerini Ege B\u00f6lgesi Bulu\u015fmas\u0131\u2019nda \u0130zmir\u2019de ES\u0130AD ev sahipli\u011finde, KalDer \u0130zmir ve TA\u0130DER i\u015fbirli\u011finde bir [&hellip;]<\/p>\n","protected":false},"author":19,"featured_media":200197,"comment_status":"open","ping_status":"open","sticky":false,"template":"","format":"standard","meta":[],"categories":[53],"tags":[117103,109706],"views":15,"_links":{"self":[{"href":"https:\/\/www.enerjigazetesi.ist\/en\/wp-json\/wp\/v2\/posts\/200196"}],"collection":[{"href":"https:\/\/www.enerjigazetesi.ist\/en\/wp-json\/wp\/v2\/posts"}],"about":[{"href":"https:\/\/www.enerjigazetesi.ist\/en\/wp-json\/wp\/v2\/types\/post"}],"author":[{"embeddable":true,"href":"https:\/\/www.enerjigazetesi.ist\/en\/wp-json\/wp\/v2\/users\/19"}],"replies":[{"embeddable":true,"href":"https:\/\/www.enerjigazetesi.ist\/en\/wp-json\/wp\/v2\/comments?post=200196"}],"version-history":[{"count":0,"href":"https:\/\/www.enerjigazetesi.ist\/en\/wp-json\/wp\/v2\/posts\/200196\/revisions"}],"wp:featuredmedia":[{"embeddable":true,"href":"https:\/\/www.enerjigazetesi.ist\/en\/wp-json\/wp\/v2\/media\/200197"}],"wp:attachment":[{"href":"https:\/\/www.enerjigazetesi.ist\/en\/wp-json\/wp\/v2\/media?parent=200196"}],"wp:term":[{"taxonomy":"category","embeddable":true,"href":"https:\/\/www.enerjigazetesi.ist\/en\/wp-json\/wp\/v2\/categories?post=200196"},{"taxonomy":"post_tag","embeddable":true,"href":"https:\/\/www.enerjigazetesi.ist\/en\/wp-json\/wp\/v2\/tags?post=200196"}],"curies":[{"name":"wp","href":"https:\/\/api.w.org\/{rel}","templated":true}]}}