{"id":200173,"date":"2025-09-11T06:00:20","date_gmt":"2025-09-11T03:00:20","guid":{"rendered":"https:\/\/www.enerjigazetesi.ist\/?p=200173"},"modified":"2025-09-11T08:26:46","modified_gmt":"2025-09-11T05:26:46","slug":"socar-energy-school-katilimi-icin-basvurular-basladi","status":"publish","type":"post","link":"https:\/\/www.enerjigazetesi.ist\/en\/socar-energy-school-katilimi-icin-basvurular-basladi\/","title":{"rendered":"(Turkish) SOCAR Energy School Kat\u0131l\u0131m\u0131 \u0130\u00e7in Ba\u015fvurular Ba\u015flad\u0131"},"content":{"rendered":"<p class=\"qtranxs-available-languages-message qtranxs-available-languages-message-en\">Sorry, this entry is only available in <a href=\"https:\/\/www.enerjigazetesi.ist\/tr\/wp-json\/wp\/v2\/posts\/200173\" class=\"qtranxs-available-language-link qtranxs-available-language-link-tr\" title=\"Turkish\">Turkish<\/a>. For the sake of viewer convenience, the content is shown below in the alternative language. You may click the link to switch the active language.<\/p><p><\/p>\n<h2><strong>SOCAR T\u00fcrkiye ve Sabanc\u0131 \u00dcniversitesi Y\u00f6netici Geli\u015ftirme Birimi (EDU) i\u015f birli\u011fi ile hayata ge\u00e7irilen SOCAR Energy School\u2019un d\u00f6rd\u00fcnc\u00fc d\u00f6nem ba\u015fvurular\u0131 10 Eyl\u00fcl \u00c7ar\u015famba g\u00fcn\u00fc ba\u015fl\u0131yor. Enerji alan\u0131nda uzmanla\u015fmak isteyen ki\u015filerin kat\u0131labilece\u011fi program\u0131n ba\u015fvurular\u0131 11 Ekim\u2019de sona erecek.\u00a0<\/strong><\/h2>\n<p><strong> <img loading=\"lazy\" class=\"size-full wp-image-200174 aligncenter\" src=\"https:\/\/www.enerjigazetesi.ist\/wp-content\/uploads\/2025\/09\/1757503028_SOCAR_Energy_School_1.jpg\" alt=\"\" width=\"550\" height=\"297\" srcset=\"https:\/\/www.enerjigazetesi.ist\/wp-content\/uploads\/2025\/09\/1757503028_SOCAR_Energy_School_1.jpg 550w, https:\/\/www.enerjigazetesi.ist\/wp-content\/uploads\/2025\/09\/1757503028_SOCAR_Energy_School_1-300x162.jpg 300w, https:\/\/www.enerjigazetesi.ist\/wp-content\/uploads\/2025\/09\/1757503028_SOCAR_Energy_School_1-500x270.jpg 500w, https:\/\/www.enerjigazetesi.ist\/wp-content\/uploads\/2025\/09\/1757503028_SOCAR_Energy_School_1-80x43.jpg 80w\" sizes=\"(max-width: 550px) 100vw, 550px\" \/><\/strong><\/p>\n<p>T\u00fcrkiye\u2019nin en b\u00fcy\u00fck do\u011frudan d\u0131\u015f yat\u0131r\u0131mc\u0131s\u0131 ve en b\u00fcy\u00fck entegre end\u00fcstri grubu SOCAR T\u00fcrkiye\u2019nin, Sabanc\u0131 \u00dcniversitesi Y\u00f6netici Geli\u015ftirme Birimi (EDU) i\u015f birli\u011fiyle ilkini 2022 y\u0131l\u0131nda ilk kez d\u00fczenledi\u011fi SOCAR Energy School sertifika program\u0131n\u0131n d\u00f6rd\u00fcnc\u00fc d\u00f6nemi ba\u015fl\u0131yor. SOCAR Energy School sertifika program\u0131nda, Azerbaycan ve T\u00fcrkiye\u2019nin enerji alan\u0131ndaki stratejik konumu ve enerjide \u00f6ne \u00e7\u0131kan konular g\u00fcndeme ta\u015f\u0131n\u0131rken, \u00f6zellikle yenilenebilir enerji ba\u015fta olmak \u00fczere yeni trendler de ele al\u0131nacak. Ayr\u0131ca iki \u00fclkenin bu alandaki i\u015f birli\u011fi ile birlikte enerji g\u00fcvenli\u011fine, ye\u015fil d\u00f6n\u00fc\u015f\u00fcme ve b\u00f6lgesel entegrasyona sa\u011flad\u0131klar\u0131 katk\u0131lar da odak noktas\u0131 olacak.<\/p>\n<p>SOCAR Energy School, hayata ge\u00e7irildi\u011fi ilk y\u0131ldan itibaren kat\u0131l\u0131mc\u0131lara y\u00f6nelik sundu\u011fu zengin i\u00e7erikleriyle dikkat \u00e7ekiyor. D\u00f6rd\u00fcnc\u00fc d\u00f6nemi ile birlikte s\u00fcrd\u00fcr\u00fclebilir bir platform olarak \u00f6ne \u00e7\u0131kan program, enerji alan\u0131nda uzmanla\u015fmak isteyen kamu ve \u00f6zel sekt\u00f6r y\u00f6neticilerini, akademisyenleri, medya mensuplar\u0131n\u0131, uluslararas\u0131 d\u00fczeyde politika yap\u0131c\u0131lar\u0131 ve enerji uzmanlar\u0131n\u0131 bir araya getiriyor. Program\u0131n ilk \u00fc\u00e7 d\u00f6neminde ba\u015fvuran toplam 2023 aday aras\u0131ndan titizlikle yap\u0131lan de\u011ferlendirmeler sonucunda toplam 204 kat\u0131l\u0131mc\u0131 kabul edildi.<\/p>\n<p>Yeni d\u00f6nem i\u00e7in haz\u0131rlanan m\u00fcfredat; alan\u0131nda \u00f6nde gelen uzmanlar taraf\u0131ndan verilecek yirmi be\u015f temel ders ve be\u015f se\u00e7meli dersin yan\u0131 s\u0131ra \u00fc\u00e7 de\u011ferlendirme oturumu, d\u00f6rt \u00f6zel oturum ve g\u00fcncel enerji politikas\u0131 konular\u0131n\u0131n tart\u0131\u015f\u0131laca\u011f\u0131, d\u00fcnya \u00e7ap\u0131nda tan\u0131nm\u0131\u015f konu\u015fmac\u0131lar\u0131n kat\u0131laca\u011f\u0131 on \u00fc\u00e7 paneli kaps\u0131yor. Toplam 142 saatlik i\u00e7erikten olu\u015fan program derslerinin \u00e7o\u011fu online \u00e7evrimi\u00e7i platform \u00fczerinden y\u00fcr\u00fct\u00fclecek. A\u00e7\u0131l\u0131\u015f ve kapan\u0131\u015f dersleri, saha gezisi ve sosyal etkinlikler ise SOCAR T\u00fcrkiye\u2019nin Alia\u011fa ve \u0130stanbul tesislerinde y\u00fcz y\u00fcze yap\u0131lacak.<\/p>\n<p>Ba\u015fvuru \u0130\u00e7in:\u00a0<a href=\"http:\/\/www.socarenergyschool.com\/en\">socarenergyschool.com<\/a>&#8211;<a href=\"http:\/\/www.socarenergyschool.com\/\">www.socarenergyschool.com<\/a><\/p>\n<p>Yay\u0131na Alan: Alperen ERTA\u015e-<a href=\"http:\/\/alperen.ertas@enerjigazetesi.ist\">alperen.ertas@enerjigazetesi.ist<\/a><\/p>","protected":false},"excerpt":{"rendered":"<p>Sorry, this entry is only available in Turkish. For the sake of viewer convenience, the content is shown below in the alternative language. You may click the link to switch the active language. SOCAR T\u00fcrkiye ve Sabanc\u0131 \u00dcniversitesi Y\u00f6netici Geli\u015ftirme Birimi (EDU) i\u015f birli\u011fi ile hayata ge\u00e7irilen SOCAR Energy School\u2019un d\u00f6rd\u00fcnc\u00fc d\u00f6nem ba\u015fvurular\u0131 10 Eyl\u00fcl [&hellip;]<\/p>\n","protected":false},"author":19,"featured_media":200174,"comment_status":"open","ping_status":"open","sticky":false,"template":"","format":"standard","meta":[],"categories":[51,53,49,44,50],"tags":[105944,1567],"views":16,"_links":{"self":[{"href":"https:\/\/www.enerjigazetesi.ist\/en\/wp-json\/wp\/v2\/posts\/200173"}],"collection":[{"href":"https:\/\/www.enerjigazetesi.ist\/en\/wp-json\/wp\/v2\/posts"}],"about":[{"href":"https:\/\/www.enerjigazetesi.ist\/en\/wp-json\/wp\/v2\/types\/post"}],"author":[{"embeddable":true,"href":"https:\/\/www.enerjigazetesi.ist\/en\/wp-json\/wp\/v2\/users\/19"}],"replies":[{"embeddable":true,"href":"https:\/\/www.enerjigazetesi.ist\/en\/wp-json\/wp\/v2\/comments?post=200173"}],"version-history":[{"count":0,"href":"https:\/\/www.enerjigazetesi.ist\/en\/wp-json\/wp\/v2\/posts\/200173\/revisions"}],"wp:featuredmedia":[{"embeddable":true,"href":"https:\/\/www.enerjigazetesi.ist\/en\/wp-json\/wp\/v2\/media\/200174"}],"wp:attachment":[{"href":"https:\/\/www.enerjigazetesi.ist\/en\/wp-json\/wp\/v2\/media?parent=200173"}],"wp:term":[{"taxonomy":"category","embeddable":true,"href":"https:\/\/www.enerjigazetesi.ist\/en\/wp-json\/wp\/v2\/categories?post=200173"},{"taxonomy":"post_tag","embeddable":true,"href":"https:\/\/www.enerjigazetesi.ist\/en\/wp-json\/wp\/v2\/tags?post=200173"}],"curies":[{"name":"wp","href":"https:\/\/api.w.org\/{rel}","templated":true}]}}