{"id":20016,"date":"2013-12-27T13:02:04","date_gmt":"2013-12-27T10:02:04","guid":{"rendered":"https:\/\/www.enerjigazetesi.ist\/?p=20016"},"modified":"2013-12-27T13:02:04","modified_gmt":"2013-12-27T10:02:04","slug":"epias-2014un-ikinci-ceyregine-kadar-tamamlaniyor","status":"publish","type":"post","link":"https:\/\/www.enerjigazetesi.ist\/en\/epias-2014un-ikinci-ceyregine-kadar-tamamlaniyor\/","title":{"rendered":"(Turkish) EP\u0130A\u015e, 2014\u2019\u00fcn \u0130kinci \u00c7eyre\u011fine Kadar Tamamlan\u0131yor&#8230;"},"content":{"rendered":"<p class=\"qtranxs-available-languages-message qtranxs-available-languages-message-en\">Sorry, this entry is only available in <a href=\"https:\/\/www.enerjigazetesi.ist\/tr\/wp-json\/wp\/v2\/posts\/20016\" class=\"qtranxs-available-language-link qtranxs-available-language-link-tr\" title=\"Turkish\">Turkish<\/a>. For the sake of viewer convenience, the content is shown below in the alternative language. You may click the link to switch the active language.<\/p><p><strong>TE\u0130A\u015e Genel M\u00fcd\u00fcr\u00fc Kemal<a href=\"https:\/\/www.enerjigazetesi.ist\/wp-content\/uploads\/2013\/10\/elektrik-dagitimin-ozel-sektore-devri-tamamlandi.jpg\"><img loading=\"lazy\" class=\"alignleft size-medium wp-image-16042\" title=\"elektrik-enerjisi\" src=\"https:\/\/www.enerjigazetesi.ist\/wp-content\/uploads\/2013\/10\/elektrik-dagitimin-ozel-sektore-devri-tamamlandi-300x206.jpg\" alt=\"\" width=\"300\" height=\"206\" srcset=\"https:\/\/www.enerjigazetesi.ist\/wp-content\/uploads\/2013\/10\/elektrik-dagitimin-ozel-sektore-devri-tamamlandi-300x206.jpg 300w, https:\/\/www.enerjigazetesi.ist\/wp-content\/uploads\/2013\/10\/elektrik-dagitimin-ozel-sektore-devri-tamamlandi-500x343.jpg 500w, https:\/\/www.enerjigazetesi.ist\/wp-content\/uploads\/2013\/10\/elektrik-dagitimin-ozel-sektore-devri-tamamlandi-72x50.jpg 72w, https:\/\/www.enerjigazetesi.ist\/wp-content\/uploads\/2013\/10\/elektrik-dagitimin-ozel-sektore-devri-tamamlandi.jpg 567w\" sizes=\"(max-width: 300px) 100vw, 300px\" \/><\/a> Y\u0131ld\u0131r, Enerji Piyasalar\u0131 i\u015fletme Anonim \u015eirketi\u2019nin (EP\u0130A\u015e) kurulu\u015f a\u015famas\u0131 hakk\u0131nda bilgi verdi.<\/strong><\/p>\n<p>Y\u0131ld\u0131r, EP\u0130A\u015e\u2019\u0131n y\u00fczde 30 hissesinin TE\u0130A\u015e\u2019e, y\u00fczde 30 hissesi Borsa \u0130stanbul\u2019a geri kalan y\u00fczde 40 hissesi ise EP\u0130A\u015e\u2019ta yer alacak \u00f6zel \u015firketlere ait olaca\u011f\u0131n\u0131 s\u00f6yledi. Yasal d\u00fczenlemelerin tamamland\u0131\u011f\u0131n\u0131 aktaran Y\u0131ld\u0131r, \u201c\u015eu anda Y\u00fcksek Planlama Kurulu karar\u0131n\u0131 bekliyoruz. Zann\u0131mca en ge\u00e7 2014\u2019\u00fcn ikinci \u00e7eyre\u011fine kadar s\u00fcre\u00e7 tamamlan\u0131r. Ben daha da \u00f6nce olabilece\u011fini d\u00fc\u015f\u00fcn\u00fcyorum\u201d dedi.<\/p>\n<p>Kaynak: <a href=\"http:\/\/enerjigunlugu.net\/epias-2014un-ikinci-ceyregine-kadar-tamamlaniyor_6304.html\" target=\"_blank\">Enerji G\u00fcnl\u00fc\u011f\u00fc<\/a><\/p>","protected":false},"excerpt":{"rendered":"<p>Sorry, this entry is only available in Turkish. For the sake of viewer convenience, the content is shown below in the alternative language. You may click the link to switch the active language.TE\u0130A\u015e Genel M\u00fcd\u00fcr\u00fc Kemal Y\u0131ld\u0131r, Enerji Piyasalar\u0131 i\u015fletme Anonim \u015eirketi\u2019nin (EP\u0130A\u015e) kurulu\u015f a\u015famas\u0131 hakk\u0131nda bilgi verdi. Y\u0131ld\u0131r, EP\u0130A\u015e\u2019\u0131n y\u00fczde 30 hissesinin TE\u0130A\u015e\u2019e, y\u00fczde [&hellip;]<\/p>\n","protected":false},"author":1,"featured_media":16042,"comment_status":"open","ping_status":"open","sticky":false,"template":"","format":"standard","meta":[],"categories":[51,53],"tags":[63,67,1009,3500,165,1010,10542,1582],"views":707,"_links":{"self":[{"href":"https:\/\/www.enerjigazetesi.ist\/en\/wp-json\/wp\/v2\/posts\/20016"}],"collection":[{"href":"https:\/\/www.enerjigazetesi.ist\/en\/wp-json\/wp\/v2\/posts"}],"about":[{"href":"https:\/\/www.enerjigazetesi.ist\/en\/wp-json\/wp\/v2\/types\/post"}],"author":[{"embeddable":true,"href":"https:\/\/www.enerjigazetesi.ist\/en\/wp-json\/wp\/v2\/users\/1"}],"replies":[{"embeddable":true,"href":"https:\/\/www.enerjigazetesi.ist\/en\/wp-json\/wp\/v2\/comments?post=20016"}],"version-history":[{"count":2,"href":"https:\/\/www.enerjigazetesi.ist\/en\/wp-json\/wp\/v2\/posts\/20016\/revisions"}],"predecessor-version":[{"id":20018,"href":"https:\/\/www.enerjigazetesi.ist\/en\/wp-json\/wp\/v2\/posts\/20016\/revisions\/20018"}],"wp:featuredmedia":[{"embeddable":true,"href":"https:\/\/www.enerjigazetesi.ist\/en\/wp-json\/wp\/v2\/media\/16042"}],"wp:attachment":[{"href":"https:\/\/www.enerjigazetesi.ist\/en\/wp-json\/wp\/v2\/media?parent=20016"}],"wp:term":[{"taxonomy":"category","embeddable":true,"href":"https:\/\/www.enerjigazetesi.ist\/en\/wp-json\/wp\/v2\/categories?post=20016"},{"taxonomy":"post_tag","embeddable":true,"href":"https:\/\/www.enerjigazetesi.ist\/en\/wp-json\/wp\/v2\/tags?post=20016"}],"curies":[{"name":"wp","href":"https:\/\/api.w.org\/{rel}","templated":true}]}}