{"id":200128,"date":"2025-09-09T23:58:09","date_gmt":"2025-09-09T20:58:09","guid":{"rendered":"https:\/\/www.enerjigazetesi.ist\/?p=200128"},"modified":"2025-09-09T23:58:09","modified_gmt":"2025-09-09T20:58:09","slug":"enerjisa-enerjinin-dagitim-sirketleri-sahada-egitimlerini-surduruyor","status":"publish","type":"post","link":"https:\/\/www.enerjigazetesi.ist\/en\/enerjisa-enerjinin-dagitim-sirketleri-sahada-egitimlerini-surduruyor\/","title":{"rendered":"(Turkish) Enerjisa Enerji\u2019nin Da\u011f\u0131t\u0131m \u015eirketleri&#8217; Sahada E\u011fitimlerini S\u00fcrd\u00fcr\u00fcyor"},"content":{"rendered":"<p class=\"qtranxs-available-languages-message qtranxs-available-languages-message-en\">Sorry, this entry is only available in <a href=\"https:\/\/www.enerjigazetesi.ist\/tr\/wp-json\/wp\/v2\/posts\/200128\" class=\"qtranxs-available-language-link qtranxs-available-language-link-tr\" title=\"Turkish\">Turkish<\/a>. For the sake of viewer convenience, the content is shown below in the alternative language. You may click the link to switch the active language.<\/p><p><\/p>\n<h2><strong>S\u00fcrd\u00fcr\u00fclebilirli\u011fi stratejisinin merkezine koyarak, insan ve teknoloji oda\u011f\u0131yla T\u00fcrkiye\u2019nin elektrik alt yap\u0131s\u0131na yat\u0131r\u0131mlar yapan ve projeler \u00fcreten Enerjisa Enerji\u2019nin da\u011f\u0131t\u0131m \u015firketleri Ba\u015fkent EDA\u015e, Ayeda\u015f ve Toroslar EDA\u015e da\u011f\u0131t\u0131m hizmeti verdi\u011fi 14 ilde daha iyi bir gelecek i\u00e7in mesleki e\u011fitim faaliyetleri kapsam\u0131nda elektrik-elektronik alan\u0131nda \u00f6\u011frenim g\u00f6ren \u00f6\u011frencilere ve alan \u00f6\u011fretmenlerine y\u00f6nelik e\u011fitimlerine aral\u0131ks\u0131z devam ediyor. T\u00fcrkiye\u2019nin istihdam\u0131na ve verimlili\u011fine katk\u0131 sa\u011flamay\u0131 hedefleyen ve 2018\u2019den bu yana sahada b\u00fcy\u00fck bir \u00f6zveriyle y\u00fcr\u00fct\u00fclen proje ile 14 bine yak\u0131n<\/strong>\u00a0<strong>\u00f6\u011frenci ve alan \u00f6\u011fretmenine e\u011fitim verildi.<\/strong><\/h2>\n<p><img loading=\"lazy\" class=\"size-full wp-image-200130 aligncenter\" src=\"https:\/\/www.enerjigazetesi.ist\/wp-content\/uploads\/2025\/09\/1756968252_Mobil_E__itim_Merkezi.jpg\" alt=\"\" width=\"550\" height=\"366\" srcset=\"https:\/\/www.enerjigazetesi.ist\/wp-content\/uploads\/2025\/09\/1756968252_Mobil_E__itim_Merkezi.jpg 550w, https:\/\/www.enerjigazetesi.ist\/wp-content\/uploads\/2025\/09\/1756968252_Mobil_E__itim_Merkezi-300x200.jpg 300w, https:\/\/www.enerjigazetesi.ist\/wp-content\/uploads\/2025\/09\/1756968252_Mobil_E__itim_Merkezi-500x333.jpg 500w, https:\/\/www.enerjigazetesi.ist\/wp-content\/uploads\/2025\/09\/1756968252_Mobil_E__itim_Merkezi-75x50.jpg 75w, https:\/\/www.enerjigazetesi.ist\/wp-content\/uploads\/2025\/09\/1756968252_Mobil_E__itim_Merkezi-450x300.jpg 450w\" sizes=\"(max-width: 550px) 100vw, 550px\" \/><\/p>\n<p>&nbsp;<\/p>\n<p>\u0130nsan ve teknoloji oda\u011f\u0131yla daha ak\u0131ll\u0131 ve ye\u015fil bir d\u00fcnyaya katk\u0131 sunmak i\u00e7in projeler \u00fcreten<strong>\u00a0<\/strong>Ba\u015fkent EDA\u015e, Ayeda\u015f ve Toroslar EDA\u015e, elektrik da\u011f\u0131t\u0131m hizmeti verdikleri 14 ilde, 2018 y\u0131l\u0131ndan beri Mill\u00ee E\u011fitim Bakanl\u0131\u011f\u0131 ile i\u015f birli\u011fi yaparak mesleki e\u011fitim faaliyetlerine h\u0131z kesmeden devam ediyor. \u00dclkenin verimlili\u011fine ve istihdam\u0131na katk\u0131 sa\u011flamak amac\u0131yla hayata ge\u00e7irilen Mobil E\u011fitim Merkezi Projesi ile elektrik da\u011f\u0131t\u0131m sekt\u00f6r\u00fc, m\u00fchendis, teknisyen ve tekniker adaylar\u0131na tan\u0131t\u0131l\u0131yor ve onlar\u0131n geli\u015fimine destek olunuyor.<\/p>\n<p>Enerjisa da\u011f\u0131t\u0131m \u015firketlerinin deste\u011fi ile 2018\u2019den beri \u0130stanbul, Hatay, Mersin, Adana, Gaziantep, Osmaniye, Zonguldak, Ankara, Bart\u0131n, Karab\u00fck, \u00c7ank\u0131r\u0131, Kastamonu ve K\u0131r\u0131kkale\u2019de devam eden proje ile kat\u0131l\u0131mc\u0131lara,\u00a0enerjinin yolculu\u011fu, elektrik da\u011f\u0131t\u0131m \u015firketlerinin sorumlulu\u011funun ba\u015flad\u0131\u011f\u0131 noktadan, t\u00fcketicilerin evlerine varana kadar t\u00fcm detaylar\u0131 kapsayacak \u015fekilde ba\u015ftan sona aktar\u0131l\u0131yor. E\u011fitim ayr\u0131ca, elektrik da\u011f\u0131t\u0131m sekt\u00f6r\u00fcn\u00fcn en \u00f6nemli konular\u0131ndan olan i\u015f sa\u011fl\u0131\u011f\u0131 g\u00fcvenli\u011fi e\u011fitimlerini de kaps\u0131yor.<\/p>\n<h3><strong>2024 \u2013 2025 e\u011fitim \u00f6\u011fretim y\u0131l\u0131nda 4 bin 300\u2019e yak\u0131n ki\u015fiye e\u011fitim verildi<\/strong><\/h3>\n<p>Sekt\u00f6rde bir ilk olan ve gen\u00e7lerin kariyer geli\u015fimlerine destek olmak amac\u0131yla geli\u015ftirilen proje, 2024 \u2013 2025 e\u011fitim \u00f6\u011fretim y\u0131l\u0131nda 4 bin 300\u2019e yak\u0131n \u00f6\u011frenci ve alan \u00f6\u011fretmenine e\u011fitim olana\u011f\u0131 sa\u011flad\u0131. Daha iyi bir gelecek misyonuyla \u00e7al\u0131\u015fmalar\u0131na devam eden \u015firket, projenin ba\u015flad\u0131\u011f\u0131 ilk g\u00fcnden itibaren elektrik da\u011f\u0131t\u0131m sekt\u00f6r\u00fcn\u00fc gen\u00e7lere tan\u0131tmak, istihdam\u0131 art\u0131rmak ve meslek se\u00e7imi yapacak olan gen\u00e7leri sekt\u00f6re y\u00f6nlendirmek i\u00e7in sahada t\u00fcm g\u00fcc\u00fcyle faaliyetlerini s\u00fcrd\u00fcr\u00fcyor.<\/p>\n<div id=\"attachment_200129\" style=\"width: 492px\" class=\"wp-caption aligncenter\"><img aria-describedby=\"caption-attachment-200129\" loading=\"lazy\" class=\"wp-image-200129 size-full\" src=\"https:\/\/www.enerjigazetesi.ist\/wp-content\/uploads\/2025\/09\/qwertyuiojhgfds.jpg\" alt=\"\" width=\"482\" height=\"480\" srcset=\"https:\/\/www.enerjigazetesi.ist\/wp-content\/uploads\/2025\/09\/qwertyuiojhgfds.jpg 482w, https:\/\/www.enerjigazetesi.ist\/wp-content\/uploads\/2025\/09\/qwertyuiojhgfds-300x300.jpg 300w, https:\/\/www.enerjigazetesi.ist\/wp-content\/uploads\/2025\/09\/qwertyuiojhgfds-150x150.jpg 150w, https:\/\/www.enerjigazetesi.ist\/wp-content\/uploads\/2025\/09\/qwertyuiojhgfds-402x400.jpg 402w, https:\/\/www.enerjigazetesi.ist\/wp-content\/uploads\/2025\/09\/qwertyuiojhgfds-50x50.jpg 50w, https:\/\/www.enerjigazetesi.ist\/wp-content\/uploads\/2025\/09\/qwertyuiojhgfds-100x100.jpg 100w\" sizes=\"(max-width: 482px) 100vw, 482px\" \/><p id=\"caption-attachment-200129\" class=\"wp-caption-text\">Enerjisa Da\u011f\u0131t\u0131m \u015eirketleri Genel M\u00fcd\u00fcr\u00fc O\u011fuzhan \u00d6zs\u00fcrekci<\/p><\/div>\n<h3><strong>Ba\u011f\u0131ms\u0131z enerji yolculu\u011funda yeni nesillerin rol\u00fc \u00e7ok \u00f6nemli olacak<\/strong><\/h3>\n<p>T\u00fcrkiye\u2019nin enerjide tam ba\u011f\u0131ms\u0131z olmas\u0131 i\u00e7in yeti\u015fmi\u015f insan g\u00fcc\u00fcn\u00fcn \u00f6nemine vurgu yapan<strong>\u00a0Enerjisa Da\u011f\u0131t\u0131m \u015eirketleri Genel M\u00fcd\u00fcr\u00fc O\u011fuzhan \u00d6zs\u00fcrekci,<\/strong><em> \u201cT\u00fcrkiye\u2019de bir ilk olan Mobil E\u011fitim Merkezimiz, sahada t\u00fcm donan\u0131mlar\u0131yla faaliyetlerini s\u00fcrd\u00fcrmeye devam ediyor. Teknik Geli\u015fim ekiplerimizin katk\u0131lar\u0131yla, sekt\u00f6r\u00fcm\u00fcz\u00fcn gelece\u011fini \u015fekillendirecek gen\u00e7lere da\u011f\u0131t\u0131m sekt\u00f6r\u00fcn\u00fcn \u00e7al\u0131\u015fma prensiplerini uygulamal\u0131 olarak aktar\u0131yoruz. B\u00f6ylelikle gen\u00e7leri sekt\u00f6r\u00fcm\u00fczle tan\u0131\u015ft\u0131r\u0131yor, \u00fclkemizin verimlili\u011fine ve istihdam\u0131na katk\u0131 sa\u011flamay\u0131 hedefliyoruz.\u00a0<\/em><em>Bu vizyon do\u011frultusunda, 2018 y\u0131l\u0131nda Mill\u00ee E\u011fitim Bakanl\u0131\u011f\u0131 ile imzalad\u0131\u011f\u0131m\u0131z protokol, nitelikli i\u015f g\u00fcc\u00fc olu\u015fturma yolunda at\u0131lm\u0131\u015f \u00f6nemli bir ad\u0131m oldu. Kamu ve \u00f6zel sekt\u00f6r i\u015f birli\u011fiyle hayata ge\u00e7irilen bu proje sayesinde bug\u00fcne kadar 14 bine yak\u0131n \u00f6\u011frenci ve alan \u00f6\u011fretmenine kapsaml\u0131 e\u011fitimler verdik. Ba\u011f\u0131ms\u0131z enerji yolculu\u011funda yeni nesillerin rol\u00fcn\u00fcn \u00f6neminin fark\u0131nday\u0131z. Bu ama\u00e7la onlar\u0131n geli\u015fimlerine katk\u0131 sa\u011flayan ve gelece\u011fe \u0131\u015f\u0131k tutan bu e\u011fitimlerin par\u00e7as\u0131 olmaktan gurur ve mutluluk duyuyoruz. 2025 \u2013 2026 e\u011fitim \u00f6\u011fretim d\u00f6neminde de sahada olmaya ve gen\u00e7leri e\u011fitmeye devam edece\u011fiz<\/em>\u201d dedi.<\/p>\n<p>Yay\u0131na Alan: Alperen ERTA\u015e-<a href=\"http:\/\/alperen.ertas@enerjigazetesi.ist\">alperen.ertas@enerjigazetesi.ist<\/a><\/p>","protected":false},"excerpt":{"rendered":"<p>Sorry, this entry is only available in Turkish. For the sake of viewer convenience, the content is shown below in the alternative language. You may click the link to switch the active language. S\u00fcrd\u00fcr\u00fclebilirli\u011fi stratejisinin merkezine koyarak, insan ve teknoloji oda\u011f\u0131yla T\u00fcrkiye\u2019nin elektrik alt yap\u0131s\u0131na yat\u0131r\u0131mlar yapan ve projeler \u00fcreten Enerjisa Enerji\u2019nin da\u011f\u0131t\u0131m \u015firketleri Ba\u015fkent [&hellip;]<\/p>\n","protected":false},"author":19,"featured_media":200130,"comment_status":"open","ping_status":"open","sticky":false,"template":"","format":"standard","meta":[],"categories":[51,53],"tags":[117089,117088],"views":7,"_links":{"self":[{"href":"https:\/\/www.enerjigazetesi.ist\/en\/wp-json\/wp\/v2\/posts\/200128"}],"collection":[{"href":"https:\/\/www.enerjigazetesi.ist\/en\/wp-json\/wp\/v2\/posts"}],"about":[{"href":"https:\/\/www.enerjigazetesi.ist\/en\/wp-json\/wp\/v2\/types\/post"}],"author":[{"embeddable":true,"href":"https:\/\/www.enerjigazetesi.ist\/en\/wp-json\/wp\/v2\/users\/19"}],"replies":[{"embeddable":true,"href":"https:\/\/www.enerjigazetesi.ist\/en\/wp-json\/wp\/v2\/comments?post=200128"}],"version-history":[{"count":0,"href":"https:\/\/www.enerjigazetesi.ist\/en\/wp-json\/wp\/v2\/posts\/200128\/revisions"}],"wp:featuredmedia":[{"embeddable":true,"href":"https:\/\/www.enerjigazetesi.ist\/en\/wp-json\/wp\/v2\/media\/200130"}],"wp:attachment":[{"href":"https:\/\/www.enerjigazetesi.ist\/en\/wp-json\/wp\/v2\/media?parent=200128"}],"wp:term":[{"taxonomy":"category","embeddable":true,"href":"https:\/\/www.enerjigazetesi.ist\/en\/wp-json\/wp\/v2\/categories?post=200128"},{"taxonomy":"post_tag","embeddable":true,"href":"https:\/\/www.enerjigazetesi.ist\/en\/wp-json\/wp\/v2\/tags?post=200128"}],"curies":[{"name":"wp","href":"https:\/\/api.w.org\/{rel}","templated":true}]}}