{"id":200096,"date":"2025-09-09T22:46:50","date_gmt":"2025-09-09T19:46:50","guid":{"rendered":"https:\/\/www.enerjigazetesi.ist\/?p=200096"},"modified":"2025-09-10T14:44:39","modified_gmt":"2025-09-10T11:44:39","slug":"uluslararasi-sehrin-isiklari-fotograf-yarismasi-basvurulari-acildi","status":"publish","type":"post","link":"https:\/\/www.enerjigazetesi.ist\/en\/uluslararasi-sehrin-isiklari-fotograf-yarismasi-basvurulari-acildi\/","title":{"rendered":"(Turkish) Uluslararas\u0131 \u015eehrin I\u015f\u0131klar\u0131 Foto\u011fraf Yar\u0131\u015fmas\u0131 Ba\u015fvurular\u0131 A\u00e7\u0131ld\u0131"},"content":{"rendered":"<p class=\"qtranxs-available-languages-message qtranxs-available-languages-message-en\">Sorry, this entry is only available in <a href=\"https:\/\/www.enerjigazetesi.ist\/tr\/wp-json\/wp\/v2\/posts\/200096\" class=\"qtranxs-available-language-link qtranxs-available-language-link-tr\" title=\"Turkish\">Turkish<\/a>. For the sake of viewer convenience, the content is shown below in the alternative language. You may click the link to switch the active language.<\/p><p><\/p>\n<h2><strong>G\u00fcney Marmara\u2019da elektrik da\u011f\u0131t\u0131m hizmeti sunan Uluda\u011f Elektrik Da\u011f\u0131t\u0131m (UEDA\u015e), geleneksel hale getirdi\u011fi Uluslararas\u0131 \u015eehrin I\u015f\u0131klar\u0131 Foto\u011fraf Yar\u0131\u015fmas\u0131\u2019n\u0131n bu y\u0131l 13\u2019\u00fcnc\u00fcs\u00fcn\u00fc d\u00fczenliyor. <\/strong><\/h2>\n<p><strong> <img loading=\"lazy\" class=\"size-full wp-image-200097 aligncenter\" src=\"https:\/\/www.enerjigazetesi.ist\/wp-content\/uploads\/2025\/09\/UEDAS_SehrinIsiklari.jpg\" alt=\"\" width=\"550\" height=\"309\" srcset=\"https:\/\/www.enerjigazetesi.ist\/wp-content\/uploads\/2025\/09\/UEDAS_SehrinIsiklari.jpg 550w, https:\/\/www.enerjigazetesi.ist\/wp-content\/uploads\/2025\/09\/UEDAS_SehrinIsiklari-300x169.jpg 300w, https:\/\/www.enerjigazetesi.ist\/wp-content\/uploads\/2025\/09\/UEDAS_SehrinIsiklari-500x281.jpg 500w, https:\/\/www.enerjigazetesi.ist\/wp-content\/uploads\/2025\/09\/UEDAS_SehrinIsiklari-80x45.jpg 80w\" sizes=\"(max-width: 550px) 100vw, 550px\" \/><\/strong><\/p>\n<p>Bu y\u0131l 13.s\u00fc d\u00fczenlenen Uluslararas\u0131 \u015eehrin I\u015f\u0131klar\u0131 Foto\u011fraf Yar\u0131\u015fmas\u0131\u2019n\u0131n temas\u0131, \u0131\u015f\u0131\u011f\u0131n ve gecenin b\u00fcy\u00fcleyici birlikteli\u011fini vurgulayan \u201cGece ve I\u015f\u0131k\u201d olarak belirlendi. Kat\u0131l\u0131mc\u0131lar, \u00e7ektikleri en \u00f6zel anlar\u0131 ile 1 Eyl\u00fcl \u2013 30 Eyl\u00fcl 2025 tarihleri aras\u0131nda yar\u0131\u015fmaya kat\u0131labilecek.<\/p>\n<p>Profesyonel ve amat\u00f6r t\u00fcm foto\u011fraf\u00e7\u0131lar\u0131n kat\u0131l\u0131m\u0131na a\u00e7\u0131k olan yar\u0131\u015fmada, \u0131\u015f\u0131\u011f\u0131n ve gecenin etkileyici birlikteli\u011fini en iyi \u015fekilde yans\u0131tan eserler \u00f6d\u00fcllendirilecek. D\u00fcnyan\u0131n her yerinden kat\u0131l\u0131m sa\u011flayabilecek olan yar\u0131\u015fmac\u0131lar\u0131n en fazla 5 foto\u011frafla kat\u0131labilece\u011fi yar\u0131\u015fman\u0131n sonu\u00e7lar\u0131 ise 10 Ekim tarihinde a\u00e7\u0131klanacak. Yar\u0131\u015fmada birinci se\u00e7ilen eser sahibine 50 bin TL, ikinciye 30 bin TL, \u00fc\u00e7\u00fcnc\u00fcye 20 bin TL, ayr\u0131ca mansiyon \u00f6d\u00fcl\u00fcne lay\u0131k g\u00f6r\u00fclecek kat\u0131l\u0131mc\u0131ya ise 10 bin TL verilecek.<\/p>\n<h3><strong>\u015eehrin I\u015f\u0131klar\u0131 T\u00fcrkiye\u2019yi Gezecek<\/strong><\/h3>\n<p>UEDA\u015e\u2019\u0131n 2013 y\u0131l\u0131ndan bu yana d\u00fczenledi\u011fi yar\u0131\u015fmada, yaln\u0131zca kadraj, renk doygunlu\u011fu, keskinlik ve kontrast gibi temel d\u00fczenlemeler kabul edilecek; bunun d\u0131\u015f\u0131nda herhangi bir manip\u00fclasyona izin verilmeyecek.<\/p>\n<p>Ba\u015fvuru \u0130\u00e7in <a href=\"https:\/\/www.uedas.com.tr\/sehrinisiklari\/\">\u015eehrin I\u015f\u0131klar\u0131 &#8217;25<\/a> adresini ziyaret edebilirsiniz.<\/p>\n<p>Yay\u0131na Alan: Alperen ERTA\u015e-<a href=\"http:\/\/alperen.ertas@enerjigazetesi.ist\">alperen.ertas@enerjigazetesi.ist<\/a><\/p>","protected":false},"excerpt":{"rendered":"<p>Sorry, this entry is only available in Turkish. For the sake of viewer convenience, the content is shown below in the alternative language. You may click the link to switch the active language. G\u00fcney Marmara\u2019da elektrik da\u011f\u0131t\u0131m hizmeti sunan Uluda\u011f Elektrik Da\u011f\u0131t\u0131m (UEDA\u015e), geleneksel hale getirdi\u011fi Uluslararas\u0131 \u015eehrin I\u015f\u0131klar\u0131 Foto\u011fraf Yar\u0131\u015fmas\u0131\u2019n\u0131n bu y\u0131l 13\u2019\u00fcnc\u00fcs\u00fcn\u00fc d\u00fczenliyor. [&hellip;]<\/p>\n","protected":false},"author":19,"featured_media":200097,"comment_status":"open","ping_status":"open","sticky":false,"template":"","format":"standard","meta":[],"categories":[51,53],"tags":[80798,79944],"views":15,"_links":{"self":[{"href":"https:\/\/www.enerjigazetesi.ist\/en\/wp-json\/wp\/v2\/posts\/200096"}],"collection":[{"href":"https:\/\/www.enerjigazetesi.ist\/en\/wp-json\/wp\/v2\/posts"}],"about":[{"href":"https:\/\/www.enerjigazetesi.ist\/en\/wp-json\/wp\/v2\/types\/post"}],"author":[{"embeddable":true,"href":"https:\/\/www.enerjigazetesi.ist\/en\/wp-json\/wp\/v2\/users\/19"}],"replies":[{"embeddable":true,"href":"https:\/\/www.enerjigazetesi.ist\/en\/wp-json\/wp\/v2\/comments?post=200096"}],"version-history":[{"count":0,"href":"https:\/\/www.enerjigazetesi.ist\/en\/wp-json\/wp\/v2\/posts\/200096\/revisions"}],"wp:featuredmedia":[{"embeddable":true,"href":"https:\/\/www.enerjigazetesi.ist\/en\/wp-json\/wp\/v2\/media\/200097"}],"wp:attachment":[{"href":"https:\/\/www.enerjigazetesi.ist\/en\/wp-json\/wp\/v2\/media?parent=200096"}],"wp:term":[{"taxonomy":"category","embeddable":true,"href":"https:\/\/www.enerjigazetesi.ist\/en\/wp-json\/wp\/v2\/categories?post=200096"},{"taxonomy":"post_tag","embeddable":true,"href":"https:\/\/www.enerjigazetesi.ist\/en\/wp-json\/wp\/v2\/tags?post=200096"}],"curies":[{"name":"wp","href":"https:\/\/api.w.org\/{rel}","templated":true}]}}