{"id":200079,"date":"2025-09-08T20:30:22","date_gmt":"2025-09-08T17:30:22","guid":{"rendered":"https:\/\/www.enerjigazetesi.ist\/?p=200079"},"modified":"2025-09-08T20:30:22","modified_gmt":"2025-09-08T17:30:22","slug":"yerli-komure-tesvik-geliyor","status":"publish","type":"post","link":"https:\/\/www.enerjigazetesi.ist\/en\/yerli-komure-tesvik-geliyor\/","title":{"rendered":"(Turkish) Yerli K\u00f6m\u00fcre Te\u015fvik Geliyor"},"content":{"rendered":"<p class=\"qtranxs-available-languages-message qtranxs-available-languages-message-en\">Sorry, this entry is only available in <a href=\"https:\/\/www.enerjigazetesi.ist\/tr\/wp-json\/wp\/v2\/posts\/200079\" class=\"qtranxs-available-language-link qtranxs-available-language-link-tr\" title=\"Turkish\">Turkish<\/a>. For the sake of viewer convenience, the content is shown below in the alternative language. You may click the link to switch the active language.<\/p><p><\/p>\n<h2>Enerji ve Tabii Kaynaklar Bakan\u0131 Alparslan Bayraktar, yerli k\u00f6m\u00fcr \u00fcretimini artt\u0131racak bir te\u015fvik paketi \u00fczerinde \u00e7al\u0131\u015ft\u0131klar\u0131n\u0131 belirterek son a\u015famaya gelen paketin ana hatlar\u0131n\u0131 a\u00e7\u0131klad\u0131. Buna g\u00f6re; 2030 y\u0131l\u0131na kadar yerli k\u00f6m\u00fcr santrallerinde \u00fcretilen elektrik 7,5 dolar\/cent\u2019ten al\u0131nacak.<\/h2>\n<p><img loading=\"lazy\" class=\"size-full wp-image-200080 aligncenter\" src=\"https:\/\/www.enerjigazetesi.ist\/wp-content\/uploads\/2025\/09\/3.jpg\" alt=\"\" width=\"550\" height=\"318\" srcset=\"https:\/\/www.enerjigazetesi.ist\/wp-content\/uploads\/2025\/09\/3.jpg 550w, https:\/\/www.enerjigazetesi.ist\/wp-content\/uploads\/2025\/09\/3-300x173.jpg 300w, https:\/\/www.enerjigazetesi.ist\/wp-content\/uploads\/2025\/09\/3-500x289.jpg 500w, https:\/\/www.enerjigazetesi.ist\/wp-content\/uploads\/2025\/09\/3-80x46.jpg 80w\" sizes=\"(max-width: 550px) 100vw, 550px\" \/><\/p>\n<p>Yerli k\u00f6m\u00fcrle \u00e7al\u0131\u015facak yeni santraller de 2045 y\u0131l\u0131na kadar al\u0131m garantisi kapsam\u0131nda olacak. Sanayide yerli k\u00f6m\u00fcr\u00fcn kullan\u0131lmas\u0131 te\u015fvik edilecek. \u0130thal k\u00f6m\u00fcr santrallerinden yerli k\u00f6m\u00fcr\u00fc harmanlayabilecek teknik kabiliyeti olanlara te\u015fvik verilecek. \u00c7evre yat\u0131r\u0131m\u0131 yapmayanlar, madencinin \u00fccretini \u00f6demeyenler ve kamuya borcu olanlar te\u015fvikten yararlanamayacak.<\/p>\n<p>Bakan Bayraktar, bu paket ile yerli k\u00f6m\u00fcr \u00fcretimini art\u0131racaklar\u0131n\u0131 vurgulayarak \u201cBu sayede arz g\u00fcvenli\u011fimize katk\u0131 yapaca\u011f\u0131z. D\u0131\u015fa ba\u011f\u0131ml\u0131l\u0131\u011f\u0131m\u0131z\u0131 da azaltm\u0131\u015f olaca\u011f\u0131z.\u201d dedi. Soma Termik Santrali ile ilgili de de\u011ferlendirmeler yapan Bayraktar, <em>\u201cSoma Santrali\u2019nin bacas\u0131n\u0131 tekrar t\u00fctt\u00fcrece\u011fiz. Oyuncu de\u011fi\u015fikli\u011fine gidece\u011fiz. Yeni oyuncuyla Soma yoluna devam edecek.\u201d<\/em> dedi.<\/p>\n<h3><strong>Soma\u2019da \u0130ncelemelerde Bulundu<\/strong><\/h3>\n<p>Bakan Bayraktar, Soma Termik Santrali\u2019nde incelemelerde bulundu. Temaslar\u0131 \u00f6ncesinde Derek\u00f6y Maden Sahas\u0131\u2019na giden Bayraktar, burada gazetecilere a\u00e7\u0131klamalar yapt\u0131.<\/p>\n<h3><strong>27 Bin Ki\u015fiye \u0130stihdam<\/strong><\/h3>\n<p>Bayraktar, T\u00fcrkiye\u2019nin yerli k\u00f6m\u00fcrden elektrik \u00fcretiminde yakla\u015f\u0131k 7 bin 500 megavatl\u0131k bir kurulu g\u00fcce sahip oldu\u011funu belirterek yerli k\u00f6m\u00fcr \u00e7\u0131karan madenlerde ve santrallerde 27 bin ki\u015finin do\u011frudan istihdam edildi\u011fini s\u00f6yledi.<\/p>\n<h3><strong>Al\u0131m Garantili Paket<\/strong><\/h3>\n<p>Yerli k\u00f6m\u00fcrden elektrik \u00fcretimiyle alakal\u0131 bir te\u015fvik paketi haz\u0131rlad\u0131klar\u0131n\u0131 ifade eden Bayraktar, bu santrallerde \u00fcretilen elektri\u011fe 2030 y\u0131l\u0131na kadar 7,5 dolar\/cent\u2019lik bir al\u0131m garantisi vereceklerini a\u00e7\u0131klad\u0131.<\/p>\n<h3><strong>Yeni Santraller de Kapsamda<\/strong><\/h3>\n<p>Bayraktar, yeni kurulacak k\u00f6m\u00fcr santrallerini de 2045 y\u0131l\u0131na kadar al\u0131m garantisi ile te\u015fvik edeceklerini vurgulayarak \u201cArt\u0131k \u00f6mr\u00fcn\u00fc tamamlamaya y\u00fcz tutmu\u015f santrallerin yerine yenilerini koymak suretiyle yerli k\u00f6m\u00fcrden enerji \u00fcretimimizi artt\u0131raca\u011f\u0131z.\u201d dedi. Bu sayede arz g\u00fcvenli\u011fine katk\u0131 yapacaklar\u0131n\u0131 ve d\u0131\u015fa ba\u011f\u0131ml\u0131\u011f\u0131 azaltacaklar\u0131n\u0131 dile getiren Bayraktar, sanayide de yerli k\u00f6m\u00fcr\u00fcn kullan\u0131m\u0131n\u0131 te\u015fvik edeceklerini anlatt\u0131.<\/p>\n<h3><strong>Harmanlayanlar da Desteklenecek<\/strong><\/h3>\n<p>Bayraktar, ithal k\u00f6m\u00fcr santrallerinden yerli k\u00f6m\u00fcr\u00fc harmanlayabilecek teknik kabiliyeti olanlar\u0131 da te\u015fvik edeceklerine de\u011finerek Cumhurba\u015fkan\u0131 Recep Tayyip Erdo\u011fan\u2019\u0131n son de\u011ferlendirmelerini ald\u0131ktan sonra \u015fekillenecek paketi bu ay i\u00e7inde ilan edeceklerini s\u00f6yledi.<\/p>\n<h3><strong>3 \u0130stisna Var<\/strong><\/h3>\n<p>Paketin \u00fc\u00e7 istisnas\u0131 oldu\u011funu bildiren Bayraktar, \u201c\u00c7evre yat\u0131r\u0131m\u0131 yapmam\u0131\u015f santraller bu te\u015fvik paketinden istifade edemeyecek. Madencimizin \u00e7al\u0131\u015fan\u0131m\u0131z\u0131n \u00fccretini \u00f6demeyen santraller bundan istifade edemeyecek. Bir de kamuya borcu olan \u00f6zellikle bizim k\u00f6m\u00fcr i\u015fletmelerimiz olsun, TE\u0130A\u015e&#8217;\u0131m\u0131z olsun, enerji K\u0130T\u2019lerimize borcu olan \u015firketler de o bor\u00e7lar\u0131n\u0131 \u00f6dedikten sonra bu te\u015fvik program\u0131na dahil olacaklar.\u201d dedi.<\/p>\n<h3><strong>Soma\u2019da Oyuncu De\u011fi\u015fikli\u011fi<\/strong><\/h3>\n<p>Bakan Bayraktar, Soma Termik Santrali\u2019nin T\u00fcrkiye\u2019nin arz g\u00fcvenli\u011fi ve d\u0131\u015fa ba\u011f\u0131ml\u0131l\u0131\u011f\u0131n\u0131 d\u00fc\u015f\u00fcrmesi a\u00e7\u0131s\u0131ndan \u00f6nemli oldu\u011funun alt\u0131n\u0131 \u00e7izerek \u015f\u00f6yle devam etti:<\/p>\n<p>\u201cBiz Soma santralinin bacas\u0131n\u0131 tekrar t\u00fctt\u00fcrece\u011fiz. Ama g\u00f6z\u00fcken \u015fu; Soma&#8217;da bir oyuncu de\u011fi\u015fikli\u011fine gidece\u011fiz. Soma&#8217;daki santralin i\u015fletmecisi maalesef iyi bir i\u015fletmecilik performans\u0131 ortaya koymad\u0131. Santralde yapmas\u0131 gereken yat\u0131r\u0131mlar\u0131 yapmad\u0131. Dolay\u0131s\u0131yla bu santral, daha profesyonelce i\u015fletecek bir oyuncuyla yoluna devam edecek. Yeni oyuncuyla yeni i\u015fleticiyle bir anlamda Soma yoluna devam edecek.\u201d<\/p>\n<h3><strong>An\u0131ta Ziyaret<\/strong><\/h3>\n<p>Konu\u015fmas\u0131nda Soma \u015fehitlerinin y\u00fcrekleri da\u011flad\u0131\u011f\u0131n\u0131 kaydeden Bayraktar, daha sonra Soma Maden \u015eehitleri An\u0131t\u0131\u2019n\u0131 ziyaret etti ve an\u0131ta karanfil b\u0131rakt\u0131. T\u00f6rende, maden \u015fehitleri i\u00e7in Kur-an Kerim okundu.<\/p>\n<p>Kaynak:\u00a0<a href=\"https:\/\/enerji.gov.tr\/haber-detay?id=21569\">ETKB<\/a><\/p>\n<p>Yay\u0131na Alan: Alperen ERTA\u015e-<a href=\"http:\/\/alperen.ertas@enerjigazetesi.ist\">alperen.ertas@enerjigazetesi.ist<\/a><\/p>","protected":false},"excerpt":{"rendered":"<p>Sorry, this entry is only available in Turkish. For the sake of viewer convenience, the content is shown below in the alternative language. You may click the link to switch the active language. Enerji ve Tabii Kaynaklar Bakan\u0131 Alparslan Bayraktar, yerli k\u00f6m\u00fcr \u00fcretimini artt\u0131racak bir te\u015fvik paketi \u00fczerinde \u00e7al\u0131\u015ft\u0131klar\u0131n\u0131 belirterek son a\u015famaya gelen paketin ana [&hellip;]<\/p>\n","protected":false},"author":19,"featured_media":200080,"comment_status":"open","ping_status":"open","sticky":false,"template":"","format":"standard","meta":[],"categories":[53,24649],"tags":[117082,115617],"views":15,"_links":{"self":[{"href":"https:\/\/www.enerjigazetesi.ist\/en\/wp-json\/wp\/v2\/posts\/200079"}],"collection":[{"href":"https:\/\/www.enerjigazetesi.ist\/en\/wp-json\/wp\/v2\/posts"}],"about":[{"href":"https:\/\/www.enerjigazetesi.ist\/en\/wp-json\/wp\/v2\/types\/post"}],"author":[{"embeddable":true,"href":"https:\/\/www.enerjigazetesi.ist\/en\/wp-json\/wp\/v2\/users\/19"}],"replies":[{"embeddable":true,"href":"https:\/\/www.enerjigazetesi.ist\/en\/wp-json\/wp\/v2\/comments?post=200079"}],"version-history":[{"count":0,"href":"https:\/\/www.enerjigazetesi.ist\/en\/wp-json\/wp\/v2\/posts\/200079\/revisions"}],"wp:featuredmedia":[{"embeddable":true,"href":"https:\/\/www.enerjigazetesi.ist\/en\/wp-json\/wp\/v2\/media\/200080"}],"wp:attachment":[{"href":"https:\/\/www.enerjigazetesi.ist\/en\/wp-json\/wp\/v2\/media?parent=200079"}],"wp:term":[{"taxonomy":"category","embeddable":true,"href":"https:\/\/www.enerjigazetesi.ist\/en\/wp-json\/wp\/v2\/categories?post=200079"},{"taxonomy":"post_tag","embeddable":true,"href":"https:\/\/www.enerjigazetesi.ist\/en\/wp-json\/wp\/v2\/tags?post=200079"}],"curies":[{"name":"wp","href":"https:\/\/api.w.org\/{rel}","templated":true}]}}