{"id":200068,"date":"2025-09-08T20:14:50","date_gmt":"2025-09-08T17:14:50","guid":{"rendered":"https:\/\/www.enerjigazetesi.ist\/?p=200068"},"modified":"2025-09-09T07:19:07","modified_gmt":"2025-09-09T04:19:07","slug":"res-ve-artibir-enerjiden-turkiye-ruzgar-sektorunde-yeni-bir-donem","status":"publish","type":"post","link":"https:\/\/www.enerjigazetesi.ist\/en\/res-ve-artibir-enerjiden-turkiye-ruzgar-sektorunde-yeni-bir-donem\/","title":{"rendered":"(Turkish) RES ve Art\u0131bir Enerji&#8217;den T\u00fcrkiye R\u00fczg\u00e2r Sekt\u00f6r\u00fcnde Yeni Bir D\u00f6nem"},"content":{"rendered":"<p class=\"qtranxs-available-languages-message qtranxs-available-languages-message-en\">Sorry, this entry is only available in <a href=\"https:\/\/www.enerjigazetesi.ist\/tr\/wp-json\/wp\/v2\/posts\/200068\" class=\"qtranxs-available-language-link qtranxs-available-language-link-tr\" title=\"Turkish\">Turkish<\/a>. For the sake of viewer convenience, the content is shown below in the alternative language. You may click the link to switch the active language.<\/p><p><\/p>\n<h2>T\u00fcrkiye merkezli yenilenebilir enerji \u015firketi Art\u0131bir Enerji ile d\u00fcnyan\u0131n en b\u00fcy\u00fck ba\u011f\u0131ms\u0131z yenilenebilir enerji \u015firketi RES, T\u00fcrkiye\u2019nin ilk uzun s\u00fcreli uluslararas\u0131 ve ba\u011f\u0131ms\u0131z r\u00fczgar t\u00fcrbini i\u015fletme ve bak\u0131m (O&amp;M) s\u00f6zle\u015fmesini imzalad\u0131. Anla\u015fma; \u00c7anakkale ve \u0130zmir\u2019de bulunan, toplam 30 MW kurulu g\u00fcce sahip 8 Siemens-Gamesa SG132 3.75 MW t\u00fcrbinle donat\u0131lm\u0131\u015f Yenik\u00f6y ve Y\u0131lmaz R\u00fczgar Enerji Santrallerini kaps\u0131yor. Bu \u00f6nc\u00fc i\u015f birli\u011fi, T\u00fcrkiye r\u00fczgar sekt\u00f6r\u00fcnde \u00f6nemli bir d\u00f6n\u00fcm noktas\u0131 niteli\u011finde olup, varl\u0131k y\u00f6netiminde yeni bir standart belirlerken yat\u0131r\u0131mc\u0131 g\u00fcvenini de g\u00fc\u00e7lendirecek.<\/h2>\n<h2><img loading=\"lazy\" class=\"size-full wp-image-200069 aligncenter\" src=\"https:\/\/www.enerjigazetesi.ist\/wp-content\/uploads\/2025\/09\/ArtibirEnerji_RES_imza_to_reni_084326340.jpg\" alt=\"\" width=\"550\" height=\"327\" srcset=\"https:\/\/www.enerjigazetesi.ist\/wp-content\/uploads\/2025\/09\/ArtibirEnerji_RES_imza_to_reni_084326340.jpg 550w, https:\/\/www.enerjigazetesi.ist\/wp-content\/uploads\/2025\/09\/ArtibirEnerji_RES_imza_to_reni_084326340-300x178.jpg 300w, https:\/\/www.enerjigazetesi.ist\/wp-content\/uploads\/2025\/09\/ArtibirEnerji_RES_imza_to_reni_084326340-500x297.jpg 500w, https:\/\/www.enerjigazetesi.ist\/wp-content\/uploads\/2025\/09\/ArtibirEnerji_RES_imza_to_reni_084326340-80x48.jpg 80w\" sizes=\"(max-width: 550px) 100vw, 550px\" \/><\/h2>\n<p>Anla\u015fma kapsam\u0131nda RES; planl\u0131 ve plans\u0131z bak\u0131mlar, ar\u0131za giderme, performans izleme ve 7\/24 uzaktan kontrol hizmetleri sunacak. Ayr\u0131ca ihtiya\u00e7 halinde kanat, di\u015fli kutusu ve jenerat\u00f6r gibi ana ekipmanlara ili\u015fkin bak\u0131m ve onar\u0131m deste\u011fi sa\u011flayacak. Yedek par\u00e7a tedarik s\u00fcre\u00e7lerinde de RES sat\u0131n alma deste\u011fi sunacak.<\/p>\n<h3><strong>Art\u0131bir Enerji Genel M\u00fcd\u00fcr\u00fc G\u00fcray Erol \u015funlar\u0131 s\u00f6yledi:<\/strong><\/h3>\n<p><em>\u201cRES ile yapt\u0131\u011f\u0131m\u0131z bu anla\u015fma, sadece santrallerimizin i\u015fletme ve bak\u0131m s\u00fcre\u00e7lerini g\u00fcvence alt\u0131na almakla kalm\u0131yor, ayn\u0131 zamanda T\u00fcrkiye\u2019nin yenilenebilir enerji sekt\u00f6r\u00fcnde de yeni bir sayfa a\u00e7\u0131yor. Uluslararas\u0131 mecralarda biriken tecr\u00fcbenin \u00fclkemize de nakledilmesini talep ederken, emre amadelik oranlar\u0131m\u0131z\u0131 art\u0131rmay\u0131 hedefliyoruz. B\u00f6ylece T\u00fcrkiye\u2019nin artan enerji ihtiyac\u0131n\u0131, daha verimli ve g\u00fcvenilir temiz enerjiyle kar\u015f\u0131lamay\u0131 ama\u00e7l\u0131yoruz. Yerel g\u00fcc\u00fcm\u00fcz\u00fc RES\u2019in k\u00fcresel uzmanl\u0131\u011f\u0131yla birle\u015ftirerek T\u00fcrkiye\u2019nin temiz enerji d\u00f6n\u00fc\u015f\u00fcm\u00fcne katk\u0131m\u0131z\u0131 art\u0131rmaktan gurur duyuyoruz.\u201d<\/em><\/p>\n<h3><strong>RES T\u00fcrkiye Genel M\u00fcd\u00fcr\u00fc Geert Dooms ise \u015fu ifadeleri kulland\u0131:<\/strong><\/h3>\n<p><em>\u201cArt\u0131bir Enerji ile imzalad\u0131\u011f\u0131m\u0131z bu anla\u015fma, RES\u2019in T\u00fcrkiye\u2019deki ilk i\u015fletme ve bak\u0131m (O&amp;M) s\u00f6zle\u015fmesini temsil ediyor ve uzun vadeli t\u00fcrbin bak\u0131m\u0131nda yeni ve ba\u011f\u0131ms\u0131z bir modeli tan\u0131t\u0131yor. K\u00fcresel bilgi birikimimizi T\u00fcrkiye\u2019nin b\u00fcy\u00fcyen yenilenebilir enerji pazar\u0131na ta\u015f\u0131yarak sekt\u00f6r i\u00e7in g\u00fcvenilir bir yol haritas\u0131 olu\u015fturuyor ve yat\u0131r\u0131mc\u0131lara yeni de\u011fer f\u0131rsatlar\u0131 sunuyoruz.\u201d<\/em><\/p>\n<p>Bu anla\u015fmayla birlikte Art\u0131bir Enerji\u2019ye ait iki r\u00fczg\u00e2r enerji santrali yeni bir O&amp;M kapsam\u0131 alt\u0131na girmi\u015f oldu.<\/p>\n<p>Yay\u0131na Alan: Alperen ERTA\u015e-<a href=\"http:\/\/alperen.ertas@enerjigazetesi.ist\">alperen.ertas@enerjigazetesi.ist<\/a><\/p>","protected":false},"excerpt":{"rendered":"<p>Sorry, this entry is only available in Turkish. For the sake of viewer convenience, the content is shown below in the alternative language. You may click the link to switch the active language. T\u00fcrkiye merkezli yenilenebilir enerji \u015firketi Art\u0131bir Enerji ile d\u00fcnyan\u0131n en b\u00fcy\u00fck ba\u011f\u0131ms\u0131z yenilenebilir enerji \u015firketi RES, T\u00fcrkiye\u2019nin ilk uzun s\u00fcreli uluslararas\u0131 ve [&hellip;]<\/p>\n","protected":false},"author":19,"featured_media":200069,"comment_status":"open","ping_status":"open","sticky":false,"template":"","format":"standard","meta":[],"categories":[53,50],"tags":[117080,117079],"views":9,"_links":{"self":[{"href":"https:\/\/www.enerjigazetesi.ist\/en\/wp-json\/wp\/v2\/posts\/200068"}],"collection":[{"href":"https:\/\/www.enerjigazetesi.ist\/en\/wp-json\/wp\/v2\/posts"}],"about":[{"href":"https:\/\/www.enerjigazetesi.ist\/en\/wp-json\/wp\/v2\/types\/post"}],"author":[{"embeddable":true,"href":"https:\/\/www.enerjigazetesi.ist\/en\/wp-json\/wp\/v2\/users\/19"}],"replies":[{"embeddable":true,"href":"https:\/\/www.enerjigazetesi.ist\/en\/wp-json\/wp\/v2\/comments?post=200068"}],"version-history":[{"count":0,"href":"https:\/\/www.enerjigazetesi.ist\/en\/wp-json\/wp\/v2\/posts\/200068\/revisions"}],"wp:featuredmedia":[{"embeddable":true,"href":"https:\/\/www.enerjigazetesi.ist\/en\/wp-json\/wp\/v2\/media\/200069"}],"wp:attachment":[{"href":"https:\/\/www.enerjigazetesi.ist\/en\/wp-json\/wp\/v2\/media?parent=200068"}],"wp:term":[{"taxonomy":"category","embeddable":true,"href":"https:\/\/www.enerjigazetesi.ist\/en\/wp-json\/wp\/v2\/categories?post=200068"},{"taxonomy":"post_tag","embeddable":true,"href":"https:\/\/www.enerjigazetesi.ist\/en\/wp-json\/wp\/v2\/tags?post=200068"}],"curies":[{"name":"wp","href":"https:\/\/api.w.org\/{rel}","templated":true}]}}