{"id":200047,"date":"2025-09-08T19:13:53","date_gmt":"2025-09-08T16:13:53","guid":{"rendered":"https:\/\/www.enerjigazetesi.ist\/?p=200047"},"modified":"2025-09-08T19:13:53","modified_gmt":"2025-09-08T16:13:53","slug":"karsana-stevie-awardstan-uc-odul-birden","status":"publish","type":"post","link":"https:\/\/www.enerjigazetesi.ist\/en\/karsana-stevie-awardstan-uc-odul-birden\/","title":{"rendered":"(Turkish) Karsan\u2019a Stevie Awards\u2019tan \u00dc\u00e7 \u00d6d\u00fcl Birden!"},"content":{"rendered":"<p class=\"qtranxs-available-languages-message qtranxs-available-languages-message-en\">Sorry, this entry is only available in <a href=\"https:\/\/www.enerjigazetesi.ist\/tr\/wp-json\/wp\/v2\/posts\/200047\" class=\"qtranxs-available-language-link qtranxs-available-language-link-tr\" title=\"Turkish\">Turkish<\/a>. For the sake of viewer convenience, the content is shown below in the alternative language. You may click the link to switch the active language.<\/p><p><\/p>\n<h2><strong>\u2018Mobilitenin Gelece\u011finde Bir Ad\u0131m \u00d6nde\u2019 olma vizyonu ile d\u00fcnyada toplu ula\u015f\u0131m\u0131n \u00a0d\u00f6n\u00fc\u015f\u00fcm\u00fcnde \u00f6nc\u00fc rol oynayan Karsan, i\u015f d\u00fcnyas\u0131n\u0131n \u00f6nde gelen \u00f6d\u00fcl programlar\u0131ndan Stevie Awards\u2019ta \u00fc\u00e7 ayr\u0131 \u00f6d\u00fcle birden lay\u0131k g\u00f6r\u00fcld\u00fc. Bu y\u0131l 22\u2019ncisi d\u00fczenlenen Stevie Awards organizasyonunda Karsan, \u201cTeknoloji \u0130novasyonu\u201d kategorisinde \u201cKarsan Otonom e-ATAK &#8211; T\u00fcnel \u0130\u00e7i Ger\u00e7ek Trafikte Otonom Navigasyon\u201d ve \u201cOtonom Malzeme Ta\u015f\u0131ma Arac\u0131\u201d projeleriyle iki Bronz Stevie birden kazand\u0131. Ayn\u0131 zamanda \u201c\u00c7e\u015fitlilik ve Kapsay\u0131c\u0131l\u0131k\u201d kategorisinde de \u201cYeni Nesil G\u00fc\u00e7l\u00fc Ortakl\u0131klar: Adil, Kapsay\u0131c\u0131 ve \u00c7e\u015fitlilik Odakl\u0131 Tedarik Yoluyla S\u00fcrd\u00fcr\u00fclebilir B\u00fcy\u00fcmenin Anahtar\u0131\u201d projesiyle de \u00fc\u00e7\u00fcnc\u00fc Bronz Stevie ile \u00f6d\u00fcllendirildi.<\/strong> <strong>Karsan\u2019\u0131n yenilik\u00e7i ve inovasyona dayal\u0131 \u00fcr\u00fcn geli\u015ftirme ve \u00fcretim yetene\u011fiyle d\u00fcnyada toplu ula\u015f\u0131m\u0131 \u00e7evre dostu ileri teknolojilerle d\u00f6n\u00fc\u015ft\u00fcrmeye devam etti\u011fini s\u00f6yleyen Karsan CEO\u2019su Okan Ba\u015f, \u201cMobilitenin Gelece\u011finde Bir Ad\u0131m \u00d6nde vizyonumuzla yapt\u0131\u011f\u0131m\u0131z \u00e7al\u0131\u015fmalar bize d\u00fcnyan\u0131n en prestijli \u00f6d\u00fcllerini kazand\u0131r\u0131yor. Bu kapsamda bu y\u0131l da Stevie\u2019den \u00fc\u00e7 \u00f6d\u00fcl birden kazand\u0131k. T\u00fcm \u00e7al\u0131\u015fma arkada\u015flar\u0131mla birlikte bizler i\u00e7in \u00e7ok b\u00fcy\u00fck bir gurur kayna\u011f\u0131 olan bu \u00f6d\u00fcller, yeni nesil teknolojileri kullanarak mobilite \u00e7\u00f6z\u00fcmleri geli\u015ftirmede ne kadar ba\u015far\u0131l\u0131 oldu\u011fumuzun yeni bir kan\u0131t\u0131\u201d dedi. <\/strong><\/h2>\n<p><img loading=\"lazy\" class=\"aligncenter wp-image-200048 size-full\" src=\"https:\/\/www.enerjigazetesi.ist\/wp-content\/uploads\/2025\/09\/degistirilmis-resim.jpg\" alt=\"\" width=\"550\" height=\"335\" srcset=\"https:\/\/www.enerjigazetesi.ist\/wp-content\/uploads\/2025\/09\/degistirilmis-resim.jpg 550w, https:\/\/www.enerjigazetesi.ist\/wp-content\/uploads\/2025\/09\/degistirilmis-resim-300x183.jpg 300w, https:\/\/www.enerjigazetesi.ist\/wp-content\/uploads\/2025\/09\/degistirilmis-resim-500x305.jpg 500w, https:\/\/www.enerjigazetesi.ist\/wp-content\/uploads\/2025\/09\/degistirilmis-resim-80x50.jpg 80w\" sizes=\"(max-width: 550px) 100vw, 550px\" \/><\/p>\n<p>Ba\u015fta Avrupa olmak \u00fczere d\u00fcnyada toplu ula\u015f\u0131m\u0131n elektrikli ve otonom d\u00f6n\u00fc\u015f\u00fcm\u00fcnde \u00f6nc\u00fc rol oynayan Karsan, yenilik\u00e7i \u00fcr\u00fcn ve hizmet anlay\u0131\u015f\u0131yla k\u00fcresel boyutta en prestijli \u00f6d\u00fclleri toplamaya devam ediyor. Toplu ula\u015f\u0131ma son teknolojiyi entegre ederek \u00fcretti\u011fi modelleriyle 27 \u00fclkede 2000 adet elektrikli arac\u0131yla hizmet veren Karsan, elektrikli, hidrojen yak\u0131tl\u0131 ve otonom teknolojileriyle h\u0131zla geni\u015fletti\u011fi ara\u00e7 park\u0131 ve iyile\u015ftirme \u00e7al\u0131\u015fmalar\u0131yla Stevie Awards\u2019a bu sene de damgas\u0131n\u0131 vurdu.<\/p>\n<h3><strong>Karsan otonom teknoloji ve kapsay\u0131c\u0131 i\u015f modelinde \u00fc\u00e7 \u00f6d\u00fcle birden lay\u0131k g\u00f6r\u00fcld\u00fc<\/strong><\/h3>\n<p>Bu y\u0131l 22\u2019ncisi d\u00fczenlenen Stevie Awards\u2019ta Karsan, \u201cTeknoloji \u0130novasyonu\u201d kategorisindeki ilk \u00f6d\u00fcl\u00fc \u201cKarsan Otonom e-ATAK T\u00fcnel \u0130\u00e7i Ger\u00e7ek Trafikte Otonom Navigasyon\u201d projesi ile kazand\u0131. Seviye-4 otonom s\u00fcr\u00fc\u015f teknolojisine sahip Karsan Otonom e-ATAK; Avrupa ve Amerika\u2019da ger\u00e7ek yol ko\u015fullar\u0131nda yolcu ta\u015f\u0131yan ilk ve tek tam boy otob\u00fcs olma \u00f6zelli\u011fini s\u00fcrd\u00fcr\u00fcyor. Norve\u00e7\u2019in Stavanger \u015fehrinde, \u015fehir i\u00e7i toplu ta\u015f\u0131mada otonom olarak t\u00fcnelden ge\u00e7en ilk tam boy otob\u00fcs olan Otonom e-ATAK, geli\u015fmi\u015f sens\u00f6rleri, LiDAR, radar sistemleri ve yapay zeka tabanl\u0131 kontrol altyap\u0131s\u0131 sayesinde, dar alanlarda ve karma\u015f\u0131k trafik senaryolar\u0131nda sorunsuz \u015fekilde ilerleyebiliyor. Bu ba\u015far\u0131, otonom toplu ta\u015f\u0131mac\u0131l\u0131kta g\u00fcvenlik ve teknolojiyi birle\u015ftiren \u00f6nemli bir d\u00f6n\u00fcm noktas\u0131 olarak Bronz Stevie \u00f6d\u00fcl\u00fcne lay\u0131k g\u00f6r\u00fcld\u00fc.<\/p>\n<p>\u201cTeknoloji \u0130novasyonu\u201d kategorisinde ikinci \u00f6d\u00fcl ise; \u201cOtonom Malzeme Ta\u015f\u0131ma Arac\u0131\u201d projesine geldi. 390 lojistik g\u00f6revi ba\u015far\u0131yla tamamlayan bu yenilik\u00e7i \u00e7\u00f6z\u00fcm, yz\u00fcde 32 operasyonel verimlilik ve y\u00fczde 40 maliyet avantaj\u0131 sa\u011flayarak tedarik zincirine ileri robot teknolojisinin entegre edilmesiyle ortaya koydu\u011fu katma de\u011fer ile \u00f6d\u00fcle lay\u0131k g\u00f6r\u00fcld\u00fc.<\/p>\n<p>Karsan ayr\u0131ca, <em>\u201c\u00c7e\u015fitlilik ve Kapsay\u0131c\u0131l\u0131k\u201d kategorisinde de \u201cYeni Nesil G\u00fc\u00e7l\u00fc Ortakl\u0131klar: Adil, Kapsay\u0131c\u0131 ve \u00c7e\u015fitlilik Odakl\u0131 Tedarik Yoluyla S\u00fcrd\u00fcr\u00fclebilir B\u00fcy\u00fcmenin Anahtar\u0131\u201d<\/em> projesiyle Bronz Stevie ile \u00f6d\u00fcllendirildi. Bu proje kapsam\u0131nda tedarik\u00e7ilere a\u00e7\u0131k ve \u015feffaf ba\u015fvuru imk\u00e2n\u0131 sunulmas\u0131, Teknoloji G\u00fcnleri ile inovatif \u00e7\u00f6z\u00fcmlerin i\u015f s\u00fcre\u00e7lerine entegre edilmesi ve k\u00fcresel \u00e7e\u015fitlili\u011fin art\u0131r\u0131lmas\u0131 gibi uygulamalar \u00f6ne \u00e7\u0131kt\u0131. \u015eeffafl\u0131k, \u00f6l\u00e7\u00fclebilirlik ve stratejik \u00e7e\u015fitlilik yakla\u015f\u0131m\u0131, j\u00fcri taraf\u0131ndan \u00f6d\u00fcl\u00fcn temel gerek\u00e7esi olarak vurguland\u0131.<\/p>\n<div id=\"attachment_200049\" style=\"width: 560px\" class=\"wp-caption aligncenter\"><img aria-describedby=\"caption-attachment-200049\" loading=\"lazy\" class=\"wp-image-200049 size-full\" src=\"https:\/\/www.enerjigazetesi.ist\/wp-content\/uploads\/2025\/09\/Karsan-CEO-Okan-Bas.jpg\" alt=\"\" width=\"550\" height=\"346\" srcset=\"https:\/\/www.enerjigazetesi.ist\/wp-content\/uploads\/2025\/09\/Karsan-CEO-Okan-Bas.jpg 550w, https:\/\/www.enerjigazetesi.ist\/wp-content\/uploads\/2025\/09\/Karsan-CEO-Okan-Bas-300x189.jpg 300w, https:\/\/www.enerjigazetesi.ist\/wp-content\/uploads\/2025\/09\/Karsan-CEO-Okan-Bas-500x315.jpg 500w, https:\/\/www.enerjigazetesi.ist\/wp-content\/uploads\/2025\/09\/Karsan-CEO-Okan-Bas-80x50.jpg 80w\" sizes=\"(max-width: 550px) 100vw, 550px\" \/><p id=\"caption-attachment-200049\" class=\"wp-caption-text\">Karsan CEO\u2019su Okan Ba\u015f<\/p><\/div>\n<h3><strong>Daha ya\u015fanabilir bir d\u00fcnya i\u00e7in katk\u0131 sa\u011flamaya devam edece\u011fiz<\/strong><\/h3>\n<p>\u201cMobilitenin gelece\u011finde bir ad\u0131m \u00f6nde olma\u201d vizyonuyla her ge\u00e7en g\u00fcn daha da iyi olmak i\u00e7in \u00e7al\u0131\u015ft\u0131klar\u0131n\u0131 vurgulayan <strong>Karsan CEO\u2019su<\/strong> <strong>Okan Ba\u015f<\/strong>, <em>\u201cHedefimiz gelece\u011fin teknolojilerini sadece yerli de\u011fil global pazardaki t\u00fcm rakiplerimizden de \u00f6nce sunmak. Bu y\u0131lki \u00f6d\u00fcllerde \u2018Teknoloji \u0130novasyonu\u2019 alan\u0131nda iki ayr\u0131 projeyle iki bronz \u00f6d\u00fcl kazand\u0131k. \u2018Karsan Otonom e-ATAK &#8211; T\u00fcnel \u0130\u00e7i Ger\u00e7ek Trafikte Otonom Navigasyon\u2019 ve \u2018Otonom Malzeme Ta\u015f\u0131ma Arac\u0131\u2019 projelerimiz otonom teknolojisinde geldi\u011fimiz noktay\u0131 \u00f6zetliyor. Di\u011fer bronz \u00f6d\u00fcl\u00fcm\u00fcz\u00fc ise \u2018\u00c7e\u015fitlilik ve Kapsay\u0131c\u0131l\u0131k\u2019 kategorisinde, \u2018Yeni Nesil G\u00fc\u00e7l\u00fc Ortakl\u0131klar: Adil, Kapsay\u0131c\u0131 ve \u00c7e\u015fitlilik Odakl\u0131 Tedarik Yoluyla S\u00fcrd\u00fcr\u00fclebilir B\u00fcy\u00fcmenin Anahtar\u0131\u2019 isimli projemizle elde ettik. Bu \u00f6d\u00fcller, Karsan olarak mobilitenin gelece\u011fini \u015fekillendirme vizyonumuzun uluslararas\u0131 arenada onayland\u0131\u011f\u0131n\u0131n g\u00fc\u00e7l\u00fc bir g\u00f6stergesi. Karsan olarak her ge\u00e7en g\u00fcn daha da iyi \u00fcr\u00fcn ve hizmetlerle d\u00fcnyan\u0131n toplu ula\u015f\u0131m altyap\u0131s\u0131n\u0131 yenilemeye, daha ya\u015fanabilir bir d\u00fcnyaya katk\u0131 sa\u011flamaya devam edece\u011fiz\u201d<\/em> diye konu\u015ftu.<\/p>\n<p>Yay\u0131na Alan: Alperen ERTA\u015e-<a href=\"http:\/\/alperen.ertas@enerjigazetesi.ist\">alperen.ertas@enerjigazetesi.ist<\/a><\/p>","protected":false},"excerpt":{"rendered":"<p>Sorry, this entry is only available in Turkish. For the sake of viewer convenience, the content is shown below in the alternative language. You may click the link to switch the active language. \u2018Mobilitenin Gelece\u011finde Bir Ad\u0131m \u00d6nde\u2019 olma vizyonu ile d\u00fcnyada toplu ula\u015f\u0131m\u0131n \u00a0d\u00f6n\u00fc\u015f\u00fcm\u00fcnde \u00f6nc\u00fc rol oynayan Karsan, i\u015f d\u00fcnyas\u0131n\u0131n \u00f6nde gelen \u00f6d\u00fcl programlar\u0131ndan [&hellip;]<\/p>\n","protected":false},"author":19,"featured_media":200048,"comment_status":"open","ping_status":"open","sticky":false,"template":"","format":"standard","meta":[],"categories":[51,53],"tags":[36151,34952],"views":15,"_links":{"self":[{"href":"https:\/\/www.enerjigazetesi.ist\/en\/wp-json\/wp\/v2\/posts\/200047"}],"collection":[{"href":"https:\/\/www.enerjigazetesi.ist\/en\/wp-json\/wp\/v2\/posts"}],"about":[{"href":"https:\/\/www.enerjigazetesi.ist\/en\/wp-json\/wp\/v2\/types\/post"}],"author":[{"embeddable":true,"href":"https:\/\/www.enerjigazetesi.ist\/en\/wp-json\/wp\/v2\/users\/19"}],"replies":[{"embeddable":true,"href":"https:\/\/www.enerjigazetesi.ist\/en\/wp-json\/wp\/v2\/comments?post=200047"}],"version-history":[{"count":0,"href":"https:\/\/www.enerjigazetesi.ist\/en\/wp-json\/wp\/v2\/posts\/200047\/revisions"}],"wp:featuredmedia":[{"embeddable":true,"href":"https:\/\/www.enerjigazetesi.ist\/en\/wp-json\/wp\/v2\/media\/200048"}],"wp:attachment":[{"href":"https:\/\/www.enerjigazetesi.ist\/en\/wp-json\/wp\/v2\/media?parent=200047"}],"wp:term":[{"taxonomy":"category","embeddable":true,"href":"https:\/\/www.enerjigazetesi.ist\/en\/wp-json\/wp\/v2\/categories?post=200047"},{"taxonomy":"post_tag","embeddable":true,"href":"https:\/\/www.enerjigazetesi.ist\/en\/wp-json\/wp\/v2\/tags?post=200047"}],"curies":[{"name":"wp","href":"https:\/\/api.w.org\/{rel}","templated":true}]}}