{"id":200017,"date":"2025-09-01T15:13:40","date_gmt":"2025-09-01T12:13:40","guid":{"rendered":"https:\/\/www.enerjigazetesi.ist\/?p=200017"},"modified":"2025-09-01T15:13:40","modified_gmt":"2025-09-01T12:13:40","slug":"cevko-ve-plasfedden-atik-yonetiminde-stratejik-is-birligi","status":"publish","type":"post","link":"https:\/\/www.enerjigazetesi.ist\/en\/cevko-ve-plasfedden-atik-yonetiminde-stratejik-is-birligi\/","title":{"rendered":"(Turkish) \u00c7EVKO ve PLASFED&#8217;den At\u0131k Y\u00f6netiminde Stratejik \u0130\u015f Birli\u011fi"},"content":{"rendered":"<p class=\"qtranxs-available-languages-message qtranxs-available-languages-message-en\">Sorry, this entry is only available in <a href=\"https:\/\/www.enerjigazetesi.ist\/tr\/wp-json\/wp\/v2\/posts\/200017\" class=\"qtranxs-available-language-link qtranxs-available-language-link-tr\" title=\"Turkish\">Turkish<\/a>. For the sake of viewer convenience, the content is shown below in the alternative language. You may click the link to switch the active language.<\/p><p><\/p>\n<h2>\u00c7evre Koruma ve Ambalaj At\u0131klar\u0131 De\u011ferlendirme Vakf\u0131 (\u00c7EVKO) ile Plastik Sanayicileri Federasyonu (PLASFED), plastik ambalaj at\u0131klar\u0131n\u0131n geri d\u00f6n\u00fc\u015f\u00fcm\u00fc konusunda stratejik bir i\u015f birli\u011fi protokol\u00fcne imza att\u0131. Bu i\u015f birli\u011fi, plastik ambalaj at\u0131klar\u0131n\u0131n s\u00fcrd\u00fcr\u00fclebilir bir sistem i\u00e7inde azalt\u0131lmas\u0131, kayna\u011f\u0131nda ayr\u0131 toplanmas\u0131 ve geri d\u00f6n\u00fc\u015ft\u00fcr\u00fclmesi i\u00e7in toplumda fark\u0131ndal\u0131k olu\u015fturmay\u0131 ama\u00e7l\u0131yor.<\/h2>\n<p><img loading=\"lazy\" class=\"aligncenter wp-image-200018 size-full\" src=\"https:\/\/www.enerjigazetesi.ist\/wp-content\/uploads\/2025\/09\/1756451925_PLASFEDIsbirligi_Gorsel3.jpg\" alt=\"\" width=\"550\" height=\"254\" srcset=\"https:\/\/www.enerjigazetesi.ist\/wp-content\/uploads\/2025\/09\/1756451925_PLASFEDIsbirligi_Gorsel3.jpg 550w, https:\/\/www.enerjigazetesi.ist\/wp-content\/uploads\/2025\/09\/1756451925_PLASFEDIsbirligi_Gorsel3-300x139.jpg 300w, https:\/\/www.enerjigazetesi.ist\/wp-content\/uploads\/2025\/09\/1756451925_PLASFEDIsbirligi_Gorsel3-500x231.jpg 500w, https:\/\/www.enerjigazetesi.ist\/wp-content\/uploads\/2025\/09\/1756451925_PLASFEDIsbirligi_Gorsel3-80x37.jpg 80w\" sizes=\"(max-width: 550px) 100vw, 550px\" \/><\/p>\n<h3><strong>Geri D\u00f6n\u00fc\u015f\u00fcm, Yaln\u0131zca \u00c7evresel De\u011fil, Ekonomik Bir Zorunluluktur<\/strong><\/h3>\n<p>\u0130mza t\u00f6reninde konu\u015fan \u00c7EVKO Vakf\u0131 Y\u00f6netim Kurulu Ba\u015fkan\u0131 Okyar Yayalar, bu i\u015f birli\u011finin \u00e7evresel sorumlulu\u011fun sanayi politikalar\u0131na entegrasyonu a\u00e7\u0131s\u0131ndan \u00f6nemli bir ad\u0131m oldu\u011funu belirtti. Yayalar, \u201c<em>Geri d\u00f6n\u00fc\u015f\u00fcm yaln\u0131zca bir \u00e7evre meselesi de\u011fil, ayn\u0131 zamanda ekonomik s\u00fcrd\u00fcr\u00fclebilirli\u011fin de temel ta\u015f\u0131d\u0131r. PLASFED ile bu y\u00f6nde at\u0131lan ad\u0131m, uzun vadede \u00fclkemiz ad\u0131na \u00f6nemli kazan\u0131mlar sa\u011flayacakt\u0131r\u201d dedi. \u00c7EVKO Vakf\u0131 Genel Sekreteri Mete \u0130mer ise yapt\u0131\u011f\u0131 de\u011ferlendirmede, \u201cBu protokol ile kamu, sanayi ve sivil toplum i\u015f birli\u011finin \u00e7evresel d\u00f6n\u00fc\u015f\u00fcmde nas\u0131l g\u00fc\u00e7l\u00fc bir etki yaratabilece\u011fini bir kez daha ortaya koyuyoruz\u201d<\/em> ifadelerini kulland\u0131.<\/p>\n<p><img loading=\"lazy\" class=\"aligncenter wp-image-200019 size-full\" src=\"https:\/\/www.enerjigazetesi.ist\/wp-content\/uploads\/2025\/09\/easdgbssfsdsdfssdfs.jpg\" alt=\"\" width=\"550\" height=\"475\" srcset=\"https:\/\/www.enerjigazetesi.ist\/wp-content\/uploads\/2025\/09\/easdgbssfsdsdfssdfs.jpg 550w, https:\/\/www.enerjigazetesi.ist\/wp-content\/uploads\/2025\/09\/easdgbssfsdsdfssdfs-300x259.jpg 300w, https:\/\/www.enerjigazetesi.ist\/wp-content\/uploads\/2025\/09\/easdgbssfsdsdfssdfs-463x400.jpg 463w, https:\/\/www.enerjigazetesi.ist\/wp-content\/uploads\/2025\/09\/easdgbssfsdsdfssdfs-58x50.jpg 58w, https:\/\/www.enerjigazetesi.ist\/wp-content\/uploads\/2025\/09\/easdgbssfsdsdfssdfs-500x432.jpg 500w\" sizes=\"(max-width: 550px) 100vw, 550px\" \/><\/p>\n<h3><strong>PLASFED ve \u00c7EVKO \u0130\u015f Birli\u011fi, Sekt\u00f6r \u0130\u00e7in Tarihi Bir Ad\u0131m<\/strong><\/h3>\n<p>PLASFED Ba\u015fkan\u0131 \u00d6mer Karadeniz, bu i\u015f birli\u011fini sekt\u00f6r i\u00e7in &#8220;tarihi bir ad\u0131m&#8221; olarak de\u011ferlendirdi. Karadeniz, \u201cUnutmamal\u0131y\u0131z ki \u00e7evre bize atalar\u0131m\u0131zdan miras kalmad\u0131, biz \u00e7evreyi \u00e7ocuklar\u0131m\u0131zdan \u00f6d\u00fcn\u00e7 ald\u0131k\u201d s\u00f6zleriyle i\u015f birli\u011finin \u00f6nemine dikkat \u00e7ekti. \u00a0T\u00fcrkiye&#8217;nin hammadde konusundaki d\u0131\u015fa ba\u011f\u0131ml\u0131l\u0131\u011f\u0131n\u0131n, geri d\u00f6n\u00fc\u015f\u00fcm\u00fcn sadece \u00e7evresel de\u011fil, ekonomik a\u00e7\u0131dan da vazge\u00e7ilmez oldu\u011funu g\u00f6sterdi\u011fini vurgulad\u0131.<\/p>\n<h3><strong>Geri D\u00f6n\u00fc\u015f\u00fcm Test ve Ara\u015ft\u0131rma Merkezi PLASFED \u00dcyelerinin Hizmetinde<\/strong><\/h3>\n<p>Protokol kapsam\u0131nda \u00c7EVKO ve PLASFED, plastik ambalaj at\u0131klar\u0131n\u0131n geri d\u00f6n\u00fc\u015f\u00fcm\u00fc hakk\u0131nda kamu otoriteleri, i\u015f d\u00fcnyas\u0131 \u00f6rg\u00fctleri ve sivil toplum kurulu\u015flar\u0131 nezdinde ortak \u00e7al\u0131\u015fmalar y\u00fcr\u00fctecek. \u00a0\u0130\u015f birli\u011finin \u00f6nemli maddelerinden biri de \u00c7EVKO Vakf\u0131 ve Y\u0131ld\u0131z Teknik \u00dcniversitesi i\u015f birli\u011finde kurulan Geri Kazan\u0131m Test ve Ara\u015ft\u0131rma Merkezi (GETAM)\u2019\u0131n PLASFED \u00fcyelerine tan\u0131t\u0131lmas\u0131 ve \u00fcyelerin bu merkezden yararlanmas\u0131n\u0131n sa\u011flanmas\u0131d\u0131r. Bu \u00e7al\u0131\u015fmalarla, sanayide \u00e7evre bilincinin daha da derinle\u015ftirilmesi ve s\u00fcrd\u00fcr\u00fclebilir kalk\u0131nma yolunda \u00f6nemli bir d\u00f6n\u00fcm noktas\u0131 olu\u015fturulmas\u0131 hedefleniyor.<\/p>\n<p>Yay\u0131na Alan: Alperen ERTA\u015e-<a href=\"http:\/\/alperen.ertas@enerjigazetesi.ist\">alperen.ertas@enerjigazetesi.ist<\/a><\/p>","protected":false},"excerpt":{"rendered":"<p>Sorry, this entry is only available in Turkish. For the sake of viewer convenience, the content is shown below in the alternative language. You may click the link to switch the active language. \u00c7evre Koruma ve Ambalaj At\u0131klar\u0131 De\u011ferlendirme Vakf\u0131 (\u00c7EVKO) ile Plastik Sanayicileri Federasyonu (PLASFED), plastik ambalaj at\u0131klar\u0131n\u0131n geri d\u00f6n\u00fc\u015f\u00fcm\u00fc konusunda stratejik bir i\u015f [&hellip;]<\/p>\n","protected":false},"author":19,"featured_media":200018,"comment_status":"open","ping_status":"open","sticky":false,"template":"","format":"standard","meta":[],"categories":[53],"tags":[73243,99281],"views":18,"_links":{"self":[{"href":"https:\/\/www.enerjigazetesi.ist\/en\/wp-json\/wp\/v2\/posts\/200017"}],"collection":[{"href":"https:\/\/www.enerjigazetesi.ist\/en\/wp-json\/wp\/v2\/posts"}],"about":[{"href":"https:\/\/www.enerjigazetesi.ist\/en\/wp-json\/wp\/v2\/types\/post"}],"author":[{"embeddable":true,"href":"https:\/\/www.enerjigazetesi.ist\/en\/wp-json\/wp\/v2\/users\/19"}],"replies":[{"embeddable":true,"href":"https:\/\/www.enerjigazetesi.ist\/en\/wp-json\/wp\/v2\/comments?post=200017"}],"version-history":[{"count":0,"href":"https:\/\/www.enerjigazetesi.ist\/en\/wp-json\/wp\/v2\/posts\/200017\/revisions"}],"wp:featuredmedia":[{"embeddable":true,"href":"https:\/\/www.enerjigazetesi.ist\/en\/wp-json\/wp\/v2\/media\/200018"}],"wp:attachment":[{"href":"https:\/\/www.enerjigazetesi.ist\/en\/wp-json\/wp\/v2\/media?parent=200017"}],"wp:term":[{"taxonomy":"category","embeddable":true,"href":"https:\/\/www.enerjigazetesi.ist\/en\/wp-json\/wp\/v2\/categories?post=200017"},{"taxonomy":"post_tag","embeddable":true,"href":"https:\/\/www.enerjigazetesi.ist\/en\/wp-json\/wp\/v2\/tags?post=200017"}],"curies":[{"name":"wp","href":"https:\/\/api.w.org\/{rel}","templated":true}]}}